{"id":4739,"date":"2014-08-15T10:32:07","date_gmt":"2014-08-15T10:32:07","guid":{"rendered":"http:\/\/wp.leiklist.is\/?p=4739"},"modified":"2014-08-15T10:32:07","modified_gmt":"2014-08-15T10:32:07","slug":"landslieie-a-linu","status":"publish","type":"post","link":"https:\/\/leiklist.is\/en\/landslieie-a-linu\/","title":{"rendered":"Landsli\u00f0i\u00f0 \u00e1 l\u00ednu"},"content":{"rendered":"<p>Verki\u00f0 <em>Landsli\u00f0i\u00f0 \u00e1 l\u00ednu<\/em>, sem veri\u00f0 er a\u00f0 s\u00fdna \u00ed Tjarnarb\u00ed\u00f3i, er skrifa\u00f0 og leiki\u00f0 af Arnari Dan Kristj\u00e1nssyni og fjallar um ungan dreng sem r\u00e6\u00f0ur sig \u00e1 um bor\u00f0 \u00e1 l\u00ednub\u00e1t \u00ed von um a\u00f0  geta fyllt vasa s\u00edna af peningum en lendir \u00ed hr\u00f6mmunum \u00e1 \u00e1h\u00f6fn sem  tekur meira en nokkrir peningar geta f\u00e6rt. Vi\u00f0 fylgjumst me\u00f0 fer\u00f0alagi  drengsins fr\u00e1 trausti til tilfinningalegs ni\u00f0urrifs og lokunar.<\/p>\n<p>T\u00f3nlistin \u00ed verkinu er frumsamin af B\u00e1ru G\u00edslad\u00f3ttur og spilu\u00f0 \u00e1 kontrabassa.<\/p>\n<p \/>  <!--more-->  <\/p>\n<p>Leikari<br \/>Arnar Dan Kristj\u00e1nsson<\/p>\n<p>H\u00f6fundur<br \/>Arnar Dan Kristj\u00e1nsson<\/p>\n<p>T\u00f3nlist<br \/>B\u00e1ra G\u00edslad\u00f3ttir<\/p>\n<p>Lj\u00f3sah\u00f6nnun<br \/>Arnar Dan Kristj\u00e1nsson og Kristinn \u00c1g\u00fastsson<\/p>\n<p>Graf\u00edsk h\u00f6nnun<br \/>Einar Bragi R\u00f6gnvaldsson og Sigr\u00ed\u00f0ur Soff\u00eda Hafli\u00f0ad\u00f3ttir<\/p>\n<p>N\u00e6stu s\u00fdningar eru \u00ed Tjarnarb\u00ed\u00f3i 16. og 17. \u00e1g\u00fast kl. 20.00<\/p>\n<p>Mi\u00f0asala Tjarnarb\u00ed\u00f3 er til h\u00fasa \u00ed  Tjarnarg\u00f6tu 12. \u00deegar &#8222;gamla&#8220; l\u00fagumi\u00f0asalan (til vinstri \u00feegar gengi\u00f0 er  inn) er ekki opin, eru mi\u00f0ar afgreiddir \u00e1 kaffih\u00fasinu.<\/p>\n<p>Netfang: <a href=\"mailto:midasala@tjarnarbio.is\">midasala@tjarnarbio.is<\/a><\/p>\n<p>S\u00edmi: 527-2100<\/p>\n<p>Svara\u00f0 er \u00ed s\u00edma mi\u00f0as\u00f6lu Tjarnarb\u00ed\u00f3s <strong>alla virka daga milli kl. 15:00 og 18:00<\/strong>, auk tveggja klukkustunda fyrir vi\u00f0bur\u00f0i.<\/p>","protected":false},"excerpt":{"rendered":"<p>Verki\u00f0 Landsli\u00f0i\u00f0 \u00e1 l\u00ednu, sem veri\u00f0 er a\u00f0 s\u00fdna \u00ed Tjarnarb\u00ed\u00f3i, er skrifa\u00f0 og leiki\u00f0 af Arnari Dan Kristj\u00e1nssyni og fjallar um ungan dreng sem r\u00e6\u00f0ur sig \u00e1 um bor\u00f0 \u00e1 l\u00ednub\u00e1t \u00ed von um a\u00f0 geta fyllt vasa s\u00edna af peningum en lendir \u00ed hr\u00f6mmunum \u00e1 \u00e1h\u00f6fn sem tekur meira en nokkrir peningar geta [&hellip;]<\/p>\n","protected":false},"author":3,"featured_media":4738,"comment_status":"open","ping_status":"open","sticky":false,"template":"","format":"standard","meta":{"_et_pb_use_builder":"","_et_pb_old_content":"","_et_gb_content_width":"","footnotes":""},"categories":[187],"tags":[],"class_list":["post-4739","post","type-post","status-publish","format-standard","has-post-thumbnail","hentry","category-allar-frir","et-has-post-format-content","et_post_format-et-post-format-standard"],"_links":{"self":[{"href":"https:\/\/leiklist.is\/en\/wp-json\/wp\/v2\/posts\/4739","targetHints":{"allow":["GET"]}}],"collection":[{"href":"https:\/\/leiklist.is\/en\/wp-json\/wp\/v2\/posts"}],"about":[{"href":"https:\/\/leiklist.is\/en\/wp-json\/wp\/v2\/types\/post"}],"author":[{"embeddable":true,"href":"https:\/\/leiklist.is\/en\/wp-json\/wp\/v2\/users\/3"}],"replies":[{"embeddable":true,"href":"https:\/\/leiklist.is\/en\/wp-json\/wp\/v2\/comments?post=4739"}],"version-history":[{"count":0,"href":"https:\/\/leiklist.is\/en\/wp-json\/wp\/v2\/posts\/4739\/revisions"}],"wp:featuredmedia":[{"embeddable":true,"href":"https:\/\/leiklist.is\/en\/wp-json\/wp\/v2\/media\/4738"}],"wp:attachment":[{"href":"https:\/\/leiklist.is\/en\/wp-json\/wp\/v2\/media?parent=4739"}],"wp:term":[{"taxonomy":"category","embeddable":true,"href":"https:\/\/leiklist.is\/en\/wp-json\/wp\/v2\/categories?post=4739"},{"taxonomy":"post_tag","embeddable":true,"href":"https:\/\/leiklist.is\/en\/wp-json\/wp\/v2\/tags?post=4739"}],"curies":[{"name":"wp","href":"https:\/\/api.w.org\/{rel}","templated":true}]}}