{"id":4640,"date":"2014-05-02T11:59:30","date_gmt":"2014-05-02T11:59:30","guid":{"rendered":"http:\/\/wp.leiklist.is\/?p=4640"},"modified":"2020-03-01T23:13:17","modified_gmt":"2020-03-01T23:13:17","slug":"vara-vikunnar-i-leikhusbue-bandalagsins-6","status":"publish","type":"post","link":"https:\/\/leiklist.is\/en\/vara-vikunnar-i-leikhusbue-bandalagsins-6\/","title":{"rendered":"Vara vikunnar \u00ed Leikh\u00fasb\u00fa\u00f0 Bandalagsins"},"content":{"rendered":"<p><em>UV-Dayglow Compact Color<\/em> fr\u00e1 Kryolan eru kremkendir vatnslitir. Litirnir eru sk\u00e6rir og sterkir og h\u00e6gt a\u00f0 n\u00e1 fram flottum \u00e1hrifum \u00ed venjulegri l\u00fdsingu en \u00feegar nota\u00f0 er svokalla\u00f0 black light hverfur allt nema \u00fea\u00f0 sem m\u00e1la\u00f0 er me\u00f0 \u00feessum \u00f3tr\u00falegu litum.<br \/>\nLitirnir f\u00e1st \u00ed 8 lita palettu, ver\u00f0i\u00f0 er kr. 10.500. Einnig er h\u00e6gt a\u00f0 kaupa staka liti \u00ed 15 ml. d\u00f3sum \u00e1 kr. 1.750. F\u00e1st \u00ed rau\u00f0u, orange, gr\u00e6nu, gulu og bl\u00e1u.<\/p>\n<p><em>Leikh\u00fasb\u00fai\u00f0n er vi\u00f0 Kleppsm\u00fdrarveg 8, 104 Reykjav\u00edk og er opin alla virka daga fr\u00e1 9-13 og sendir hvert \u00e1 land sem er. Panta\u00f0u \u00ed s\u00edma 5516974 e\u00f0a me\u00f0 t\u00f6lvup\u00f3sti \u00ed netfangi\u00f0 <a href=\"mailto:info@leiklist.is\">info@leiklist.is<\/a><\/em><\/p>\n<p><!--more--><\/p>\n<p>Litirnir eru bornir \u00e1 me\u00f0 r\u00f6kum svampi e\u00f0a pensli og n\u00e1st au\u00f0veldlega af me\u00f0 vatni og s\u00e1pu.<\/p>\n<p><img loading=\"lazy\" decoding=\"async\" class=\"alignleft size-full wp-image-4638\" style=\"margin: 12px; float: left;\" src=\"https:\/\/leiklist.is\/wp-content\/uploads\/2014\/05\/BIL_Verslun_Vara_vikunnar_UV_Dayglow_uv_fordun.jpg\" alt=\"uv_fordun\" width=\"145\" height=\"200\" \/><img loading=\"lazy\" decoding=\"async\" class=\"alignright size-full wp-image-4639\" style=\"margin: 12px; float: right;\" src=\"https:\/\/leiklist.is\/wp-content\/uploads\/2014\/05\/BIL_Verslun_Vara_vikunnar_UV_Dayglow_uv_fordun2.jpg\" alt=\"uv_fordun2\" width=\"157\" height=\"200\" \/><em>L\u00fdsing framlei\u00f0anda \u00e1 v\u00f6runni:<\/em><br \/>\nAquacolor UV-Dayglow is a fat-free water color. With a pigment content of ca. 50%. Aquacolor UV-Dayglow is specially color intensive and glows already under normal light conditions. It is universally applicable, for example, clothing, shoes, for baldness effects and masks to achieve special lighting effects under black light. Application is effortless, with an only slightly moistened make-up sponge or brush. After drying, it can be gently buffed with a soft towel. Setting Spray is recommended if the make-up will be subjected\u00a0 to extreme conditions. Aquacolor is extensively smudge-proof and can be easily removed with soap and water.<\/p>\n<p>These used special fluorescent pigments are intended for special effects and are not colors in the sense of the German and European Regulation of the European Parliament and of the Council. These products are not intended for cosmetic use, but have been successfully tested in a university hospital for their safety.<\/p>","protected":false},"excerpt":{"rendered":"<p>UV-Dayglow Compact Color fr\u00e1 Kryolan eru kremkendir vatnslitir. Litirnir eru sk\u00e6rir og sterkir og h\u00e6gt a\u00f0 n\u00e1 fram flottum \u00e1hrifum \u00ed venjulegri l\u00fdsingu en \u00feegar nota\u00f0 er svokalla\u00f0 black light hverfur allt nema \u00fea\u00f0 sem m\u00e1la\u00f0 er me\u00f0 \u00feessum \u00f3tr\u00falegu litum. Litirnir f\u00e1st \u00ed 8 lita palettu, ver\u00f0i\u00f0 er kr. 10.500. Einnig er h\u00e6gt a\u00f0 [&hellip;]<\/p>\n","protected":false},"author":3,"featured_media":0,"comment_status":"open","ping_status":"open","sticky":false,"template":"","format":"standard","meta":{"_et_pb_use_builder":"","_et_pb_old_content":"","_et_gb_content_width":"","footnotes":""},"categories":[228],"tags":[],"class_list":["post-4640","post","type-post","status-publish","format-standard","hentry","category-leikhusbudin","et-doesnt-have-format-content","et_post_format-et-post-format-standard"],"_links":{"self":[{"href":"https:\/\/leiklist.is\/en\/wp-json\/wp\/v2\/posts\/4640","targetHints":{"allow":["GET"]}}],"collection":[{"href":"https:\/\/leiklist.is\/en\/wp-json\/wp\/v2\/posts"}],"about":[{"href":"https:\/\/leiklist.is\/en\/wp-json\/wp\/v2\/types\/post"}],"author":[{"embeddable":true,"href":"https:\/\/leiklist.is\/en\/wp-json\/wp\/v2\/users\/3"}],"replies":[{"embeddable":true,"href":"https:\/\/leiklist.is\/en\/wp-json\/wp\/v2\/comments?post=4640"}],"version-history":[{"count":0,"href":"https:\/\/leiklist.is\/en\/wp-json\/wp\/v2\/posts\/4640\/revisions"}],"wp:attachment":[{"href":"https:\/\/leiklist.is\/en\/wp-json\/wp\/v2\/media?parent=4640"}],"wp:term":[{"taxonomy":"category","embeddable":true,"href":"https:\/\/leiklist.is\/en\/wp-json\/wp\/v2\/categories?post=4640"},{"taxonomy":"post_tag","embeddable":true,"href":"https:\/\/leiklist.is\/en\/wp-json\/wp\/v2\/tags?post=4640"}],"curies":[{"name":"wp","href":"https:\/\/api.w.org\/{rel}","templated":true}]}}