{"id":4632,"date":"2014-04-28T11:56:44","date_gmt":"2014-04-28T11:56:44","guid":{"rendered":"http:\/\/wp.leiklist.is\/?p=4632"},"modified":"2014-04-28T11:56:44","modified_gmt":"2014-04-28T11:56:44","slug":"skvaldur-i-egilsbue","status":"publish","type":"post","link":"https:\/\/leiklist.is\/en\/skvaldur-i-egilsbue\/","title":{"rendered":"Skvaldur \u00ed Egilsb\u00fa\u00f0"},"content":{"rendered":"<p>\u00deann 1. ma\u00ed n.k. frums\u00fdnir Leikf\u00e9lag Nor\u00f0fjar\u00f0ar gamanleikinn Skvaldur eftir Michael Frayn \u00ed \u00fe\u00fd\u00f0ingu \u00c1rna Ibsen \u00ed Egilsb\u00fa\u00f0, Neskaupsta\u00f0. Leikh\u00f3purinn, sem samanstendur af f\u00f3lki \u00e1 \u00f6llum aldri fr\u00e1 14 \u00e1ra til t\u00e6plega fimmtugs, hefur unni\u00f0 h\u00f6r\u00f0um h\u00f6ndum undanfarnar vikur a\u00f0 uppsetningunni. Me\u00f0al annars hefur veri\u00f0 bygg\u00f0 gl\u00e6sileg tveggja h\u00e6\u00f0a leikmynd \u00e1 svi\u00f0inu \u00ed Egilsb\u00fa\u00f0.<\/p>\n<p>Leikriti\u00f0 Skvaldur var s\u00fdnt vi\u00f0 g\u00f3\u00f0ar undirtektir \u00ed \u00dej\u00f3\u00f0leikh\u00fasinu fyrir allm\u00f6rgum \u00e1rum og hefur s\u00ed\u00f0an reglulega veri\u00f0 sett upp v\u00ed\u00f0s vegar um landi\u00f0.<\/p>\n<p>  <!--more-->  <\/p>\n<p>Skvaldur er sprellfj\u00f6gur gle\u00f0ileikur sem gerist \u00ed leikh\u00fasi, \u00fear sem \u00e1horfendur ver\u00f0a vitni a\u00f0 \u00e1t\u00f6kum innan leikh\u00f3psins sem er a\u00f0 setja upp breska svefnherbergisfarsann \u201eAllslaus\u201c. \u00c1horfendur f\u00e1 \u00fev\u00ed b\u00e6\u00f0i a\u00f0 g\u00e6gjast inn \u00ed l\u00edf leikarana en einnig a\u00f0 fylgjast me\u00f0 farsanum.<\/p>\n<p>Leikstj\u00f3ri s\u00fdningarinnar er Brynd\u00eds \u00d3sk Ingvarsd\u00f3ttir. En leikarar eru Arnar L\u00e1rus Barldursson, Erna Bjarklind J\u00f3nsd\u00f3ttir, Tristan Theod\u00f3rsson, J\u00f3hanna Fanney Hj\u00e1lmarsd\u00f3ttir Weldingh, Brynjar \u00d6rn R\u00fanarsson, Gu\u00f0r\u00fan \u00c1sgeirsd\u00f3ttir, \u00de\u00f3rfr\u00ed\u00f0ur Soff\u00eda \u00de\u00f3rarinsd\u00f3ttir, Eyr\u00fan S\u00f3l Einarsd\u00f3ttir og Pjetur St. Arason.<\/p>\n<p>Leikf\u00e9lag Norfjar\u00f0ar var endurreist fyrir r\u00e9ttu \u00e1ri s\u00ed\u00f0an en \u00fe\u00e1 var s\u00fdnt barnaleikriti\u00f0 Allt \u00ed Plati. \u00dea\u00f0 m\u00e1 segja a\u00f0 leikh\u00fasl\u00edfi\u00f0 \u00ed Neskaupsta\u00f0 hafi veri\u00f0 mj\u00f6g fj\u00f6rugt undanfarinn vetur; 9. bekkur Nessk\u00f3la rei\u00f0 \u00e1 va\u00f0i\u00f0 me\u00f0 s\u00fdningu \u00e1 \u201eMe\u00f0 allt \u00e1 hreinu\u201c \u00fe\u00e1 s\u00fdndi Dj\u00fapi\u00f0, leikf\u00e9lag Verkmenntask\u00f3lans \u201eLitlu hryllingsb\u00fa\u00f0ina\u201c og n\u00fa er komi\u00f0 a\u00f0 Leikf\u00e9lagi Nor\u00f0fjar\u00f0ar me\u00f0 gamanleikinn \u201eSkvaldur\u201d<\/p>\n<p>Skvaldur ver\u00f0ur frums\u00fdnt \u00feann 1. ma\u00ed en a\u00f0rar s\u00fdningar \u00e1 verkinu ver\u00f0a, f\u00f6studaginn 2. ma\u00ed, f\u00f6studaginn 9. ma\u00ed, sunnudaginn 11. ma\u00ed og m\u00e1nudaginn 12. ma\u00ed.<\/p>\n<p>N\u00e1nari uppl\u00fdsingar:<br \/>\u00de\u00f3rfr\u00ed\u00f0ur Soff\u00eda \u00de\u00f3rarinsd\u00f3ttir, forma\u00f0ur Leikf\u00e9lags Nor\u00f0fjar\u00f0ar s.\u00a0 868 6966<br \/>Brynd\u00eds \u00d3sk Ingvarsd\u00f3ttir, leikstj\u00f3ri s. 692 0350<\/p>","protected":false},"excerpt":{"rendered":"<p>\u00deann 1. ma\u00ed n.k. frums\u00fdnir Leikf\u00e9lag Nor\u00f0fjar\u00f0ar gamanleikinn Skvaldur eftir Michael Frayn \u00ed \u00fe\u00fd\u00f0ingu \u00c1rna Ibsen \u00ed Egilsb\u00fa\u00f0, Neskaupsta\u00f0. Leikh\u00f3purinn, sem samanstendur af f\u00f3lki \u00e1 \u00f6llum aldri fr\u00e1 14 \u00e1ra til t\u00e6plega fimmtugs, hefur unni\u00f0 h\u00f6r\u00f0um h\u00f6ndum undanfarnar vikur a\u00f0 uppsetningunni. Me\u00f0al annars hefur veri\u00f0 bygg\u00f0 gl\u00e6sileg tveggja h\u00e6\u00f0a leikmynd \u00e1 svi\u00f0inu \u00ed Egilsb\u00fa\u00f0. Leikriti\u00f0 [&hellip;]<\/p>\n","protected":false},"author":3,"featured_media":4631,"comment_status":"open","ping_status":"open","sticky":false,"template":"","format":"standard","meta":{"_et_pb_use_builder":"","_et_pb_old_content":"","_et_gb_content_width":"","footnotes":""},"categories":[187],"tags":[],"class_list":["post-4632","post","type-post","status-publish","format-standard","has-post-thumbnail","hentry","category-allar-frir","et-has-post-format-content","et_post_format-et-post-format-standard"],"_links":{"self":[{"href":"https:\/\/leiklist.is\/en\/wp-json\/wp\/v2\/posts\/4632","targetHints":{"allow":["GET"]}}],"collection":[{"href":"https:\/\/leiklist.is\/en\/wp-json\/wp\/v2\/posts"}],"about":[{"href":"https:\/\/leiklist.is\/en\/wp-json\/wp\/v2\/types\/post"}],"author":[{"embeddable":true,"href":"https:\/\/leiklist.is\/en\/wp-json\/wp\/v2\/users\/3"}],"replies":[{"embeddable":true,"href":"https:\/\/leiklist.is\/en\/wp-json\/wp\/v2\/comments?post=4632"}],"version-history":[{"count":0,"href":"https:\/\/leiklist.is\/en\/wp-json\/wp\/v2\/posts\/4632\/revisions"}],"wp:featuredmedia":[{"embeddable":true,"href":"https:\/\/leiklist.is\/en\/wp-json\/wp\/v2\/media\/4631"}],"wp:attachment":[{"href":"https:\/\/leiklist.is\/en\/wp-json\/wp\/v2\/media?parent=4632"}],"wp:term":[{"taxonomy":"category","embeddable":true,"href":"https:\/\/leiklist.is\/en\/wp-json\/wp\/v2\/categories?post=4632"},{"taxonomy":"post_tag","embeddable":true,"href":"https:\/\/leiklist.is\/en\/wp-json\/wp\/v2\/tags?post=4632"}],"curies":[{"name":"wp","href":"https:\/\/api.w.org\/{rel}","templated":true}]}}