{"id":459,"date":"2005-12-08T11:14:36","date_gmt":"2005-12-08T11:14:36","guid":{"rendered":"http:\/\/wp.leiklist.is\/?p=459"},"modified":"2005-12-08T11:14:36","modified_gmt":"2005-12-08T11:14:36","slug":"90-19-desember","status":"publish","type":"post","link":"https:\/\/leiklist.is\/en\/90-19-desember\/","title":{"rendered":"90 \u00e1ra 19. desember"},"content":{"rendered":"<p><img loading=\"lazy\" decoding=\"async\" src=\"http:\/\/www.leiklist.is\/10\/images\/stories\/Folk\/Ymsir\/piaf1.jpg\" width=\"140\" height=\"105\" style=\"float: right;\" hspace=\"6\" alt=\"Image\" title=\"Image\" border=\"0\" \/>Edith Piaf, ein fr&aelig;gasta s&ouml;ngkona heims, hef&eth;i or&eth;i&eth; 90 \u00e1ra g&ouml;mul 19. desember nk. Af &thorn;v\u00ed tilefni ver&eth;ur flutt \u00ed &THORN;j\u00f3&eth;leikh\u00fasinu s&ouml;ngdagskr\u00e1 um Edith Piaf \u00far samnefndri s\u00fdningu leikh\u00fassins. <br \/> <!--more--> Dagskr\u00e1in hefst kl. 21:00. &THORN;a&eth; er Brynhildur Gu&eth;j\u00f3nsd\u00f3ttir sem er \u00ed hlutverki Edith Piaf. Brynhildur &quot;Piaf&quot; Gu&eth;j\u00f3nsd\u00f3ttir hefur heilla&eth; landann me&eth; t\u00falkun sinni \u00e1 Edith Piaf, einhverri \u00f3gleymanlegustu r&ouml;dd s\u00ed&eth;ustu aldar, en fyrir hana hlaut Brynhildur Gr\u00edmuna &#8211; \u00cdslensku leiklistarver&eth;launin sem besta leikkona \u00ed a&eth;alhlutverki. <\/p>\n<p> S\u00fdning &THORN;j\u00f3&eth;leikh\u00fassins \u00e1 Edith Piaf eftir Sigur&eth; P\u00e1lsson hefur gengi&eth; fyrir fullu h\u00fasi \u00ed yfir 90 skipti og vir&eth;ist ekkert l\u00e1t \u00e1 vins&aelig;ldum hennar. Piaf var go&eth;s&ouml;gn \u00ed lifanda l\u00edfi. L\u00edfshlaup hennar var einstakt; h\u00fan \u00f3lst upp me&eth;al v&aelig;ndiskvenna og b\u00f3fa \u00ed skuggahverfum Par\u00edsarborgar en me&eth; r&ouml;dd sinni og einstakri t\u00falkun komst h\u00fan upp \u00e1 svi&eth; helstu hlj\u00f3mleikah\u00fasa heims. Vi&eth; kynnumst konu sem aldrei afneita&eth;i neinu og allra s\u00edst fort\u00ed&eth; sinni og uppruna, hva&eth; &thorn;\u00e1 \u00e1starsamb&ouml;ndum s\u00ednum. <\/p>\n<p> Flytjendur auk Brynhildar ver&eth;a leikarinn Baldur Trausti Hreinsson og t\u00f3nlistarmennirnir J\u00f3hann G. J\u00f3hannsson \u00e1 p\u00edan\u00f3, Birgir Bragason \u00e1 kontrabassa, Hj&ouml;rleifur Valsson \u00e1 fi&eth;lu, J\u00f3el P\u00e1lsson \u00e1 ten\u00f3rsax\u00f3f\u00f3n og klarinett og Tatu Kantomaa \u00e1 harm\u00f3nikku. <\/p>\n<p> S&ouml;ngdagskr\u00e1in hefur veri&eth; flutt \u00e1&eth;ur \u00e1 Egilsst&ouml;&eth;um og Akureyri og hloti&eth; fr\u00e1b&aelig;rar vi&eth;t&ouml;kur. <\/p>\n<p> Dagskr\u00e1in ver&eth;ur sem fyrr segir m\u00e1nudaginn 19. desember kl. 21:00 \u00e1 St\u00f3ra svi&eth;inu.<\/p>","protected":false},"excerpt":{"rendered":"<p>Edith Piaf, ein fr&aelig;gasta s&ouml;ngkona heims, hef&eth;i or&eth;i&eth; 90 \u00e1ra g&ouml;mul 19. desember nk. Af &thorn;v\u00ed tilefni ver&eth;ur flutt \u00ed &THORN;j\u00f3&eth;leikh\u00fasinu s&ouml;ngdagskr\u00e1 um Edith Piaf \u00far samnefndri s\u00fdningu leikh\u00fassins.<\/p>","protected":false},"author":3,"featured_media":0,"comment_status":"open","ping_status":"open","sticky":false,"template":"","format":"standard","meta":{"_et_pb_use_builder":"","_et_pb_old_content":"","_et_gb_content_width":"","footnotes":""},"categories":[187],"tags":[],"class_list":["post-459","post","type-post","status-publish","format-standard","hentry","category-allar-frir","et-doesnt-have-format-content","et_post_format-et-post-format-standard"],"_links":{"self":[{"href":"https:\/\/leiklist.is\/en\/wp-json\/wp\/v2\/posts\/459","targetHints":{"allow":["GET"]}}],"collection":[{"href":"https:\/\/leiklist.is\/en\/wp-json\/wp\/v2\/posts"}],"about":[{"href":"https:\/\/leiklist.is\/en\/wp-json\/wp\/v2\/types\/post"}],"author":[{"embeddable":true,"href":"https:\/\/leiklist.is\/en\/wp-json\/wp\/v2\/users\/3"}],"replies":[{"embeddable":true,"href":"https:\/\/leiklist.is\/en\/wp-json\/wp\/v2\/comments?post=459"}],"version-history":[{"count":0,"href":"https:\/\/leiklist.is\/en\/wp-json\/wp\/v2\/posts\/459\/revisions"}],"wp:attachment":[{"href":"https:\/\/leiklist.is\/en\/wp-json\/wp\/v2\/media?parent=459"}],"wp:term":[{"taxonomy":"category","embeddable":true,"href":"https:\/\/leiklist.is\/en\/wp-json\/wp\/v2\/categories?post=459"},{"taxonomy":"post_tag","embeddable":true,"href":"https:\/\/leiklist.is\/en\/wp-json\/wp\/v2\/tags?post=459"}],"curies":[{"name":"wp","href":"https:\/\/api.w.org\/{rel}","templated":true}]}}