{"id":4570,"date":"2014-04-03T10:14:19","date_gmt":"2014-04-03T10:14:19","guid":{"rendered":"http:\/\/wp.leiklist.is\/?p=4570"},"modified":"2014-04-03T10:14:19","modified_gmt":"2014-04-03T10:14:19","slug":"vorie-vaknar-hja-lma","status":"publish","type":"post","link":"https:\/\/leiklist.is\/en\/vorie-vaknar-hja-lma\/","title":{"rendered":"Vori\u00f0 vaknar hj\u00e1 L.M.A."},"content":{"rendered":"<p>Leikf\u00e9lag menntask\u00f3lans \u00e1 Akureyri frums\u00fdninr rokks\u00f6ngleikinn Vori\u00f0 Vaknar eftir Duncan Shaeik og Steven Sater. S\u00f6ngleikurinn er bygg\u00f0ur \u00e1 leikritinu Vori\u00f0 Vaknar eftir Frank Wadekind fr\u00e1\u00e1rinu 1891. Au\u00f0r\u00fan A\u00f0alsteinsd\u00f3ttir og Emil\u00eda Baldursd\u00f3ttir \u00fe\u00fdddu verki\u00f0 og leikstj\u00f3ri er J\u00f3n Gunnar.<\/p>\n<p>\u00a0<\/p>\n<p>  <!--more-->  <\/p>\n<p>\u00a0<\/p>\n<p>\u00cd s\u00f6ngleiknum eru tuttugu l\u00f6g, k\u00f3ratri\u00f0i og st\u00f3r dansatri\u00f0i. 12 manna hlj\u00f3msveit er \u00e1 svi\u00f0inu og alls taka yfir 60 manns \u00fe\u00e1tt \u00ed s\u00fdningunni.<br \/>Verki\u00f0 fjallar um unglinga sem eru a\u00f0 uppg\u00f6tva kynfer\u00f0i sitt og \u00ed senn a\u00f0 reyna f\u00f3ta sig \u00ed heimi fullor\u00f0inna seint \u00e1 19. \u00f6ld. \u00cd leikritinu er fjalla\u00f0 um \u00fdmis m\u00e1lefni sem \u00fe\u00f3tti erfitt a\u00f0 r\u00e6\u00f0a um \u00e1 s\u00ednum t\u00edma; kynl\u00edf, samkynhneig\u00f0, misnotkun og k\u00fagun. Margt af \u00feessu er jafnvel enn tab\u00fa \u00ed dag.<\/p>\n<p>S\u00f6ngleikurinn var frums\u00fdndur \u00e1ri\u00f0 2006 \u00e1 Broadway og vann \u00fea\u00f0 \u00e1r 8 Tony ver\u00f0laun, \u00fear \u00e1 me\u00f0al besti s\u00f6ngleikurinn og platan f\u00e9kk einnig Grammy ver\u00f0laun \u00fea\u00f0 \u00e1ri\u00f0. S\u00f6ngleikurinn hefur fari\u00f0 sigurf\u00f6r um heiminn en hefur ekki \u00e1\u00f0ur veri\u00f0 s\u00fdndur \u00e1 \u00cdslandi.<\/p>\n<p>S\u00fdningin er s\u00fdnd \u00ed Samkomuh\u00fasinu \u00e1 Akureyri \u00e1 fimmtudag, f\u00f6studag og sunnudag klukkan 20.00 og mi\u00f0aver\u00f0 er a\u00f0eins 2500 kr.<\/p>\n<p>Mi\u00f0asala er \u00e1 midi.is og hj\u00e1 Leikf\u00e9lagi Akureyrar \u00ed s\u00edma 4600200<\/p>","protected":false},"excerpt":{"rendered":"<p>Leikf\u00e9lag menntask\u00f3lans \u00e1 Akureyri frums\u00fdninr rokks\u00f6ngleikinn Vori\u00f0 Vaknar eftir Duncan Shaeik og Steven Sater. S\u00f6ngleikurinn er bygg\u00f0ur \u00e1 leikritinu Vori\u00f0 Vaknar eftir Frank Wadekind fr\u00e1\u00e1rinu 1891. Au\u00f0r\u00fan A\u00f0alsteinsd\u00f3ttir og Emil\u00eda Baldursd\u00f3ttir \u00fe\u00fdddu verki\u00f0 og leikstj\u00f3ri er J\u00f3n Gunnar. \u00a0<\/p>","protected":false},"author":3,"featured_media":4569,"comment_status":"open","ping_status":"open","sticky":false,"template":"","format":"standard","meta":{"_et_pb_use_builder":"","_et_pb_old_content":"","_et_gb_content_width":"","footnotes":""},"categories":[187],"tags":[],"class_list":["post-4570","post","type-post","status-publish","format-standard","has-post-thumbnail","hentry","category-allar-frir","et-has-post-format-content","et_post_format-et-post-format-standard"],"_links":{"self":[{"href":"https:\/\/leiklist.is\/en\/wp-json\/wp\/v2\/posts\/4570","targetHints":{"allow":["GET"]}}],"collection":[{"href":"https:\/\/leiklist.is\/en\/wp-json\/wp\/v2\/posts"}],"about":[{"href":"https:\/\/leiklist.is\/en\/wp-json\/wp\/v2\/types\/post"}],"author":[{"embeddable":true,"href":"https:\/\/leiklist.is\/en\/wp-json\/wp\/v2\/users\/3"}],"replies":[{"embeddable":true,"href":"https:\/\/leiklist.is\/en\/wp-json\/wp\/v2\/comments?post=4570"}],"version-history":[{"count":0,"href":"https:\/\/leiklist.is\/en\/wp-json\/wp\/v2\/posts\/4570\/revisions"}],"wp:featuredmedia":[{"embeddable":true,"href":"https:\/\/leiklist.is\/en\/wp-json\/wp\/v2\/media\/4569"}],"wp:attachment":[{"href":"https:\/\/leiklist.is\/en\/wp-json\/wp\/v2\/media?parent=4570"}],"wp:term":[{"taxonomy":"category","embeddable":true,"href":"https:\/\/leiklist.is\/en\/wp-json\/wp\/v2\/categories?post=4570"},{"taxonomy":"post_tag","embeddable":true,"href":"https:\/\/leiklist.is\/en\/wp-json\/wp\/v2\/tags?post=4570"}],"curies":[{"name":"wp","href":"https:\/\/api.w.org\/{rel}","templated":true}]}}