{"id":4552,"date":"2014-03-28T09:24:45","date_gmt":"2014-03-28T09:24:45","guid":{"rendered":"http:\/\/wp.leiklist.is\/?p=4552"},"modified":"2014-03-28T09:24:45","modified_gmt":"2014-03-28T09:24:45","slug":"i-beinni-a-breieumyri","status":"publish","type":"post","link":"https:\/\/leiklist.is\/en\/i-beinni-a-breieumyri\/","title":{"rendered":"\u00cd beinni \u00e1 Brei\u00f0um\u00fdri"},"content":{"rendered":"<p>Laugardaginn 22. mars sl. frums\u00fdndi Leikdeild Umf. Eflingar \u00ed samkomuh\u00fasinu \u00e1 Brei\u00f0um\u00fdri gl\u00e6n\u00fdtt \u00edslenskt verk, \u00cd beinni, eftir H\u00f6r\u00f0 \u00de\u00f3r Ben\u00f3n\u00fdsson me\u00f0 t\u00f3nlist eftir Jaan Alavere \u00ed leikstj\u00f3rn Jenn\u00fdjar L\u00e1ru Arn\u00f3rsd\u00f3ttur og t\u00f3nlistarstj\u00f3rn Jaan Alavere og P\u00e9turs Ing\u00f3lfssonar.<br \/>M\u00e1 segja a\u00f0 verki\u00f0 s\u00e9 gamandrama \u00fear sem m.a. er fjalla\u00f0 \u00e1 gr\u00e1tbroslegan h\u00e1tt um fr\u00e9ttamat n\u00fat\u00edmans, auk \u00feess sem skyggnst er n\u00e1nar \u00ed fj\u00f6lskyldul\u00edf nokkurra pers\u00f3na.<\/p>\n<p>  <!--more-->  <\/p>\n<p>Verki\u00f0 er samt\u00edmaverk sem gerist \u00e1 einum s\u00f3larhring um verslunarmannahelgina \u00e1 hinum \u00fdmsu st\u00f6\u00f0um \u00e1 landinu, auk \u00feess sem beinar \u00fatsendingar fr\u00e1 \u00fatvarpsst\u00f6\u00f0inni FM 101 eru \u00ed gangi.<\/p>\n<p>\u00cd s\u00fdningunni taka \u00fe\u00e1tt 25 leikarar, fj\u00f6gurra manna hlj\u00f3msveit og a\u00f0 tjaldarbaki er fj\u00f6lmennur h\u00f3pur f\u00f3lks sem vinnur a\u00f0 s\u00fdningunni me\u00f0 einum e\u00f0a \u00f6\u00f0rum h\u00e6tti.<\/p>\n<p>Kvenf\u00e9lag Reykd\u00e6la s\u00e9r um veitingas\u00f6lu \u00e1 s\u00fdningunni og f\u00e1tt sem jafnast \u00e1 vi\u00f0 g\u00f3ms\u00e6ta v\u00f6fflu me\u00f0 kaffibollanum.<\/p>\n<p>Leikdeildin er \u00ed samstarfi vi\u00f0 veitingasta\u00f0inn Dalakofann sem b\u00fd\u00f0ur upp \u00e1 leikh\u00fasmatse\u00f0il \u00e1 s\u00fdningard\u00f6gum. <br \/>S\u00fdningar \u00e1, \u00cd beinni, ver\u00f0a n\u00e6stkomandi helgar \u00e1 Brei\u00f0um\u00fdri \u00ed Reykjadal og er s\u00fdningarplan fram a\u00f0 p\u00e1skum inn \u00e1 leikdeild.is.<\/p>\n<p>H\u00e6gt er a\u00f0 n\u00e1lgast mi\u00f0a e\u00f0a f\u00e1 uppl\u00fdsingar \u00ed s\u00edma 618 3945 og \u00e1 leikdeild@leikdeild.is<\/p>","protected":false},"excerpt":{"rendered":"<p>Laugardaginn 22. mars sl. frums\u00fdndi Leikdeild Umf. Eflingar \u00ed samkomuh\u00fasinu \u00e1 Brei\u00f0um\u00fdri gl\u00e6n\u00fdtt \u00edslenskt verk, \u00cd beinni, eftir H\u00f6r\u00f0 \u00de\u00f3r Ben\u00f3n\u00fdsson me\u00f0 t\u00f3nlist eftir Jaan Alavere \u00ed leikstj\u00f3rn Jenn\u00fdjar L\u00e1ru Arn\u00f3rsd\u00f3ttur og t\u00f3nlistarstj\u00f3rn Jaan Alavere og P\u00e9turs Ing\u00f3lfssonar.M\u00e1 segja a\u00f0 verki\u00f0 s\u00e9 gamandrama \u00fear sem m.a. er fjalla\u00f0 \u00e1 gr\u00e1tbroslegan h\u00e1tt um fr\u00e9ttamat n\u00fat\u00edmans, auk [&hellip;]<\/p>\n","protected":false},"author":3,"featured_media":4551,"comment_status":"open","ping_status":"open","sticky":false,"template":"","format":"standard","meta":{"_et_pb_use_builder":"","_et_pb_old_content":"","_et_gb_content_width":"","footnotes":""},"categories":[187],"tags":[],"class_list":["post-4552","post","type-post","status-publish","format-standard","has-post-thumbnail","hentry","category-allar-frir","et-has-post-format-content","et_post_format-et-post-format-standard"],"_links":{"self":[{"href":"https:\/\/leiklist.is\/en\/wp-json\/wp\/v2\/posts\/4552","targetHints":{"allow":["GET"]}}],"collection":[{"href":"https:\/\/leiklist.is\/en\/wp-json\/wp\/v2\/posts"}],"about":[{"href":"https:\/\/leiklist.is\/en\/wp-json\/wp\/v2\/types\/post"}],"author":[{"embeddable":true,"href":"https:\/\/leiklist.is\/en\/wp-json\/wp\/v2\/users\/3"}],"replies":[{"embeddable":true,"href":"https:\/\/leiklist.is\/en\/wp-json\/wp\/v2\/comments?post=4552"}],"version-history":[{"count":0,"href":"https:\/\/leiklist.is\/en\/wp-json\/wp\/v2\/posts\/4552\/revisions"}],"wp:featuredmedia":[{"embeddable":true,"href":"https:\/\/leiklist.is\/en\/wp-json\/wp\/v2\/media\/4551"}],"wp:attachment":[{"href":"https:\/\/leiklist.is\/en\/wp-json\/wp\/v2\/media?parent=4552"}],"wp:term":[{"taxonomy":"category","embeddable":true,"href":"https:\/\/leiklist.is\/en\/wp-json\/wp\/v2\/categories?post=4552"},{"taxonomy":"post_tag","embeddable":true,"href":"https:\/\/leiklist.is\/en\/wp-json\/wp\/v2\/tags?post=4552"}],"curies":[{"name":"wp","href":"https:\/\/api.w.org\/{rel}","templated":true}]}}