{"id":448,"date":"2005-11-29T11:28:14","date_gmt":"2005-11-29T11:28:14","guid":{"rendered":"http:\/\/wp.leiklist.is\/?p=448"},"modified":"2005-11-29T11:28:14","modified_gmt":"2005-11-29T11:28:14","slug":"int-um-augastein","status":"publish","type":"post","link":"https:\/\/leiklist.is\/en\/int-um-augastein\/","title":{"rendered":"\u00c6vint\u00fdri\u00f0 um Augastein"},"content":{"rendered":"<p>Leikh\u00f3purinn \u00c1 senunni s\u00fdnir hina margr\u00f3mu&eth;u j\u00f3laleiks\u00fdningu <strong>&AElig;vint\u00fdri&eth; um Augastein<\/strong> eftir Felix Bergsson \u00ed Samkomuh\u00fasinu \u00e1 Akureyri og \u00ed Tjarnarb\u00ed\u00f3i \u00ed Reykjav\u00edk n\u00fa fyrir j\u00f3lin.&nbsp; S\u00fdningar ver&eth;a \u00e1 Akureyri dagana 10. &ndash; 12. desember og \u00ed Reykjav\u00edk dagana 14. &#8211; 18. desember.&nbsp; S\u00fdningar \u00e1 Akureyri eru \u00ed samstarfi vi&eth; Leikf&eacute;lag Akureyrar.&nbsp; Barnab\u00f3kin &AElig;vint\u00fdri&eth; um Augastein f&eacute;kk glimrandi vi&eth;t&ouml;kur fyrir j\u00f3lin 2003 og seldist \u00ed &thorn;\u00fasundum eintaka.&nbsp; \u00datgefandi var M\u00e1l og menning.<\/p>\n<p> <!--more--> <img loading=\"lazy\" decoding=\"async\" class=\"alignright size-full wp-image-447\" width=\"240\" vspace=\"12\" hspace=\"12\" height=\"167\" border=\"0\" align=\"right\" title=\"augasteinn.jpg\" alt=\"augasteinn.jpg\" src=\"https:\/\/leiklist.is\/wp-content\/uploads\/2005\/11\/Leikhus_Leikhopar_A_senunni_augasteinn.jpg\" \/>Leikh\u00f3purinn \u00c1 senunni s\u00fdnir hina margr\u00f3mu&eth;u j\u00f3laleiks\u00fdningu <strong>&AElig;vint\u00fdri&eth; um Augastein<\/strong> eftir Felix Bergsson \u00ed Samkomuh\u00fasinu \u00e1 Akureyri og \u00ed Tjarnarb\u00ed\u00f3i \u00ed Reykjav\u00edk n\u00fa fyrir j\u00f3lin.&nbsp; S\u00fdningar ver&eth;a \u00e1 Akureyri dagana 10. &ndash; 12. desember og \u00ed Reykjav\u00edk dagana 14. &#8211; 18. desember.&nbsp; S\u00fdningar \u00e1 Akureyri eru \u00ed samstarfi vi&eth; Leikf&eacute;lag Akureyrar.&nbsp; <\/p>\n<p>&AElig;vint\u00fdri&eth; um Augastein var frums\u00fdnt \u00ed London \u00e1ri&eth; 2002 og \u00ed Reykjav\u00edk 2003.&nbsp; Verki&eth; er leiki&eth; af h&ouml;fundi og &thorn;a&eth; byggir \u00e1 hinni s\u00edgildu s&ouml;gu um Gr\u00fdlu og j\u00f3lasveinana en &aelig;vint\u00fdri&eth; er teki&eth; lengra og sagan um litla drenginn, sem nefndur er Augasteinn, ver&eth;ur mi&eth;punktur leikritsins.&nbsp; Augasteinn lendir fyrir tilviljun \u00ed h&ouml;ndum hinna hrekkj\u00f3ttu j\u00f3lasveina.&nbsp; Sveinarnir skr\u00fdtnu eru sk\u00edthr&aelig;ddir vi&eth; l\u00edtil b&ouml;rn en &thorn;eir l&aelig;ra sm\u00e1m saman a&eth; elska litla drenginn og annast hann.&nbsp; Skyndilega kemst Gr\u00fdla \u00e1 sno&eth;ir um tilveru barnsins og vi&eth; tekur &aelig;sispennandi fl&eacute;tta.&nbsp; N\u00e1 j\u00f3lasveinarnir a&eth; bjarga Augasteini \u00far kl\u00f3m Gr\u00fdlu og J\u00f3lakattarins \u00e1&eth;ur en j\u00f3lin ganga \u00ed gar&eth;?<\/p>\n<p> N\u00e1nari uppl\u00fdsingar um s\u00fdningart\u00edma auk mi&eth;as&ouml;lu m\u00e1 finna \u00e1 <a href=\"http:\/\/www.senan.is\">heimas\u00ed&eth;u Leikh\u00f3psins \u00c1 senunni <\/a>e&eth;a \u00e1 <a href=\"http:\/\/www.leikfelag.is\">vef LA<\/a>.<\/p>","protected":false},"excerpt":{"rendered":"<p>Leikh\u00f3purinn \u00c1 senunni s\u00fdnir hina margr\u00f3mu&eth;u j\u00f3laleiks\u00fdningu &AElig;vint\u00fdri&eth; um Augastein eftir Felix Bergsson \u00ed Samkomuh\u00fasinu \u00e1 Akureyri og \u00ed Tjarnarb\u00ed\u00f3i \u00ed Reykjav\u00edk n\u00fa fyrir j\u00f3lin.&nbsp; S\u00fdningar ver&eth;a \u00e1 Akureyri dagana 10. &ndash; 12. desember og \u00ed Reykjav\u00edk dagana 14. &#8211; 18. desember.&nbsp; S\u00fdningar \u00e1 Akureyri eru \u00ed samstarfi vi&eth; Leikf&eacute;lag Akureyrar.&nbsp; Barnab\u00f3kin &AElig;vint\u00fdri&eth; um Augastein [&hellip;]<\/p>\n","protected":false},"author":3,"featured_media":447,"comment_status":"open","ping_status":"open","sticky":false,"template":"","format":"standard","meta":{"_et_pb_use_builder":"","_et_pb_old_content":"","_et_gb_content_width":"","footnotes":""},"categories":[187],"tags":[],"class_list":["post-448","post","type-post","status-publish","format-standard","has-post-thumbnail","hentry","category-allar-frir","et-has-post-format-content","et_post_format-et-post-format-standard"],"_links":{"self":[{"href":"https:\/\/leiklist.is\/en\/wp-json\/wp\/v2\/posts\/448","targetHints":{"allow":["GET"]}}],"collection":[{"href":"https:\/\/leiklist.is\/en\/wp-json\/wp\/v2\/posts"}],"about":[{"href":"https:\/\/leiklist.is\/en\/wp-json\/wp\/v2\/types\/post"}],"author":[{"embeddable":true,"href":"https:\/\/leiklist.is\/en\/wp-json\/wp\/v2\/users\/3"}],"replies":[{"embeddable":true,"href":"https:\/\/leiklist.is\/en\/wp-json\/wp\/v2\/comments?post=448"}],"version-history":[{"count":0,"href":"https:\/\/leiklist.is\/en\/wp-json\/wp\/v2\/posts\/448\/revisions"}],"wp:featuredmedia":[{"embeddable":true,"href":"https:\/\/leiklist.is\/en\/wp-json\/"}],"wp:attachment":[{"href":"https:\/\/leiklist.is\/en\/wp-json\/wp\/v2\/media?parent=448"}],"wp:term":[{"taxonomy":"category","embeddable":true,"href":"https:\/\/leiklist.is\/en\/wp-json\/wp\/v2\/categories?post=448"},{"taxonomy":"post_tag","embeddable":true,"href":"https:\/\/leiklist.is\/en\/wp-json\/wp\/v2\/tags?post=448"}],"curies":[{"name":"wp","href":"https:\/\/api.w.org\/{rel}","templated":true}]}}