{"id":4367,"date":"2013-11-04T12:41:36","date_gmt":"2013-11-04T12:41:36","guid":{"rendered":"http:\/\/wp.leiklist.is\/?p=4367"},"modified":"2013-11-04T12:41:36","modified_gmt":"2013-11-04T12:41:36","slug":"jolanott-viktoriu-jolasyning-borgarbarna","status":"publish","type":"post","link":"https:\/\/leiklist.is\/en\/jolanott-viktoriu-jolasyning-borgarbarna\/","title":{"rendered":"J\u00f3lan\u00f3tt Viktor\u00edu &#8211; J\u00f3las\u00fdning Borgarbarna"},"content":{"rendered":"<p \/>Borgarb\u00f6rn setja um n\u00fa upp j\u00f3las\u00fdningu \u00e1ttunda \u00e1ri\u00f0 \u00ed r\u00f6\u00f0. Leikstj\u00f3ri og h\u00f6fundur handrits er Erla Ruth Har\u00f0ard\u00f3ttir, s\u00f6ngstj\u00f3ri er Rebekka Sif Stef\u00e1nsd\u00f3ttir og dansh\u00f6fundur er Au\u00f0ur Finnbogad\u00f3ttir. Leikarar eru \u00e1tj\u00e1n talsins, allir \u00e1 aldrinum 11-15 \u00e1ra. S\u00fdnt er \u00ed I\u00f0n\u00f3, frums\u00fdning er 29. n\u00f3vember og er s\u00fdnt fram a\u00f0 j\u00f3lum.  <!--more-->  <\/p>\n<p>S\u00fdningin fjallar um \u00f3st\u00fdril\u00e1ta, heimtufreka st\u00falku, Viktor\u00edu a\u00f0 nafni, sem b\u00fain er a\u00f0 tapa s\u00e9r \u00ed gr\u00e6\u00f0gi \u00ed veraldlega hluti. Viktor\u00edu er l\u00edti\u00f0 sinnt af f\u00f6\u00f0urnum Mer\u00f0i sem telur mikilv\u00e6gara a\u00f0 gr\u00e6\u00f0a peninga en a\u00f0 sinna d\u00f3ttur sinni. F\u00f3stran Fj\u00f3la s\u00e9r svo til alfari\u00f0 um st\u00falkuna og reynir a\u00f0 innr\u00e6ta henni hin g\u00f3\u00f0u gildi. Fj\u00f3lu berst li\u00f0sauki \u00feegar s\u00f6ngh\u00f3pur fr\u00e1 Hj\u00e1lpr\u00e6\u00f0ishernum m\u00e6tir \u00e1 sta\u00f0inn en \u00fe\u00f3 skiptir sk\u00f6pum \u00e1 sj\u00e1lfa j\u00f3lan\u00f3tt \u00feegar sj\u00e1lf Viskan, \u00e1samt fylgiverum birtast Viktor\u00edu.\u00a0 \u00deessi skemmtilegi j\u00f3las\u00f6ngleikur inniheldur fj\u00f6lm\u00f6rg vins\u00e6l erlend l\u00f6g \u00ed \u00edslenskum b\u00faningi, \u00f3v\u00e6ntar upp\u00e1komur og skemmtilega dansa. J\u00f3la\u00e1lfar birtast, Camilla fr\u00e6nka kemur \u00ed heims\u00f3kn og a\u00f0 sj\u00e1lfs\u00f6g\u00f0u birtist j\u00f3lasveinn, en \u00fe\u00f3 alfari\u00f0 \u00ed n\u00fdjum b\u00faningi.<\/p>\n<p>S\u00fdningart\u00edmi er r\u00e9tt undir klukkustund.\u00a0 S\u00fdningat\u00edmar eru virka morgna kl. 9.30 og\/e\u00f0a 11.00, virka eftirmi\u00f0daga kl. 17.00 og um helgar kl. 14.00 og\/e\u00f0a 16.00.<\/p>\n<p>Mi\u00f0aver\u00f0 er kr. 1.000 \u2013 gj\u00f6f en ekki gjald, vilja margir meina<br \/>Kaup \u00e1 einni s\u00fdningu (150 s\u00e6ti) er tilvali\u00f0 fyrir starfsmannaf\u00e9l\u00f6g og sk\u00f3la. \u00de\u00e1 er mi\u00f0aver\u00f0 kr. 650 \u00e1 einstakling og heildarver\u00f0 fyrir s\u00fdningu kr. 97.500. \u00cd \u00feeim pakka er einnig pipark\u00f6kur og dj\u00fas fyrir \u00e1horfendur eftir s\u00fdningu.<\/p>\n<p>Mi\u00f0apantanir er \u00ed mi\u00f0as\u00f6lu I\u00f0n\u00f3 s\u00edmi 562-9700 (milli kl. 11.00-16.00 virka daga)<\/p>\n<p>J\u00f3lagjafas\u00f6fnun fyrir M\u00e6\u00f0rastyrksnefnd er \u00e1rleg hef\u00f0. \u00c1horfendur geta komi\u00f0 me\u00f0 pakka \u00e1 s\u00fdningar, merktan aldri og kyni og Borgarb\u00f6rn koma til skila til M\u00e6\u00f0rastyrksnefndar fyrir j\u00f3l.<\/p>","protected":false},"excerpt":{"rendered":"<p>Borgarb\u00f6rn setja um n\u00fa upp j\u00f3las\u00fdningu \u00e1ttunda \u00e1ri\u00f0 \u00ed r\u00f6\u00f0. Leikstj\u00f3ri og h\u00f6fundur handrits er Erla Ruth Har\u00f0ard\u00f3ttir, s\u00f6ngstj\u00f3ri er Rebekka Sif Stef\u00e1nsd\u00f3ttir og dansh\u00f6fundur er Au\u00f0ur Finnbogad\u00f3ttir. Leikarar eru \u00e1tj\u00e1n talsins, allir \u00e1 aldrinum 11-15 \u00e1ra. S\u00fdnt er \u00ed I\u00f0n\u00f3, frums\u00fdning er 29. n\u00f3vember og er s\u00fdnt fram a\u00f0 j\u00f3lum.<\/p>","protected":false},"author":3,"featured_media":4366,"comment_status":"open","ping_status":"open","sticky":false,"template":"","format":"standard","meta":{"_et_pb_use_builder":"","_et_pb_old_content":"","_et_gb_content_width":"","footnotes":""},"categories":[187],"tags":[],"class_list":["post-4367","post","type-post","status-publish","format-standard","has-post-thumbnail","hentry","category-allar-frir","et-has-post-format-content","et_post_format-et-post-format-standard"],"_links":{"self":[{"href":"https:\/\/leiklist.is\/en\/wp-json\/wp\/v2\/posts\/4367","targetHints":{"allow":["GET"]}}],"collection":[{"href":"https:\/\/leiklist.is\/en\/wp-json\/wp\/v2\/posts"}],"about":[{"href":"https:\/\/leiklist.is\/en\/wp-json\/wp\/v2\/types\/post"}],"author":[{"embeddable":true,"href":"https:\/\/leiklist.is\/en\/wp-json\/wp\/v2\/users\/3"}],"replies":[{"embeddable":true,"href":"https:\/\/leiklist.is\/en\/wp-json\/wp\/v2\/comments?post=4367"}],"version-history":[{"count":0,"href":"https:\/\/leiklist.is\/en\/wp-json\/wp\/v2\/posts\/4367\/revisions"}],"wp:featuredmedia":[{"embeddable":true,"href":"https:\/\/leiklist.is\/en\/wp-json\/wp\/v2\/media\/4366"}],"wp:attachment":[{"href":"https:\/\/leiklist.is\/en\/wp-json\/wp\/v2\/media?parent=4367"}],"wp:term":[{"taxonomy":"category","embeddable":true,"href":"https:\/\/leiklist.is\/en\/wp-json\/wp\/v2\/categories?post=4367"},{"taxonomy":"post_tag","embeddable":true,"href":"https:\/\/leiklist.is\/en\/wp-json\/wp\/v2\/tags?post=4367"}],"curies":[{"name":"wp","href":"https:\/\/api.w.org\/{rel}","templated":true}]}}