{"id":4363,"date":"2013-10-31T13:36:00","date_gmt":"2013-10-31T13:36:00","guid":{"rendered":"http:\/\/wp.leiklist.is\/?p=4363"},"modified":"2013-10-31T13:36:00","modified_gmt":"2013-10-31T13:36:00","slug":"goeverkin-kalla-i-hellubioi","status":"publish","type":"post","link":"https:\/\/leiklist.is\/en\/goeverkin-kalla-i-hellubioi\/","title":{"rendered":"G\u00f3\u00f0verkin kalla! \u00ed Hellub\u00ed\u00f3i"},"content":{"rendered":"<p \/>F\u00f6studaginn 1. n\u00f3vember frums\u00fdnir Leikf\u00e9lag Rang\u00e6inga gamanleikinn G\u00f3\u00f0verkin kalla \u00ed hinu fornfr\u00e6ga Hellub\u00ed\u00f3i \u00e1 Hellu. H\u00f6fundar eru \u00c1rmann Gu\u00f0mundsson, S\u00e6var Sigurgeirsson og \u00deorgeir Tryggvason en \u00c1rmann er jafnframt leikstj\u00f3ri verksins. Hellub\u00ed\u00f3 hefur n\u00fa veri\u00f0 gert upp er \u00fear reki\u00f0 veitingah\u00fas me\u00f0 \u00fdmsa menningarstarfsemi \u00ed gamla salnum. \u00dea\u00f0 er \u00fev\u00ed tilvali\u00f0 a\u00f0 gera s\u00e9r gla\u00f0an dag \u00ed n\u00f3vember, bor\u00f0a g\u00f3\u00f0an mat og sj\u00e1 skemmtilega leiks\u00fdningu.  <!--more-->  <\/p>\n<p>N\u00e6stu s\u00fdningar:<br \/>F\u00f6s. 1. n\u00f3v. frums\u00fdning<br \/>Sun. 3. n\u00f3v. s\u00fdning kl. 18<br \/>M\u00e1n. 4. n\u00f3v. s\u00fdning kl. 20<br \/>Mi\u00f0. 6. n\u00f3v. s\u00fdning kl. 20<br \/>Fim. 14. n\u00f3v. s\u00fdning kl. 20<br \/>F\u00f6s. 15. n\u00f3v. s\u00fdning kl. 20<br \/>Lau. 16. n\u00f3v. s\u00fdning kl. 15<br \/>Lau. 16. n\u00f3v. s\u00fdning kl. 20<br \/>Sun. 17. n\u00f3v. s\u00fdning kl. 18<\/p>\n<p>G\u00f3\u00f0verkin kalla! var upphaflega skrifa\u00f0 fyrir Leikf\u00e9lag Akureyrar og frums\u00fdnt \u00fear fyrir 20 \u00e1rum s\u00ed\u00f0an. \u00dea\u00f0 hefur noti\u00f0 allnokkurra vins\u00e6lda hj\u00e1 \u00e1hugaleikf\u00e9l\u00f6gum s\u00ed\u00f0an og er \u00feetta \u00ed \u00e1ttunda sinn sem \u00fea\u00f0 er sett upp hj\u00e1 leikf\u00e9lagi \u00far r\u00f6\u00f0um Bandalags \u00edslenskra leikf\u00e9laga.<\/p>\n<p>Verki\u00f0 fjallar \u00e1 \u00e1byrg\u00f0arlausan h\u00e1tt um \u00fea\u00f0 vandr\u00e6\u00f0a\u00e1stand sem skapast hefur \u00ed sm\u00e1b\u00e6num Gjaldeyri \u00e1 Ystun\u00f6f. \u00dear starfa ofvirk g\u00f3\u00f0ger\u00f0arf\u00e9l\u00f6g, D\u00edvans kl\u00fabburinn, L\u00f3\u00f0ar\u00eds og Kvenf\u00e9lagi\u00f0 Sver\u00f0liljurnar, og hafa \u00feau skapa\u00f0 ney\u00f0ar\u00e1stand me\u00f0 stanslausum t\u00e6kjagj\u00f6fum til sj\u00fakrah\u00fass \u00feorpsins, \u00ed \u00f6fgakenndri bar\u00e1ttu \u00feeirra um hvert f\u00e9laganna er best \u00ed a\u00f0 vera gott. Steininn tekur \u00far \u00feegar halda \u00e1 upp \u00e1 100 \u00e1ra afm\u00e6li sj\u00fakrah\u00fassins og \u00feau \u00e1kve\u00f0a hvert fyrir sig a\u00f0 gefa, n\u00fdjasta undrat\u00e6ki l\u00e6knav\u00edsindanna, strauml\u00ednugjafa. L\u00e6knir \u00feorpsins reynir a\u00f0 sannf\u00e6ra f\u00f3lk um a\u00f0 \u00fea\u00f0 eina sem vanti s\u00e9 hlustunarp\u00edpa en hver hlustar \u00e1 svolei\u00f0is p\u00edp \u00feegar t\u00e6kif\u00e6ri til a\u00f0 gera g\u00f3\u00f0verk af \u00feessari st\u00e6r\u00f0argr\u00e1\u00f0u er annars vegar.<\/p>\n<p>Leikf\u00e9lag Rang\u00e6inga hefur um \u00e1rabil starfa\u00f0 \u00f6tullega og sett upp s\u00fdningu \u00e1 hverju \u00e1ri. Af n\u00fdlegum s\u00fdningum m\u00e1 nefna D\u00fdrin \u00ed H\u00e1lsask\u00f3gi, Orustuna \u00e1 Laugalandi, Vodkak\u00farinn og N\u00fdja byrjun. Oftast hafa s\u00fdningar fari\u00f0 fram \u00ed Nj\u00e1lsb\u00fa\u00f0 en n\u00fa var \u00e1kve\u00f0i\u00f0 a\u00f0 breyta til og s\u00fdna \u00ed Hellub\u00ed\u00f3i \u00ed samvinnu vi\u00f0 veitingah\u00fasi\u00f0 sem \u00fear er reki\u00f0.<\/p>\n<p>Mi\u00f0apantanir \u00e1 G\u00f3\u00f0verkin kalla! fara fram \u00ed s\u00edma 868 1188 og \u00e1 netfanginu <a href=\"mailto:broi1970@mi.is\">broi1970@mi.is<\/a><\/p>","protected":false},"excerpt":{"rendered":"<p>F\u00f6studaginn 1. n\u00f3vember frums\u00fdnir Leikf\u00e9lag Rang\u00e6inga gamanleikinn G\u00f3\u00f0verkin kalla \u00ed hinu fornfr\u00e6ga Hellub\u00ed\u00f3i \u00e1 Hellu. H\u00f6fundar eru \u00c1rmann Gu\u00f0mundsson, S\u00e6var Sigurgeirsson og \u00deorgeir Tryggvason en \u00c1rmann er jafnframt leikstj\u00f3ri verksins. Hellub\u00ed\u00f3 hefur n\u00fa veri\u00f0 gert upp er \u00fear reki\u00f0 veitingah\u00fas me\u00f0 \u00fdmsa menningarstarfsemi \u00ed gamla salnum. \u00dea\u00f0 er \u00fev\u00ed tilvali\u00f0 a\u00f0 gera s\u00e9r gla\u00f0an dag [&hellip;]<\/p>\n","protected":false},"author":3,"featured_media":4362,"comment_status":"open","ping_status":"open","sticky":false,"template":"","format":"standard","meta":{"_et_pb_use_builder":"","_et_pb_old_content":"","_et_gb_content_width":"","footnotes":""},"categories":[187],"tags":[],"class_list":["post-4363","post","type-post","status-publish","format-standard","has-post-thumbnail","hentry","category-allar-frir","et-has-post-format-content","et_post_format-et-post-format-standard"],"_links":{"self":[{"href":"https:\/\/leiklist.is\/en\/wp-json\/wp\/v2\/posts\/4363","targetHints":{"allow":["GET"]}}],"collection":[{"href":"https:\/\/leiklist.is\/en\/wp-json\/wp\/v2\/posts"}],"about":[{"href":"https:\/\/leiklist.is\/en\/wp-json\/wp\/v2\/types\/post"}],"author":[{"embeddable":true,"href":"https:\/\/leiklist.is\/en\/wp-json\/wp\/v2\/users\/3"}],"replies":[{"embeddable":true,"href":"https:\/\/leiklist.is\/en\/wp-json\/wp\/v2\/comments?post=4363"}],"version-history":[{"count":0,"href":"https:\/\/leiklist.is\/en\/wp-json\/wp\/v2\/posts\/4363\/revisions"}],"wp:featuredmedia":[{"embeddable":true,"href":"https:\/\/leiklist.is\/en\/wp-json\/wp\/v2\/media\/4362"}],"wp:attachment":[{"href":"https:\/\/leiklist.is\/en\/wp-json\/wp\/v2\/media?parent=4363"}],"wp:term":[{"taxonomy":"category","embeddable":true,"href":"https:\/\/leiklist.is\/en\/wp-json\/wp\/v2\/categories?post=4363"},{"taxonomy":"post_tag","embeddable":true,"href":"https:\/\/leiklist.is\/en\/wp-json\/wp\/v2\/tags?post=4363"}],"curies":[{"name":"wp","href":"https:\/\/api.w.org\/{rel}","templated":true}]}}