{"id":435,"date":"2005-11-22T09:43:40","date_gmt":"2005-11-22T09:43:40","guid":{"rendered":"http:\/\/wp.leiklist.is\/?p=435"},"modified":"2005-11-22T09:43:40","modified_gmt":"2005-11-22T09:43:40","slug":"leikfg-rangga-vekur-upp-drauga","status":"publish","type":"post","link":"https:\/\/leiklist.is\/en\/leikfg-rangga-vekur-upp-drauga\/","title":{"rendered":"Leikf\u00e9lag Rang\u00e6inga vekur upp drauga"},"content":{"rendered":"<p><img loading=\"lazy\" decoding=\"async\" src=\"http:\/\/www.leiklist.is\/10\/images\/stories\/Adildarfelog\/Sudur\/Rangaeginga\/ranglogo.jpg\" width=\"140\" height=\"137\" style=\"float: right;\" hspace=\"6\" alt=\"Image\" title=\"Image\" border=\"0\" \/>N\u00fa eru nokkur \u00e1r s\u00ed&eth;an Leikf&eacute;lag Rang&aelig;inga hefur sett upp leiks\u00fdningu en &thorn;\u00e1 s\u00fdndi f&eacute;lagi&eth; Emil \u00ed Kattholti. Nokkrir \u00e1hugasamir f&eacute;lagar \u00ed leikf&eacute;laginu hafa n\u00fa teki&eth; sig saman og sett saman s\u00fdninguna Vaki&eth; upp drauga. <\/p>\n<p> <!--more--> <img loading=\"lazy\" decoding=\"async\" src=\"http:\/\/www.leiklist.is\/10\/images\/stories\/Adildarfelog\/Sudur\/Rangaeginga\/draugar2.jpg\" width=\"200\" height=\"144\" style=\"float: left;\" hspace=\"6\" alt=\"Image\" title=\"Image\" border=\"0\" \/>S\u00fdningin er sett saman \u00far ein&thorn;\u00e1ttungum \u00far \u00fdmsum \u00e1ttum. M.a. hafa f&eacute;lagar svi&eth;sett Afm&aelig;li&eth; \u00ed kirkjugar&eth;inum eftir J&ouml;kul Jakobsson, Bara Innihaldi&eth; eftir S&aelig;var Sigurgeirsson, sem er l&eacute;tt gr\u00edn \u00far barl\u00edfi landans, American Nightmare &thorn;ar sem gr\u00edn er gert a&eth; g&aelig;savei&eth;im&ouml;nnum auk &ouml;rleikrita og spuna eftir f&eacute;laga \u00ed Leikf&eacute;laginu. <br \/> Leikstj\u00f3ri er Margr&eacute;t Tryggvad\u00f3ttir<\/p>\n<p> L\u00edklega ver&eth;ur bara ein s\u00fdning, f&ouml;studaginn 25. n\u00f3vember kl. 21:00 \u00ed Hvoli, Hvolsvelli. &nbsp;Mi&eth;aver&eth; kr. 1.500 en 1.000 fyrir ellil\u00edfeyris&thorn;ega og &ouml;ryrkja.&nbsp; <br \/> Mi&eth;apantanir \u00ed s\u00edma 892 5909 milli kl. 17:00 &#8211; 21:00<\/p>","protected":false},"excerpt":{"rendered":"<p>N\u00fa eru nokkur \u00e1r s\u00ed&eth;an Leikf&eacute;lag Rang&aelig;inga hefur sett upp leiks\u00fdningu en &thorn;\u00e1 s\u00fdndi f&eacute;lagi&eth; Emil \u00ed Kattholti. Nokkrir \u00e1hugasamir f&eacute;lagar \u00ed leikf&eacute;laginu hafa n\u00fa teki&eth; sig saman og sett saman s\u00fdninguna Vaki&eth; upp drauga.<\/p>","protected":false},"author":3,"featured_media":0,"comment_status":"open","ping_status":"open","sticky":false,"template":"","format":"standard","meta":{"_et_pb_use_builder":"","_et_pb_old_content":"","_et_gb_content_width":"","footnotes":""},"categories":[187],"tags":[],"class_list":["post-435","post","type-post","status-publish","format-standard","hentry","category-allar-frir","et-doesnt-have-format-content","et_post_format-et-post-format-standard"],"_links":{"self":[{"href":"https:\/\/leiklist.is\/en\/wp-json\/wp\/v2\/posts\/435","targetHints":{"allow":["GET"]}}],"collection":[{"href":"https:\/\/leiklist.is\/en\/wp-json\/wp\/v2\/posts"}],"about":[{"href":"https:\/\/leiklist.is\/en\/wp-json\/wp\/v2\/types\/post"}],"author":[{"embeddable":true,"href":"https:\/\/leiklist.is\/en\/wp-json\/wp\/v2\/users\/3"}],"replies":[{"embeddable":true,"href":"https:\/\/leiklist.is\/en\/wp-json\/wp\/v2\/comments?post=435"}],"version-history":[{"count":0,"href":"https:\/\/leiklist.is\/en\/wp-json\/wp\/v2\/posts\/435\/revisions"}],"wp:attachment":[{"href":"https:\/\/leiklist.is\/en\/wp-json\/wp\/v2\/media?parent=435"}],"wp:term":[{"taxonomy":"category","embeddable":true,"href":"https:\/\/leiklist.is\/en\/wp-json\/wp\/v2\/categories?post=435"},{"taxonomy":"post_tag","embeddable":true,"href":"https:\/\/leiklist.is\/en\/wp-json\/wp\/v2\/tags?post=435"}],"curies":[{"name":"wp","href":"https:\/\/api.w.org\/{rel}","templated":true}]}}