{"id":4311,"date":"2013-09-25T14:38:21","date_gmt":"2013-09-25T14:38:21","guid":{"rendered":"http:\/\/wp.leiklist.is\/?p=4311"},"modified":"2013-09-25T14:38:21","modified_gmt":"2013-09-25T14:38:21","slug":"aealfundur-leikfelags-hoergdaela-2013","status":"publish","type":"post","link":"https:\/\/leiklist.is\/en\/aealfundur-leikfelags-hoergdaela-2013\/","title":{"rendered":"A\u00f0alfundur Leikf\u00e9lags H\u00f6rgd\u00e6la 2013"},"content":{"rendered":"<p>Leikf\u00e9lag H\u00f6rgd\u00e6la heldur a\u00f0alfund sinn fimmtudagskv\u00f6ldi\u00f0 26. september nk. kl. 20.30 \u00e1 Melum \u00ed H\u00f6rg\u00e1rdal. \u00c1 dagskr\u00e1 eru lagabreytingar auk venjulegra a\u00f0alfundarstarfa og umr\u00e6\u00f0u um spennandi vetrarstarf sem framundan er. F\u00e9lagar hvattir til a\u00f0 m\u00e6ta og n\u00fd andlit eru \u00e6t\u00ed\u00f0 velkomin \u00e1 Mela.<\/p>","protected":false},"excerpt":{"rendered":"<p>Leikf\u00e9lag H\u00f6rgd\u00e6la heldur a\u00f0alfund sinn fimmtudagskv\u00f6ldi\u00f0 26. september nk. kl. 20.30 \u00e1 Melum \u00ed H\u00f6rg\u00e1rdal. \u00c1 dagskr\u00e1 eru lagabreytingar auk venjulegra a\u00f0alfundarstarfa og umr\u00e6\u00f0u um spennandi vetrarstarf sem framundan er. F\u00e9lagar hvattir til a\u00f0 m\u00e6ta og n\u00fd andlit eru \u00e6t\u00ed\u00f0 velkomin \u00e1 Mela.<\/p>","protected":false},"author":3,"featured_media":4310,"comment_status":"open","ping_status":"open","sticky":false,"template":"","format":"standard","meta":{"_et_pb_use_builder":"","_et_pb_old_content":"","_et_gb_content_width":"","footnotes":""},"categories":[187],"tags":[],"class_list":["post-4311","post","type-post","status-publish","format-standard","has-post-thumbnail","hentry","category-allar-frir","et-has-post-format-content","et_post_format-et-post-format-standard"],"_links":{"self":[{"href":"https:\/\/leiklist.is\/en\/wp-json\/wp\/v2\/posts\/4311","targetHints":{"allow":["GET"]}}],"collection":[{"href":"https:\/\/leiklist.is\/en\/wp-json\/wp\/v2\/posts"}],"about":[{"href":"https:\/\/leiklist.is\/en\/wp-json\/wp\/v2\/types\/post"}],"author":[{"embeddable":true,"href":"https:\/\/leiklist.is\/en\/wp-json\/wp\/v2\/users\/3"}],"replies":[{"embeddable":true,"href":"https:\/\/leiklist.is\/en\/wp-json\/wp\/v2\/comments?post=4311"}],"version-history":[{"count":0,"href":"https:\/\/leiklist.is\/en\/wp-json\/wp\/v2\/posts\/4311\/revisions"}],"wp:featuredmedia":[{"embeddable":true,"href":"https:\/\/leiklist.is\/en\/wp-json\/wp\/v2\/media\/4310"}],"wp:attachment":[{"href":"https:\/\/leiklist.is\/en\/wp-json\/wp\/v2\/media?parent=4311"}],"wp:term":[{"taxonomy":"category","embeddable":true,"href":"https:\/\/leiklist.is\/en\/wp-json\/wp\/v2\/categories?post=4311"},{"taxonomy":"post_tag","embeddable":true,"href":"https:\/\/leiklist.is\/en\/wp-json\/wp\/v2\/tags?post=4311"}],"curies":[{"name":"wp","href":"https:\/\/api.w.org\/{rel}","templated":true}]}}