{"id":42603,"date":"2026-05-02T21:33:54","date_gmt":"2026-05-02T21:33:54","guid":{"rendered":"https:\/\/leiklist.is\/?p=42603"},"modified":"2026-05-02T21:34:17","modified_gmt":"2026-05-02T21:34:17","slug":"rocky-horror-er-athyglisverdasta-ahugaleiksyning-arsins-2026","status":"publish","type":"post","link":"https:\/\/leiklist.is\/en\/rocky-horror-er-athyglisverdasta-ahugaleiksyning-arsins-2026\/","title":{"rendered":"Rocky Horror er Athyglisver\u00f0asta \u00e1hugaleiks\u00fdning \u00e1rsins 2026"},"content":{"rendered":"<p>S\u00fdning Leikf\u00e9lags H\u00fasav\u00edkur \u00e1 Rocly Horror var valin Athyglisver\u00f0asta \u00e1hugaleiks\u00fdning \u00e1rsins 2026 af valnefnd \u00dej\u00f3\u00f0leikh\u00fassins. \u00c1sd\u00eds \u00de\u00f3rhallsd\u00f3ttir tilkynnti vali\u00f0 \u00e1 h\u00e1t\u00ed\u00f0arkv\u00f6ldver\u00f0i \u00ed lok Bandalags\u00feings \u00ed Reykjanesb\u00e6 \u00ed kv\u00f6ld. Halla R\u00fan Tryggvad\u00f3ttir t\u00f3k vi\u00f0 ver\u00f0launum fyrir h\u00f6nd Leikf\u00e9lags H\u00fasav\u00edkur.<\/p>\n<p>\u00dar ums\u00f6gn d\u00f3mnefndar:<br \/>\n<span style=\"color: #333333;\">D\u00f3mnefndin er snortin a\u00f0 sj\u00e1 hversu margar, fj\u00f6lbreyttar, metna\u00f0arfullar og \u00e1hugaver\u00f0ar s\u00fdningar f\u00f3ru upp innan ra\u00f0a B\u00cdL \u00e1 li\u00f0num vetri. \u00deetta er magna\u00f0 \u00fat af fyrir sig og st\u00f3\u00f0 d\u00f3mnefndin \u00fev\u00ed frammi fyrir \u00f3m\u00f6gulegu verkefni.<br \/>\nS\u00fdningin sem \u00fe\u00f3 var\u00f0 fyrir valinu eftir \u00edtarlegar umr\u00e6\u00f0ur og vandlega umhugsun vakti athygli af \u00fdmsum \u00e1st\u00e6\u00f0um.<br \/>\nLj\u00f3st er a\u00f0 m\u00f6rg handt\u00f6k f\u00f3ru \u00ed undirb\u00faning \u00feessarar metna\u00f0arfullu og dj\u00f6rfu s\u00fdningar. \u00dearna s\u00e1st listfengi \u00e1 m\u00f6rgum p\u00f3stum, lifandi t\u00f3nlistarflutningur, skrautlegir b\u00faningar, litr\u00edk f\u00f6r\u00f0un, gl\u00e6sileg leikmynd, \u00e6vint\u00fdraleg l\u00fdsing og umgj\u00f6r\u00f0in a\u00f0 \u00f6llu leyti til \u00feess fallin a\u00f0 vekja athygli.<br \/>\nVi\u00f0 hr\u00f3sum h\u00f3pnum fyrir \u00e1r\u00e6\u00f0ni, \u00feor og dirfsku, jafnt \u00ed verkefnavali og framv\u00e6md. M\u00f6rg skemmtileg augnablik eru okkur minnisst\u00e6\u00f0, s\u00f6ngurinn \u00ed h\u00e1um g\u00e6\u00f0aflokki og t\u00falkunin var oft hugu\u00f0 og frumleg. Innan um glys og g\u00e1ska tekst l\u00edka a\u00f0 snerta \u00e1 vi\u00f0kv\u00e6mum kjarna verksins, sem er listr\u00e6nt afrek.<br \/>\nVi\u00f0 \u00f3skum Leikf\u00e9lagi H\u00fasav\u00edkur til hamingju me\u00f0 fr\u00e1b\u00e6ra uppsetningu \u00e1 verkinu Rocky Horror. Vi\u00f0 hl\u00f6kkum til a\u00f0 sj\u00e1 ykkur \u00ed \u00dej\u00f3\u00f0leikh\u00fasinu.\u00a0<\/span><\/p>\n<p>\u00dej\u00f3\u00f0leikh\u00fasi\u00f0 b\u00fd\u00f0ur Leikf\u00e9lagi H\u00fasav\u00edkur a\u00f0 s\u00fdna Rocky Horror \u00e1 svi\u00f0i \u00dej\u00f3\u00f0leikh\u00fassins laugardaginn 13. j\u00fan\u00ed n\u00e6stkomandi.<\/p>","protected":false},"excerpt":{"rendered":"<p>S\u00fdning Leikf\u00e9lags H\u00fasav\u00edkur \u00e1 Rocly Horror var valin Athyglisver\u00f0asta \u00e1hugaleiks\u00fdning \u00e1rsins 2026 af valnefnd \u00dej\u00f3\u00f0leikh\u00fassins. \u00c1sd\u00eds \u00de\u00f3rhallsd\u00f3ttir tilkynnti vali\u00f0 \u00e1 h\u00e1t\u00ed\u00f0arkv\u00f6ldver\u00f0i \u00ed lok Bandalags\u00feings \u00ed Reykjanesb\u00e6 \u00ed kv\u00f6ld. Halla R\u00fan Tryggvad\u00f3ttir t\u00f3k vi\u00f0 ver\u00f0launum fyrir h\u00f6nd Leikf\u00e9lags H\u00fasav\u00edkur. \u00dar ums\u00f6gn d\u00f3mnefndar: D\u00f3mnefndin er snortin a\u00f0 sj\u00e1 hversu margar, fj\u00f6lbreyttar, metna\u00f0arfullar og \u00e1hugaver\u00f0ar s\u00fdningar f\u00f3ru upp [&hellip;]<\/p>\n","protected":false},"author":3,"featured_media":42609,"comment_status":"closed","ping_status":"closed","sticky":true,"template":"","format":"standard","meta":{"_et_pb_use_builder":"","_et_pb_old_content":"","_et_gb_content_width":"","footnotes":""},"categories":[187],"tags":[],"class_list":["post-42603","post","type-post","status-publish","format-standard","has-post-thumbnail","hentry","category-allar-frir","et-has-post-format-content","et_post_format-et-post-format-standard"],"_links":{"self":[{"href":"https:\/\/leiklist.is\/en\/wp-json\/wp\/v2\/posts\/42603","targetHints":{"allow":["GET"]}}],"collection":[{"href":"https:\/\/leiklist.is\/en\/wp-json\/wp\/v2\/posts"}],"about":[{"href":"https:\/\/leiklist.is\/en\/wp-json\/wp\/v2\/types\/post"}],"author":[{"embeddable":true,"href":"https:\/\/leiklist.is\/en\/wp-json\/wp\/v2\/users\/3"}],"replies":[{"embeddable":true,"href":"https:\/\/leiklist.is\/en\/wp-json\/wp\/v2\/comments?post=42603"}],"version-history":[{"count":5,"href":"https:\/\/leiklist.is\/en\/wp-json\/wp\/v2\/posts\/42603\/revisions"}],"predecessor-version":[{"id":42608,"href":"https:\/\/leiklist.is\/en\/wp-json\/wp\/v2\/posts\/42603\/revisions\/42608"}],"wp:featuredmedia":[{"embeddable":true,"href":"https:\/\/leiklist.is\/en\/wp-json\/wp\/v2\/media\/42609"}],"wp:attachment":[{"href":"https:\/\/leiklist.is\/en\/wp-json\/wp\/v2\/media?parent=42603"}],"wp:term":[{"taxonomy":"category","embeddable":true,"href":"https:\/\/leiklist.is\/en\/wp-json\/wp\/v2\/categories?post=42603"},{"taxonomy":"post_tag","embeddable":true,"href":"https:\/\/leiklist.is\/en\/wp-json\/wp\/v2\/tags?post=42603"}],"curies":[{"name":"wp","href":"https:\/\/api.w.org\/{rel}","templated":true}]}}