{"id":4257,"date":"2013-07-09T11:23:55","date_gmt":"2013-07-09T11:23:55","guid":{"rendered":"http:\/\/wp.leiklist.is\/?p=4257"},"modified":"2013-07-09T11:23:55","modified_gmt":"2013-07-09T11:23:55","slug":"borgarleikhusie-hleypir-fraeesludeild-af-stokkunum","status":"publish","type":"post","link":"https:\/\/leiklist.is\/en\/borgarleikhusie-hleypir-fraeesludeild-af-stokkunum\/","title":{"rendered":"Borgarleikh\u00fasi\u00f0 hleypir fr\u00e6\u00f0sludeild af stokkunum"},"content":{"rendered":"<p>Borgarleikh\u00fasi\u00f0 hefur hleypt af stokkunum fr\u00e6\u00f0sludeild sem starfar vi\u00f0 leikh\u00fasi\u00f0. Markmi\u00f0 deildarinnar er a\u00f0 opna Borgarleikh\u00fasi\u00f0 enn frekar fyrir ungum leikh\u00fasgestum og a\u00f0 gl\u00e6\u00f0a, me\u00f0 auknu frambo\u00f0i \u00e1 fr\u00e6\u00f0slu, \u00e1huga almennings \u00e1 leikh\u00fasi og \u00fev\u00ed starfi sem \u00fear fer fram, me\u00f0 s\u00e9rstakri \u00e1herslu \u00e1 unga \u00e1horfendur. \u00c1str\u00f3s El\u00edsd\u00f3ttir hefur veri\u00f0 r\u00e1\u00f0in fr\u00e6\u00f0slufulltr\u00fai Borgarleikh\u00fassins.<\/p>\n<p>  <!--more-->  <\/p>\n<p><strong>Metna\u00f0arfullar leikh\u00fasheims\u00f3knir fyrir 10 \u00e1ra b\u00f6rn<\/strong><br \/>\u00c1r hvert ver\u00f0ur \u00f6llum b\u00f6rnum \u00ed 5. bekkjum grunnsk\u00f3la Reykjav\u00edkur bo\u00f0i\u00f0 \u00ed heims\u00f3kn \u00ed Borgarleikh\u00fasi\u00f0 heilan morgun \u00fear sem t\u00e6kif\u00e6ri gefst til a\u00f0 sko\u00f0a leikh\u00fasi\u00f0, sj\u00e1 leiks\u00fdningu og taka \u00fe\u00e1tt \u00ed leiksmi\u00f0ju. Leiks\u00fdningin sem bo\u00f0i\u00f0 ver\u00f0ur upp \u00e1 n\u00e6sta vetur er Hamlet litli sem er fj\u00f6rleg s\u00fdning sem byggir \u00e1 sj\u00e1lfum Hamlet eftir Shakespeare. Bergur \u00de\u00f3r Ing\u00f3lfsson mun leikst\u00fdra verkinu en hans s\u00ed\u00f0asta uppf\u00e6rsla er Mary Poppins sem er vins\u00e6lasta s\u00fdning \u00e1rsins. Eins og fram hefur komi\u00f0 mun leikh\u00fasi\u00f0 setja upp Hamlet um j\u00f3lin \u00fear sem \u00d3lafur Darri fer me\u00f0 titilhlutverki\u00f0. Unni\u00f0 ver\u00f0ur a\u00f0 undirb\u00faningi heims\u00f3knanna og \u00farvinnslu \u00ed samstarfi vi\u00f0 kennara barnanna.<\/p>\n<p><strong>T\u00f6frar leikh\u00fassins fyrir leiksk\u00f3la borgarinnar<\/strong><br \/>Leiksk\u00f3lab\u00f6rnum \u00ed borginni ver\u00f0ur bo\u00f0i\u00f0 \u00ed leikh\u00fasi\u00f0 \u00fear sem kappkosta\u00f0 ver\u00f0ur a\u00f0 opna t\u00f6fraheim leikh\u00fassins fyrir yngstu \u00e1horfendunum. Auk \u00feess sem b\u00f6rnunum ver\u00f0a s\u00fdndar \u00fdmsar leikh\u00fasbrellur munu \u00fdmsar kynjaverur skj\u00f3ta upp kollinum.<\/p>\n<p><strong>Fyrirlestrar\u00f6\u00f0 \u00ed framhaldssk\u00f3lum <\/strong><br \/>Borgarleikh\u00fasi\u00f0 mun bj\u00f3\u00f0a upp \u00e1 fyrirlestra \u00ed framhaldssk\u00f3lum um starf leikarans og ferli leiks\u00fdningar fr\u00e1 fyrstu \u00e6fingu fram a\u00f0 frums\u00fdningu.<\/p>\n<p><strong>Fj\u00f6lbreytt n\u00e1mskei\u00f0 fyrir almenning og \u00fatg\u00e1fa fr\u00e6\u00f0sluefnis<\/strong><br \/>Eins og undanfarin \u00e1r mun Borgarleikh\u00fasi\u00f0 bj\u00f3\u00f0a upp \u00e1 fj\u00f6lda n\u00e1mskei\u00f0a fyrir almenning, m.a. \u00ed samstarfi vi\u00f0 Endurmenntun H\u00cd. N\u00e1mskei\u00f0in kallast \u00e1 vi\u00f0 verkefni leik\u00e1rsins \u00fear sem fr\u00e6\u00f0imenn fara d\u00fdpra \u00ed vi\u00f0fangsefni uppsetninganna og veita \u00feannig d\u00fdpri skilning \u00e1 verkunum sem bo\u00f0i\u00f0 er upp \u00e1 \u00e1 fj\u00f6lum leikh\u00fassins. Borgarleikh\u00fasi\u00f0 hyggst gefa \u00fat fr\u00e6\u00f0sluefni um nokkrar s\u00fdningar vetrarins sem sk\u00f3lum og einstaklingum er velkomi\u00f0 a\u00f0 n\u00fdta vi\u00f0 kennslu og fr\u00e6\u00f0slu. Til stendur a\u00f0 framlei\u00f0a myndb\u00f6nd um starfi\u00f0 \u00ed leikh\u00fasinu, vinnu \u00f3l\u00edkra listamanna og l\u00edfi\u00f0 a\u00f0 tjaldabaki.<\/p>\n<p><strong>Sko\u00f0unarfer\u00f0ir og Opi\u00f0 h\u00fas<\/strong><br \/>Sem fyrr ver\u00f0ur teki\u00f0 \u00e1 m\u00f3ti h\u00f3pum \u00ed heims\u00f3knir baksvi\u00f0s \u00ed Borgarleikh\u00fasinu og n\u00e6sta vetur ver\u00f0ur tekin upp s\u00fa n\u00fdbreytni a\u00f0 bj\u00f3\u00f0a upp \u00e1 opnar sko\u00f0unarfer\u00f0ir fyrir almenning \u2013 A\u00f0 tjaldabaki \u2013 \u00e1 augl\u00fdstum dagsetningum. \u00de\u00e1 er \u00e1st\u00e6\u00f0a til a\u00f0 minna \u00e1 Opi\u00f0 h\u00fas \u00ed Borgarleikh\u00fasinu \u00feann 31. \u00e1g\u00fast, en s\u00e1 vi\u00f0bur\u00f0ur hefur fest sig r\u00e6kilega \u00ed sessi undanfarin \u00e1r. \u00dear er t\u00f6fraheimur leikh\u00fassins opna\u00f0ur \u00f6llum og gestum b\u00fd\u00f0st a\u00f0 sj\u00e1 brot \u00far fj\u00f6lm\u00f6rgum verkum vetrarins, fara \u00ed lei\u00f0s\u00f6gufer\u00f0ir og kynnast starfseminni n\u00e1i\u00f0. Opna h\u00fasi\u00f0 \u00ed Borgarleikh\u00fasinu hefur slegi\u00f0 r\u00e6kilega \u00ed gegn og hefur veri\u00f0 st\u00fatfullt h\u00fas undanfarin \u00e1r en \u00e1rlegur gestafj\u00f6ldi hefur veri\u00f0 \u00e1 bilinu 10-13.000 gestir.<\/p>\n<p><strong>Fj\u00f6lbreytt dagskr\u00e1 fyrir fj\u00f6lskyldur og ungt f\u00f3lk<\/strong><br \/>Auk hef\u00f0bundinna barnas\u00fdninga hefur Borgarleikh\u00fasi\u00f0 lagt \u00e1herslu \u00e1 a\u00f0 bj\u00f3\u00f0a upp \u00e1 leiks\u00fdningar sem eru kj\u00f6rnar fyrir fj\u00f6lskyldur til a\u00f0 nj\u00f3ta saman. \u00c1 n\u00e6sta leik\u00e1ri ver\u00f0a nokkrar s\u00fdningar \u00e1 fj\u00f6lum Borgarleikh\u00fassins sem h\u00f6f\u00f0a sterkt til ungs f\u00f3lks og barna. Hef\u00f0bundnar barnas\u00fdningar \u00e1 n\u00e6sta \u00e1ri eru Hamlet litli sem Bergur \u00de\u00f3r Ing\u00f3lfsson leikst\u00fdrir og J\u00f3lah\u00e1t\u00ed\u00f0 me\u00f0 Skoppu og Skr\u00edtlu. \u00de\u00e1 h\u00f6ldum vi\u00f0 \u00e1fram a\u00f0 s\u00fdna vins\u00e6lustu leiks\u00fdningu \u00e1rsins, Mary Poppins en h\u00fan h\u00f6f\u00f0ar til fj\u00f6lskyldunnar allrar. Me\u00f0al annarra s\u00fdninga leik\u00e1rsins sem eru tilvaldar fyrir f\u00f3lk \u00e1 \u00f6llum aldri eru Fur\u00f0ulegt h\u00e1ttalag hunds um n\u00f3tt og M\u00fds og menn. \u00c1 s\u00ed\u00f0ustu \u00e1rum hefur f\u00e6rst \u00ed v\u00f6xt a\u00f0 sk\u00f3lar hafi fj\u00f6lmennt \u00e1 \u00fdmsar s\u00fdningar Borgarleikh\u00fassins og oft hefur veri\u00f0 bo\u00f0i\u00f0 upp \u00e1 umr\u00e6\u00f0ur \u00e1 eftir, \u00feessar heims\u00f3knir hafa veri\u00f0 afar \u00e1n\u00e6gjulegar \u00e1 b\u00e1\u00f0a b\u00f3ga og bera vitni um aukinn \u00e1huga \u00e1 leikh\u00fasi og leikh\u00fasstarfseminni. Borgarleikh\u00fasi\u00f0 er sta\u00f0r\u00e1\u00f0i\u00f0 \u00ed a\u00f0 breg\u00f0ast vi\u00f0 \u00feessum \u00e1huga og er stofnun fr\u00e6\u00f0sludeildar mikilv\u00e6gasta skrefi\u00f0 \u00ed \u00fe\u00e1 \u00e1tt.\u00de\u00e1 mun fr\u00e6\u00f0sludeild kappkosta a\u00f0 fagna hvers kyns umleitunum ungs f\u00f3lks \u00ed \u00e1tt a\u00f0 leikh\u00fasi og sty\u00f0ja vi\u00f0 \u00fe\u00e6r. \u00c1str\u00f3s El\u00edsd\u00f3ttir hefur veri\u00f0 r\u00e1\u00f0in \u00ed starf fr\u00e6\u00f0slufulltr\u00faa, en h\u00fan er leikh\u00fasfr\u00e6\u00f0ingur a\u00f0 mennt.<\/p>\n<p>\u201e\u00c9g er full tilhl\u00f6kkunar a\u00f0 takast \u00e1 vi\u00f0 \u00feetta skemmtilega verkefni. Leikh\u00fasmenntun ungs f\u00f3lks er m\u00e9r hugleikin og au\u00f0vita\u00f0 grundvallaratri\u00f0i fyrir fram\u00fer\u00f3un leiklistar. \u00de\u00e1 finnst m\u00e9r fr\u00e1b\u00e6rt a\u00f0 ganga til li\u00f0s vi\u00f0 \u00feann g\u00f3\u00f0a h\u00f3p sem \u00ed Borgarleikh\u00fasinu starfar. \u00deetta ver\u00f0ur gaman,\u201c segir \u00c1str\u00f3s El\u00edsd\u00f3ttir.<\/p>\n<p>\u201eVi\u00f0 erum afskaplega gl\u00f6\u00f0 a\u00f0 geta n\u00fa hleypt fr\u00e6\u00f0sludeild af stokkunum. \u00dea\u00f0 hefur veri\u00f0 draumur okkar um nokkurra \u00e1ra skei\u00f0 a\u00f0 auka fr\u00e6\u00f0slustarf leikh\u00fassins og setja \u00fea\u00f0 \u00ed fastari skor\u00f0ur. \u00c1 undanf\u00f6rnum \u00e1rum h\u00f6fum vi\u00f0 \u00e1tt \u00ed afar g\u00f3\u00f0u samstarfi vi\u00f0 sk\u00f3la og teki\u00f0 \u00e1 m\u00f3ti gr\u00ed\u00f0arlegum fj\u00f6lda f\u00f3lks \u00ed leikh\u00fasinu en n\u00fa me\u00f0 stofnun formlegrar fr\u00e6\u00f0sludeildar getum vi\u00f0 s\u00f3tt fram og styrkt \u00feennan \u00fe\u00e1tt \u00ed starfseminni svo um munar,\u201c segir Magn\u00fas Geir \u00de\u00f3r\u00f0arson leikh\u00fasstj\u00f3ri Borgarleikh\u00fassins.<\/p>","protected":false},"excerpt":{"rendered":"<p>Borgarleikh\u00fasi\u00f0 hefur hleypt af stokkunum fr\u00e6\u00f0sludeild sem starfar vi\u00f0 leikh\u00fasi\u00f0. Markmi\u00f0 deildarinnar er a\u00f0 opna Borgarleikh\u00fasi\u00f0 enn frekar fyrir ungum leikh\u00fasgestum og a\u00f0 gl\u00e6\u00f0a, me\u00f0 auknu frambo\u00f0i \u00e1 fr\u00e6\u00f0slu, \u00e1huga almennings \u00e1 leikh\u00fasi og \u00fev\u00ed starfi sem \u00fear fer fram, me\u00f0 s\u00e9rstakri \u00e1herslu \u00e1 unga \u00e1horfendur. \u00c1str\u00f3s El\u00edsd\u00f3ttir hefur veri\u00f0 r\u00e1\u00f0in fr\u00e6\u00f0slufulltr\u00fai Borgarleikh\u00fassins.<\/p>","protected":false},"author":3,"featured_media":4256,"comment_status":"open","ping_status":"open","sticky":false,"template":"","format":"standard","meta":{"_et_pb_use_builder":"","_et_pb_old_content":"","_et_gb_content_width":"","footnotes":""},"categories":[187],"tags":[],"class_list":["post-4257","post","type-post","status-publish","format-standard","has-post-thumbnail","hentry","category-allar-frir","et-has-post-format-content","et_post_format-et-post-format-standard"],"_links":{"self":[{"href":"https:\/\/leiklist.is\/en\/wp-json\/wp\/v2\/posts\/4257","targetHints":{"allow":["GET"]}}],"collection":[{"href":"https:\/\/leiklist.is\/en\/wp-json\/wp\/v2\/posts"}],"about":[{"href":"https:\/\/leiklist.is\/en\/wp-json\/wp\/v2\/types\/post"}],"author":[{"embeddable":true,"href":"https:\/\/leiklist.is\/en\/wp-json\/wp\/v2\/users\/3"}],"replies":[{"embeddable":true,"href":"https:\/\/leiklist.is\/en\/wp-json\/wp\/v2\/comments?post=4257"}],"version-history":[{"count":0,"href":"https:\/\/leiklist.is\/en\/wp-json\/wp\/v2\/posts\/4257\/revisions"}],"wp:featuredmedia":[{"embeddable":true,"href":"https:\/\/leiklist.is\/en\/wp-json\/wp\/v2\/media\/4256"}],"wp:attachment":[{"href":"https:\/\/leiklist.is\/en\/wp-json\/wp\/v2\/media?parent=4257"}],"wp:term":[{"taxonomy":"category","embeddable":true,"href":"https:\/\/leiklist.is\/en\/wp-json\/wp\/v2\/categories?post=4257"},{"taxonomy":"post_tag","embeddable":true,"href":"https:\/\/leiklist.is\/en\/wp-json\/wp\/v2\/tags?post=4257"}],"curies":[{"name":"wp","href":"https:\/\/api.w.org\/{rel}","templated":true}]}}