{"id":42485,"date":"2026-04-01T13:28:51","date_gmt":"2026-04-01T13:28:51","guid":{"rendered":"https:\/\/leiklist.is\/?p=42485"},"modified":"2026-04-01T13:28:51","modified_gmt":"2026-04-01T13:28:51","slug":"addamsfjolskyldan-hja-leikflokknum","status":"publish","type":"post","link":"https:\/\/leiklist.is\/en\/addamsfjolskyldan-hja-leikflokknum\/","title":{"rendered":"Addamsfj\u00f6lskyldan hj\u00e1 Leikflokknum"},"content":{"rendered":"<p><span style=\"color: #333333;\">Leikflokkur H\u00fana\u00feings vestra s\u00fdnir gamans\u00f6ngleikinn <strong>Addams fj\u00f6lskyldan<\/strong> um p\u00e1skana 2026. Leikstj\u00f3ri og \u00fe\u00fd\u00f0andi er Sigur\u00f0ur L\u00edndal og dansh\u00f6fundur er Benjamin Di&#8217;Ath. Addams fj\u00f6lskylduna \u00feekkja margir en \u00feetta er engu a\u00f0 s\u00ed\u00f0ur \u00ed fyrsta sinn sem s\u00f6ngleikurinn er s\u00fdndur \u00e1 \u00cdslandi.<br \/>\nS\u00f6ngleikurinn, bygg\u00f0ur \u00e1 pers\u00f3num The Addams Family eftir Charles Addams, sn\u00fdst um \u00fea\u00f0 \u00feegar Wednesday Addams gerir hi\u00f0 \u00f3hugsandi: h\u00fan ver\u00f0ur \u00e1stfangin af alveg hreint \u201evenjulegum\u201c str\u00e1k, Lucas Beineke.<br \/>\nH\u00fan l\u00e6tur f\u00f6\u00f0ur sinn, Gomez, lofa a\u00f0 segja Morticiu m\u00f3\u00f0ur sinni ekkert \u2013 sem er \u00e1l\u00edka raunh\u00e6ft og a\u00f0 bi\u00f0ja sprengju um a\u00f0 hv\u00edsla. \u00deegar foreldrum Lucasar er svo bo\u00f0i\u00f0 \u00ed kv\u00f6ldver\u00f0 m\u00e6tast tveir gj\u00f6r\u00f3l\u00edkir heimar: s\u00f3lskinsleg kurteisi Beineke-fj\u00f6lskyldunnar og d\u00e1samlega dimmur veruleiki Addams-\u00e6ttarinnar.<br \/>\nLeyndarm\u00e1l springa, dramat\u00edk magnast og allt fer \u00far b\u00f6ndunum me\u00f0 s\u00f6ng og sv\u00f6rtum h\u00famor. A\u00f0 lokum sn\u00fdst sagan \u00fe\u00f3 um \u00e1st, traust og a\u00f0 sam\u00feykkja a\u00f0 \u00fea\u00f0 sem er \u201ee\u00f0lilegt\u201c er bara afst\u00e6tt \u2013 s\u00e9rstaklega \u00feegar fj\u00f6lskyldan \u00fe\u00edn elskar myrkri\u00f0.<br \/>\n\u00deetta er fj\u00f3r\u00f0i s\u00f6ngleikurinn sem Leikflokkur H\u00fana\u00feings vestra setur upp en \u00ed \u00e1r eru t\u00edu \u00e1r s\u00ed\u00f0an fyrsti s\u00f6ngleikurinn <strong>S\u00faperstar<\/strong> var s\u00fdndur. Ekkert er slaka\u00f0 \u00e1 \u00ed framsetningu, frekar en \u00ed hinum s\u00f6ngleikjauppf\u00e6rslunum, en \u00feess m\u00e1 geta a\u00f0 \u00e1ri\u00f0 2019 var uppf\u00e6rsla leikflokksins \u00e1 H\u00e1rinu valin athyglisver\u00f0asta \u00e1hugaleiks\u00fdning af \u00dej\u00f3\u00f0leikh\u00fasinu.<br \/>\nS\u00fdningadagar eru 1. apr\u00edl, 2. apr\u00edl (Sk\u00edrdagur) , 4. apr\u00edl og 6. apr\u00edl (Annar \u00ed p\u00e1skum).<br \/>\nMi\u00f0ar f\u00e1st inn\u00e1 <a href=\"https:\/\/tix.is\/event\/21087\/addamsfjolskyldan\">tix.is<\/a><\/span><\/p>","protected":false},"excerpt":{"rendered":"<p>Leikflokkur H\u00fana\u00feings vestra s\u00fdnir gamans\u00f6ngleikinn Addams fj\u00f6lskyldan um p\u00e1skana 2026. Leikstj\u00f3ri og \u00fe\u00fd\u00f0andi er Sigur\u00f0ur L\u00edndal og dansh\u00f6fundur er Benjamin Di&#8217;Ath. Addams fj\u00f6lskylduna \u00feekkja margir en \u00feetta er engu a\u00f0 s\u00ed\u00f0ur \u00ed fyrsta sinn sem s\u00f6ngleikurinn er s\u00fdndur \u00e1 \u00cdslandi. S\u00f6ngleikurinn, bygg\u00f0ur \u00e1 pers\u00f3num The Addams Family eftir Charles Addams, sn\u00fdst um \u00fea\u00f0 \u00feegar Wednesday [&hellip;]<\/p>\n","protected":false},"author":3,"featured_media":42486,"comment_status":"closed","ping_status":"closed","sticky":true,"template":"","format":"standard","meta":{"_et_pb_use_builder":"","_et_pb_old_content":"","_et_gb_content_width":"","footnotes":""},"categories":[187],"tags":[],"class_list":["post-42485","post","type-post","status-publish","format-standard","has-post-thumbnail","hentry","category-allar-frir","et-has-post-format-content","et_post_format-et-post-format-standard"],"_links":{"self":[{"href":"https:\/\/leiklist.is\/en\/wp-json\/wp\/v2\/posts\/42485","targetHints":{"allow":["GET"]}}],"collection":[{"href":"https:\/\/leiklist.is\/en\/wp-json\/wp\/v2\/posts"}],"about":[{"href":"https:\/\/leiklist.is\/en\/wp-json\/wp\/v2\/types\/post"}],"author":[{"embeddable":true,"href":"https:\/\/leiklist.is\/en\/wp-json\/wp\/v2\/users\/3"}],"replies":[{"embeddable":true,"href":"https:\/\/leiklist.is\/en\/wp-json\/wp\/v2\/comments?post=42485"}],"version-history":[{"count":1,"href":"https:\/\/leiklist.is\/en\/wp-json\/wp\/v2\/posts\/42485\/revisions"}],"predecessor-version":[{"id":42487,"href":"https:\/\/leiklist.is\/en\/wp-json\/wp\/v2\/posts\/42485\/revisions\/42487"}],"wp:featuredmedia":[{"embeddable":true,"href":"https:\/\/leiklist.is\/en\/wp-json\/wp\/v2\/media\/42486"}],"wp:attachment":[{"href":"https:\/\/leiklist.is\/en\/wp-json\/wp\/v2\/media?parent=42485"}],"wp:term":[{"taxonomy":"category","embeddable":true,"href":"https:\/\/leiklist.is\/en\/wp-json\/wp\/v2\/categories?post=42485"},{"taxonomy":"post_tag","embeddable":true,"href":"https:\/\/leiklist.is\/en\/wp-json\/wp\/v2\/tags?post=42485"}],"curies":[{"name":"wp","href":"https:\/\/api.w.org\/{rel}","templated":true}]}}