{"id":42319,"date":"2026-03-12T09:26:16","date_gmt":"2026-03-12T09:26:16","guid":{"rendered":"https:\/\/leiklist.is\/?p=42319"},"modified":"2026-03-13T10:55:58","modified_gmt":"2026-03-13T10:55:58","slug":"rocky-horror-a-husavik","status":"publish","type":"post","link":"https:\/\/leiklist.is\/en\/rocky-horror-a-husavik\/","title":{"rendered":"Rocky Horror \u00e1 H\u00fasav\u00edk"},"content":{"rendered":"<p><span style=\"color: #333333;\">Leikf\u00e9lag H\u00fasav\u00edkur frums\u00fdnir s\u00f6ngleikinn <strong>Rocky Horror l<\/strong>augardaginn 14. mars kl. 16:00 . Richard O\u2019Brien er h\u00f6fundur verksins og \u00fe\u00fd\u00f0ingin sem LH notast vi\u00f0 var \u00ed h\u00f6ndum Braga Valdimars Sk\u00falasonar. Vi\u00f0 fengum til li\u00f0s vi\u00f0 okkur leikstj\u00f3rann Eyvind Karlsson. Hann m\u00e6tti nor\u00f0ur um mi\u00f0jan jan\u00faar og ganga \u00e6fingar og allur undirb\u00faningur mj\u00f6g vel.<br \/>\nThe Rocky Horror Picture Show er verk me\u00f0 kraftmikilli t\u00f3nlist og skrautlegum pers\u00f3num sem f\u00f3lk \u00feekkir vel. S\u00fdningin skartar tilkomumikilli svi\u00f0smynd, gl\u00e6silegri l\u00fdsingu, svakalegum b\u00faningum, meirih\u00e1ttar f\u00f6r\u00f0un, glannalegum atri\u00f0um og leikarah\u00f3pi sem samanstendur af m\u00f6rgum n\u00fdjum \u00fe\u00e1tttakendum \u00ed bland vi\u00f0 reyndara f\u00f3lk. \u00de\u00e1 ber a\u00f0 nefna afar vel manna\u00f0a hlj\u00f3msveit sem s\u00e9r um t\u00f3nlistarflutning \u00e1 svi\u00f0inu.<\/span><\/p>\n<p>Fossh\u00f3tel H\u00fasav\u00edk ver\u00f0ur me\u00f0 leikh\u00fastilbo\u00f0 \u00ed samvinnu vi\u00f0 LH svo f\u00f3lki er ekkert a\u00f0 vanb\u00fana\u00f0i a\u00f0 dr\u00edfa sig nor\u00f0ur \u00ed menningarfer\u00f0.<br \/>\nMi\u00f0asala er \u00e1 <a href=\"https:\/\/tix.is\/event\/21176\/rocky-horror-leikfelag-husavikur\">tix.is<\/a> en einnig h\u00e6gt a\u00f0 hafa samband \u00ed s\u00edma 8941129 og \u00e1 netfangi\u00f0 <a href=\"mailto:leikfelaghusavikur9@gmail.com\">leikfelaghusavikur9@gmail.com<\/a>. Einnig er h\u00e6gt a\u00f0 fylgjast me\u00f0 starfinu \u00e1 samf\u00e9lagsmi\u00f0lunum okkar.<\/p>","protected":false},"excerpt":{"rendered":"<p>Leikf\u00e9lag H\u00fasav\u00edkur frums\u00fdnir s\u00f6ngleikinn Rocky Horror laugardaginn 14. mars kl. 16:00 . Richard O\u2019Brien er h\u00f6fundur verksins og \u00fe\u00fd\u00f0ingin sem LH notast vi\u00f0 var \u00ed h\u00f6ndum Braga Valdimars Sk\u00falasonar. Vi\u00f0 fengum til li\u00f0s vi\u00f0 okkur leikstj\u00f3rann Eyvind Karlsson. Hann m\u00e6tti nor\u00f0ur um mi\u00f0jan jan\u00faar og ganga \u00e6fingar og allur undirb\u00faningur mj\u00f6g vel. The Rocky Horror [&hellip;]<\/p>\n","protected":false},"author":3,"featured_media":42321,"comment_status":"closed","ping_status":"closed","sticky":true,"template":"","format":"standard","meta":{"_et_pb_use_builder":"","_et_pb_old_content":"","_et_gb_content_width":"","footnotes":""},"categories":[1],"tags":[],"class_list":["post-42319","post","type-post","status-publish","format-standard","has-post-thumbnail","hentry","category-uncategorized","et-has-post-format-content","et_post_format-et-post-format-standard"],"_links":{"self":[{"href":"https:\/\/leiklist.is\/en\/wp-json\/wp\/v2\/posts\/42319","targetHints":{"allow":["GET"]}}],"collection":[{"href":"https:\/\/leiklist.is\/en\/wp-json\/wp\/v2\/posts"}],"about":[{"href":"https:\/\/leiklist.is\/en\/wp-json\/wp\/v2\/types\/post"}],"author":[{"embeddable":true,"href":"https:\/\/leiklist.is\/en\/wp-json\/wp\/v2\/users\/3"}],"replies":[{"embeddable":true,"href":"https:\/\/leiklist.is\/en\/wp-json\/wp\/v2\/comments?post=42319"}],"version-history":[{"count":7,"href":"https:\/\/leiklist.is\/en\/wp-json\/wp\/v2\/posts\/42319\/revisions"}],"predecessor-version":[{"id":42370,"href":"https:\/\/leiklist.is\/en\/wp-json\/wp\/v2\/posts\/42319\/revisions\/42370"}],"wp:featuredmedia":[{"embeddable":true,"href":"https:\/\/leiklist.is\/en\/wp-json\/wp\/v2\/media\/42321"}],"wp:attachment":[{"href":"https:\/\/leiklist.is\/en\/wp-json\/wp\/v2\/media?parent=42319"}],"wp:term":[{"taxonomy":"category","embeddable":true,"href":"https:\/\/leiklist.is\/en\/wp-json\/wp\/v2\/categories?post=42319"},{"taxonomy":"post_tag","embeddable":true,"href":"https:\/\/leiklist.is\/en\/wp-json\/wp\/v2\/tags?post=42319"}],"curies":[{"name":"wp","href":"https:\/\/api.w.org\/{rel}","templated":true}]}}