{"id":42223,"date":"2026-02-25T09:01:06","date_gmt":"2026-02-25T09:01:06","guid":{"rendered":"https:\/\/leiklist.is\/?p=42223"},"modified":"2026-02-25T10:05:43","modified_gmt":"2026-02-25T10:05:43","slug":"leiklistarskoli-bil-2026","status":"publish","type":"post","link":"https:\/\/leiklist.is\/en\/leiklistarskoli-bil-2026\/","title":{"rendered":"Leiklistarsk\u00f3li B\u00cdL 2026"},"content":{"rendered":"<h4 style=\"text-align: center;\"><strong>STARFST\u00cdMI SK\u00d3LANS ER 20. \u2013 28. J\u00daN\u00cd 2026 A\u00d0 REYKJASK\u00d3LA \u00cd HR\u00daTAFIR\u00d0I.<\/strong><\/h4>\n<h3 style=\"text-align: center;\">&#8212; <strong><a href=\"https:\/\/leiklist.is\/en\/leiklistarskoli-bil-2026-umsokn\/\">Smella h\u00e9r til a\u00f0 s\u00e6kja um!<\/a><span style=\"color: #ff0000;\">*<\/span><\/strong><strong> &#8212; \u00a0<\/strong><\/h3>\n<p style=\"text-align: center;\"><em><span style=\"color: #ff0000;\"><span style=\"color: #000000;\">(<\/span>*<\/span>Opna\u00f0 fyrir skr\u00e1ningu 1. mars kl. 12.00)<br \/>\n<strong>3. apr\u00edl f\u00e1 ums\u00e6kjendur svar vi\u00f0 ums\u00f3kn. ATH! Sta\u00f0festingargjald a\u00f0 upph\u00e6\u00f0 40.000 kr. \u00fearf a\u00f0 vera greitt til a\u00f0 ums\u00f3kn s\u00e9 sam\u00feykkt!\u00a0<\/strong><\/em><\/p>\n<p>&nbsp;<\/p>\n<hr \/>\n<h2 style=\"text-align: center;\">KVE\u00d0JA FR\u00c1 SK\u00d3LANEFND<\/h2>\n<p><img loading=\"lazy\" decoding=\"async\" class=\"aligncenter wp-image-39747\" src=\"https:\/\/leiklist.is\/wp-content\/uploads\/2024\/02\/Skolafolk2024-300x63.jpg\" alt=\"\" width=\"700\" height=\"147\" srcset=\"https:\/\/leiklist.is\/wp-content\/uploads\/2024\/02\/Skolafolk2024-300x63.jpg 300w, https:\/\/leiklist.is\/wp-content\/uploads\/2024\/02\/Skolafolk2024-1024x215.jpg 1024w, https:\/\/leiklist.is\/wp-content\/uploads\/2024\/02\/Skolafolk2024-768x161.jpg 768w, https:\/\/leiklist.is\/wp-content\/uploads\/2024\/02\/Skolafolk2024-18x4.jpg 18w, https:\/\/leiklist.is\/wp-content\/uploads\/2024\/02\/Skolafolk2024-1080x227.jpg 1080w, https:\/\/leiklist.is\/wp-content\/uploads\/2024\/02\/Skolafolk2024-600x126.jpg 600w, https:\/\/leiklist.is\/wp-content\/uploads\/2024\/02\/Skolafolk2024.jpg 1196w\" sizes=\"auto, (max-width: 700px) 100vw, 700px\" \/><\/p>\n<p><strong>K\u00e6ru leiklistarvinir!<\/strong><\/p>\n<div dir=\"auto\">\n<div class=\"x14z9mp xat24cr x1lziwak x1vvkbs xtlvy1s\">\n<div dir=\"auto\">K\u00e6ru leiklistarvinir!<\/div>\n<\/div>\n<div class=\"x14z9mp xat24cr x1lziwak x1vvkbs xtlvy1s\">\n<div dir=\"auto\">\u00dea\u00f0 er okkur s\u00f6nn \u00e1n\u00e6gja a\u00f0 bj\u00f3\u00f0a ykkur velkomin \u00ed Reykjask\u00f3la \u00ed sumar \u00fear sem leiklistarsk\u00f3linn okkar ver\u00f0ur settur \u00ed tuttugasta og n\u00edunda sinn. Sk\u00f3linn bl\u00f3mstrar sem aldrei fyrr og vi\u00f0 sj\u00e1um fram \u00e1 mikla sk\u00f6pun, metna\u00f0 og gle\u00f0i \u00ed sumar.<\/div>\n<\/div>\n<div class=\"x14z9mp xat24cr x1lziwak x1vvkbs xtlvy1s\">\n<div dir=\"auto\">A\u00f0 \u00feessu sinni ver\u00f0a fj\u00f6gur fj\u00f6lbreytt n\u00e1mskei\u00f0 \u00ed bo\u00f0i: \u00c1g\u00fasta Sk\u00falad\u00f3ttir ver\u00f0ur me\u00f0 Leiklist I, n\u00e1mskei\u00f0 fyrir n\u00fdli\u00f0a og styttra komna. Karl \u00c1g\u00fast \u00dalfsson heldur leiksk\u00e1ldum vi\u00f0 efni\u00f0 me\u00f0 S\u00e9rn\u00e1mskei\u00f0i \u00ed leikritun sem er kennt \u00ed fyrsta sinn. Gr\u00edma Kristj\u00e1nsd\u00f3ttir m\u00e6tir aftur og kennir Improv n\u00e1mskei\u00f0, en langt er s\u00ed\u00f0an \u00fea\u00f0 var s\u00ed\u00f0ast \u00ed bo\u00f0i. \u00dea\u00f0 er svo s\u00e9rst\u00f6k \u00e1n\u00e6gja a\u00f0 f\u00e1 \u00de\u00f3rhildi \u00d6rvarsd\u00f3ttur aftur til a\u00f0 kenna vi\u00f0 sk\u00f3lann en h\u00fan mun kenna Complete vocal. \u00de\u00f3rhildur kenndi n\u00e1mskei\u00f0i\u00f0 s\u00ed\u00f0ast hj\u00e1 okkur \u00e1ri\u00f0 2010. Vi\u00f0 vonum a\u00f0 sem flestir eigi \u00feess kost a\u00f0 koma, nema og nj\u00f3ta me\u00f0 okkur \u00ed sk\u00f3lanum \u00ed sumar.<\/div>\n<\/div>\n<\/div>\n<p>Hl\u00f6kkum til a\u00f0 sj\u00e1 ykkur \u2013 me\u00f0 bestu kve\u00f0ju,<br \/>\n<strong>Elli, J\u00f3nhei\u00f0ur, Hrefna, G\u00edsli Bj\u00f6rn og Gu\u00f0finna<\/strong><\/p>\n<hr \/>\n<p><strong><img loading=\"lazy\" decoding=\"async\" class=\"alignright wp-image-37245\" src=\"https:\/\/leiklist.is\/wp-content\/uploads\/2022\/03\/AgustaSkula08-300x288.jpg\" alt=\"\" width=\"270\" height=\"260\" srcset=\"https:\/\/leiklist.is\/wp-content\/uploads\/2022\/03\/AgustaSkula08-300x288.jpg 300w, https:\/\/leiklist.is\/wp-content\/uploads\/2022\/03\/AgustaSkula08-12x12.jpg 12w, https:\/\/leiklist.is\/wp-content\/uploads\/2022\/03\/AgustaSkula08-600x577.jpg 600w, https:\/\/leiklist.is\/wp-content\/uploads\/2022\/03\/AgustaSkula08.jpg 650w\" sizes=\"auto, (max-width: 270px) 100vw, 270px\" \/><\/strong><\/p>\n<h2><strong>LEIKLIST I<\/strong><br \/>\nKennari: \u00c1g\u00fasta Sk\u00falad\u00f3ttir<br \/>\nN\u00e1mskei\u00f0sgjald: 116.000 kr.<\/h2>\n<p>N\u00e1mskei\u00f0i\u00f0 er grunnn\u00e1mskei\u00f0 fyrir leikara og \u00feeir ganga fyrir sem ekki hafa s\u00f3tt Leiklist I. N\u00e6sta sumar ver\u00f0ur haldi\u00f0 framhaldsn\u00e1mskei\u00f0 sem byggir \u00e1 \u00feessu n\u00e1mskei\u00f0i.<\/p>\n<p>\u00c1 n\u00e1mskei\u00f0inu ver\u00f0ur fari\u00f0 \u00ed grunnatri\u00f0i \u00ed list leikarans. L\u00f6g\u00f0 ver\u00f0ur \u00e1hersla \u00e1 a\u00f0 leysa \u00far vi\u00f0jum frumorku, einl\u00e6gni og sk\u00f6punargle\u00f0i, samband leikarans vi\u00f0 sj\u00e1lfan sig, me\u00f0leikara og \u00e1horfendur. Unni\u00f0 ver\u00f0ur me\u00f0 l\u00edkamsbeitingu og texta og einnig ver\u00f0ur k\u00edkt \u00e1 mismunandi leika\u00f0fer\u00f0ir e\u00f0a leikst\u00edla eins og t.d. gle\u00f0ileik, dramat\u00edk, Bouffon og mel\u00f3drama..<br \/>\nNemendur munu takast \u00e1 vi\u00f0 agann sem \u00fearf a\u00f0 vera til sta\u00f0ar \u00ed st\u00f3rum, st\u00edlf\u00e6r\u00f0um h\u00f3psenum en einnig ver\u00f0ur fari\u00f0 \u00ed spuna \u00ed sm\u00e6rri h\u00f3pum, tv\u00edleik og stuttum einleikjum. Mikilv\u00e6gi li\u00f0sheildar h\u00f3ps ver\u00f0ur r\u00edkjandi \u00fe\u00e1ttur n\u00e1mskei\u00f0sins \u00fev\u00ed \u00feegar hlustun og leikgle\u00f0i r\u00e1\u00f0a r\u00edkjum getur allt gerst!<br \/>\nMott\u00f3 n\u00e1mskei\u00f0sins: Einn fyrir alla \u2013 allir fyrir einn!!<\/p>\n<p><strong><em>\u00c1g\u00fasta Sk\u00falad\u00f3ttir<\/em><\/strong> er einn reyndasti leikstj\u00f3ri landsins. Leikstj\u00f3rnarverkefni hennar me\u00f0 atvinnu- og \u00e1hugaf\u00f3lki eru or\u00f0in um \u00fea\u00f0 bil 70 talsins \u00e1 undanf\u00f6rnum 20 \u00e1rum og spanna allt fr\u00e1 litlum br\u00fa\u00f0us\u00fdningum upp \u00ed st\u00f3rar \u00f3perur, fr\u00e1 einleikjum til gr\u00edmus\u00fdninga \u00e1n or\u00f0a og mannmargra s\u00f6ngleikja. Sem leikstj\u00f3ri hefur h\u00fan einnig unni\u00f0 fj\u00f6lda leiksmi\u00f0juverka, \u00fear sem s\u00fdning ver\u00f0ur til \u00far grunnhugmynd \u00ed samvinnu leikh\u00f3ps og listr\u00e6nna stj\u00f3rnenda. \u00cd \u00fev\u00ed sambandi m\u00e1 nefna <b>Grimms<\/b> me\u00f0 Leikf\u00e9lagi K\u00f3pavogs, <b>Klaufa og k\u00f3ngsd\u00e6tur<\/b> \u00ed \u00dej\u00f3\u00f0leikh\u00fasinu, <b>\u00c6vint\u00fdri Munch\u00e1sens<\/b> \u00ed Gaflaraleikh\u00fasinu og <b>Gosa \u2013 \u00e6vint\u00fdri sp\u00fdtustr\u00e1ks<\/b> \u00ed Borgarleikh\u00fasinu. \u00c1 s\u00ed\u00f0ustu \u00e1rum hefur \u00c1g\u00fasta sett upp s\u00fdningar eins og <b>Kardemommub\u00e6inn<\/b> \u00ed \u00dej\u00f3\u00f0leikh\u00fasinu, <b>Nj\u00e1lu \u00e1 hundava\u00f0i<\/b> \u00ed Borgarleikh\u00fasi, <b>B\u00edddu bara<\/b> \u00ed Gaflaraleikh\u00fasinu, heilgr\u00edmus\u00fdninguna <b>Hetju!<\/b> og kve\u00f0jus\u00fdningu Karls \u00c1g\u00fasts <b>F\u00edfli\u00f0<\/b> Tjarnarb\u00ed\u00f3i. H\u00fan er einnig leikstj\u00f3ri uppistandss\u00fdningarinnar <b>Madame Tourette<\/b> og <b>Hva\u00f0 sem \u00fei\u00f0 vilji\u00f0<\/b> eftir Shakespeare \u00ed \u00dej\u00f3\u00f0leikh\u00fasinu, <b>Gilitrutt<\/b> me\u00f0 leikh\u00f3pnum Lottu, <b>Hollv\u00e6ttir \u00e1 hei\u00f0inni<\/b> sem s\u00fdnt var \u00ed Sl\u00e1turh\u00fasinu \u00e1 Egilsst\u00f6\u00f0um og \u00f3peruna <b>Hli\u00f0arspor<\/b> \u00ed Gamla b\u00ed\u00f3i.<\/p>\n<p>&nbsp;<\/p>\n<hr \/>\n<h2><strong><img loading=\"lazy\" decoding=\"async\" class=\"alignright wp-image-39749\" src=\"https:\/\/leiklist.is\/wp-content\/uploads\/2024\/02\/KarlAgust_headshoot-240x300.jpg\" alt=\"\" width=\"270\" height=\"338\" srcset=\"https:\/\/leiklist.is\/wp-content\/uploads\/2024\/02\/KarlAgust_headshoot-240x300.jpg 240w, https:\/\/leiklist.is\/wp-content\/uploads\/2024\/02\/KarlAgust_headshoot-10x12.jpg 10w, https:\/\/leiklist.is\/wp-content\/uploads\/2024\/02\/KarlAgust_headshoot.jpg 600w\" sizes=\"auto, (max-width: 270px) 100vw, 270px\" \/>LEIKRITUN &#8211; S\u00e9rn\u00e1mskei\u00f0<\/strong><br \/>\nKennari: Karl \u00c1g\u00fast \u00dalfsson<br \/>\nN\u00e1mskei\u00f0sgjald: 116.000 kr.<\/h2>\n<p><span style=\"color: #333333;\"><b><\/b><strong>\u00de<\/strong><strong>eir sem hafa loki\u00f0 Leikritun I og II hafa forgang \u00e1 \u00feetta n\u00e1mskei\u00f0. <\/strong>S\u00e9rn\u00e1mskei\u00f0 \u00ed leikritun \u00a0er \u00e6tla\u00f0 nemendum sem teki\u00f0 hafa n\u00e1mskei\u00f0 1 og 2, e\u00f0a hafa samb\u00e6rilega reynslu sem leiksk\u00e1ld &#8211; hafa skrifa\u00f0 st\u00f3r leikrit fr\u00e1 upphafi til enda. \u00deeir ums\u00e6kjendur ganga fyrir sem s\u00f3tt hafa Leikritun I og II \u00ed Leiklistarsk\u00f3la B\u00cdL. \u00c1 n\u00e1mskei\u00f0inu er ekki \u00e6tlunin a\u00f0 vinna a\u00f0 l\u00f6ngum verkum, heldur munum vi\u00f0 sko\u00f0a s\u00e9rstaklega uppbyggingu, hv\u00f6rf, framvindu s\u00f6gunnar, pers\u00f3nusk\u00f6pun og fleira. Vi\u00f0 munum einnig vinna me\u00f0 mismunandi st\u00edl og gera \u00e6fingar sem beinast a\u00f0 \u00f3l\u00edkum flokkum leikrita, til d\u00e6mis me\u00f0 \u00fev\u00ed a\u00f0 sko\u00f0a dramat\u00edk, farsa, harmleiki, gle\u00f0ileiki, f\u00e1r\u00e1nleika og fleira. H\u00f3purinn mun vinna saman \u00e1 k\u00f6flum, en einnig munu tveir og tveir vinna a\u00f0 st\u00f6kum verkefnum, b\u00e6\u00f0i sj\u00e1lfst\u00e6tt og \u00ed samvinnu vi\u00f0 kennarann.<\/span><\/p>\n<p><span style=\"color: #262626;\"><strong><em>Karl \u00c1g\u00fast \u00dalfsson<\/em><\/strong> hefur starfa\u00f0 sem leikari, leikstj\u00f3ri, \u00fe\u00fd\u00f0andi og h\u00f6fundur \u00ed r\u00edflega fj\u00f6rut\u00edu \u00e1r. Hann hefur starfa\u00f0 vi\u00f0 \u00dej\u00f3\u00f0leikh\u00fasi\u00f0, Leikf\u00e9lag Reykjav\u00edkur, Leikf\u00e9lag Akureyrar og fj\u00f6lda frj\u00e1lsra leikh\u00f3pa \u00ed gegnum t\u00ed\u00f0ina. Sem leikari er hann etv. \u00feekktastur fyrir leik sinn \u00ed <b>L\u00edfmyndunum<\/b> og \u00ed \u00feeim \u00f3teljandi \u00fe\u00e1ttum sem <b>Spaugstofan<\/b> sendi \u00fat \u00e1 R\u00daV og St\u00f6\u00f0 2, en hann var einnig handritsh\u00f6fundur \u00feeirra \u00fe\u00e1tta. Sem \u00fe\u00fd\u00f0andi hefur hann \u00fe\u00fdtt vel yfir sext\u00edu leikrit eftir h\u00f6funda eins og <b>Shakespeare<\/b>, <b>Ibsen<\/b>, <b>John Ford<\/b>, <b>Tennesee Williams<\/b>, <b>Mrozek<\/b>, <b>Fassbinder<\/b> og fleiri. Einnig s\u00f6ngleiki eins og <b>Galdrakarlinn \u00ed Oz<\/b>, <b>S\u00f6gu \u00far vesturb\u00e6num<\/b>, <b>Rent<\/b>, <b>Kabarett<\/b> og <b>Billy Elliot<\/b>. Uppsett leikverk eftir Karl eru \u00e1 milli tuttugu og \u00ferj\u00e1t\u00edu, skrifu\u00f0 fyrir svi\u00f0, \u00fatvarp og sj\u00f3nvarp en hann hefur einnig rita\u00f0 kvikmyndahandrit. Af verkum hans m\u00e1 nefna\u00a0 til d\u00e6mis <b>\u00cd hv\u00edtu myrkri<\/b>, <b>F\u00f6gru ver\u00f6ld<\/b>, <b>\u00d6rf\u00e1 s\u00e6ti laus<\/b>, <b>Gosa<\/b>, <b>S\u00f3l og M\u00e1na<\/b>, <b>Gulleyjuna<\/b>, <b>\u00d3 \u00feessi \u00fej\u00f3\u00f0<\/b>, <b>Harr\u00fd og Heimi<\/b>, <b>\u00cd skugga Sveins<\/b>. <b>Gallsteina afa Gissa<\/b> og <b>F\u00edfli\u00f0<\/b>.<\/span><\/p>\n<p>&nbsp;<\/p>\n<hr \/>\n<h2><strong><img loading=\"lazy\" decoding=\"async\" class=\"alignright wp-image-40953\" src=\"https:\/\/leiklist.is\/wp-content\/uploads\/2025\/02\/Grima_portrait-200x300.png\" alt=\"\" width=\"250\" height=\"375\" srcset=\"https:\/\/leiklist.is\/wp-content\/uploads\/2025\/02\/Grima_portrait-200x300.png 200w, https:\/\/leiklist.is\/wp-content\/uploads\/2025\/02\/Grima_portrait-8x12.png 8w, https:\/\/leiklist.is\/wp-content\/uploads\/2025\/02\/Grima_portrait-600x900.png 600w, https:\/\/leiklist.is\/wp-content\/uploads\/2025\/02\/Grima_portrait.png 667w\" sizes=\"auto, (max-width: 250px) 100vw, 250px\" \/>Improv n\u00e1mskei\u00f0<\/strong><br \/>\nKennari: Gr\u00edma Kristj\u00e1nsd\u00f3ttir<br \/>\nN\u00e1mskei\u00f0sgjald: 116.000 kr.<\/h2>\n<p><span style=\"color: #333333;\"><b>S\u00e9rn\u00e1mskei\u00f0 \u00ed leiklist, \u00e6tla\u00f0 \u00feeim sem s\u00f3tt hafa Leiklist I og II og e\u00f0a samb\u00e6rileg grunnn\u00e1mskei\u00f0 e\u00f0a hafa umtalsver\u00f0a reynslu af svi\u00f0sleik. <\/b><strong>\u00de<\/strong><\/span><strong>eir sem hafa teki\u00f0 leiklist I og II hafa forgang \u00e1 s\u00e9rn\u00e1mskei\u00f0.<\/strong><\/p>\n<p><span style=\"color: #333333;\">Spuni er au\u00f0vita\u00f0 bara \u00ed grunninn a\u00f0 gera eitthva\u00f0 sem ekki er b\u00fai\u00f0 a\u00f0 \u00e1kve\u00f0a e\u00f0a \u00e6fa \u00e1\u00f0ur og h\u00e6gt a\u00f0 nota hann \u00e1 margv\u00edslegan hann.\u00a0 \u00c1 \u00feessu n\u00e1mskei\u00f0i ver\u00f0ur kenndur gr\u00ednspuni, betur \u00feekktur undir enska hugtakinu \u201aImprov\u2018.\u00a0 Fyrst ver\u00f0ur fari\u00f0 \u00ed grunnreglur spunans, hvernig h\u00e6gt er a\u00f0 sleppa t\u00f6kunum, nota \u00fea\u00f0 sem kemur fyrst upp \u00ed hugann og leyfa spunanum a\u00f0 halda \u00e1fram \u00ed samvinnu allra \u00e1 svi\u00f0inu.\u00a0 \u00cd framhaldinu ver\u00f0ur improv formi\u00f0 kynnt inn og hvernig er h\u00e6gt a\u00f0 byggja upp senur me\u00f0 \u00e1kve\u00f0num a\u00f0fer\u00f0um \u00feannig a\u00f0 \u00fe\u00e6r ver\u00f0i fyndnar og skemmtilegar.\u00a0 Hugtaki\u00f0 \u201eLeikurinn\u201c (e. The game) og hvernig vi\u00f0 finnum \u00f6ryggi \u00ed honum er \u00ed brennidepli \u00e1 n\u00e1mskei\u00f0inu, hvernig h\u00e6gt er a\u00f0 finna saman hva\u00f0 er hi\u00f0 fyndna (Leikurinn) \u00ed senunni sem ver\u00f0ur til og halda svo \u00e1fram a\u00f0 byggja senuna.\u00a0 S\u00ed\u00f0an ver\u00f0a kynnt mismunandi spunaform sem h\u00e6gt er a\u00f0 byggja \u00e1 \u00feegar s\u00fdndar eru spunas\u00fdningar og me\u00f0 \u00feeim er byggt enn meira ofan \u00e1 formi\u00f0, hvernig vi\u00f0 f\u00e6rum s\u00f6mu gr\u00ednhugmyndina \u00e1 milli mismunandi sena.<\/span><\/p>\n<p>Gr\u00ednspuni \u00ed sj\u00e1lfu s\u00e9r er mj\u00f6g skemmtilegt form sem er skemmtilegt a\u00f0 l\u00e6ra og s\u00fdna \u00e1 svi\u00f0i.\u00a0 En spuni yfir h\u00f6fu\u00f0 getur l\u00edka n\u00fdst okkur vel \u00ed leiklistinni me\u00f0 \u00fdmsum h\u00e6tti og \u00e6tti hver sem er a\u00f0 fara af \u00feessu n\u00e1mskei\u00f0i me\u00f0 n\u00fdtileg verkf\u00e6ri \u00ed farteskinu.<\/p>\n<p>\u00deetta er \u00ed anna\u00f0 sinn sem Gr\u00edma kennir vi\u00f0 sk\u00f3lann.<\/p>\n<p>&nbsp;<\/p>\n<hr \/>\n<h2><strong><img loading=\"lazy\" decoding=\"async\" class=\"alignright wp-image-42244 size-medium\" src=\"https:\/\/leiklist.is\/wp-content\/uploads\/2026\/02\/hilda_hs_small_BW-258x300.jpg\" alt=\"\" width=\"258\" height=\"300\" srcset=\"https:\/\/leiklist.is\/wp-content\/uploads\/2026\/02\/hilda_hs_small_BW-258x300.jpg 258w, https:\/\/leiklist.is\/wp-content\/uploads\/2026\/02\/hilda_hs_small_BW-10x12.jpg 10w, https:\/\/leiklist.is\/wp-content\/uploads\/2026\/02\/hilda_hs_small_BW.jpg 558w\" sizes=\"auto, (max-width: 258px) 100vw, 258px\" \/>Complete Vocal<\/strong><br \/>\nKennari: \u00de\u00f3rhildur \u00d6rvarsd\u00f3ttir<br \/>\nN\u00e1mskei\u00f0sgjald: 116.000 kr.<\/h2>\n<p>\u00c1 \u00feessu n\u00e1mskei\u00f0i k\u00f6fum vi\u00f0 ofan \u00ed undraheim raddarinnar me\u00f0 Complete Vocal Technique (CVT). Grunnstefi\u00f0 er einfalt: \u00d6ll hlj\u00f3\u00f0 raddarinnar eru leyfileg og m\u00f6guleg me\u00f0 r\u00e9ttri t\u00e6kni og a\u00f0fer\u00f0um. Markmi\u00f0i\u00f0 me\u00f0 n\u00e1mskei\u00f0inu er a\u00f0 \u00fe\u00e1tttakendur \u00f6\u00f0list haldg\u00f3\u00f0a \u00feekkingu \u00e1 virkni raddarinnar, auki raddlega getu og v\u00edkki \u00fat hugmyndina um hva\u00f0 \u00fe\u00edn eigin r\u00f6dd getur \u00ed raun og veru. Vi\u00f0 fl\u00e9ttum saman \u00feekkingu, t\u00e6kni og s\u00f6ng \u00e1 opinn og lifandi h\u00e1tt:<span class=\"Apple-converted-space\">\u00a0<\/span><\/p>\n<ul>\n<li>Fyrirlestrar \u2013 t\u00e6kni og l\u00edffr\u00e6\u00f0i: Vi\u00f0 sko\u00f0um hvernig r\u00f6ddin virkar \u00ed raun og veru. H\u00e9r sv\u00f6rum vi\u00f0 spurningunum um \u00fea\u00f0 hvernig r\u00f6ddin framlei\u00f0ir t\u00f3n og \u00far hva\u00f0a hlutum hann er bygg\u00f0ur. Fari\u00f0 er yfir undirst\u00f6\u00f0uatri\u00f0i eins og \u00f6ndun, stu\u00f0ning og raddb\u00f6nd. Vi\u00f0 pr\u00f3fum okkur \u00e1fram me\u00f0 mismunandi \u201eg\u00edra\u201c, raddlit og effekta.<span class=\"Apple-converted-space\">\u00a0<\/span><\/li>\n<li>Masterclass \u2013 \u00fe\u00edn n\u00e1lgun: \u00cd \u00feessum hluta n\u00e1mskei\u00f0sins f\u00e1 allir pl\u00e1ss til a\u00f0 vinna me\u00f0 s\u00edn eigin markmi\u00f0. Hvort sem \u00fe\u00fa vilt mastera eitthva\u00f0 s\u00e9rstakt lag, n\u00e1 t\u00f6kum \u00e1 \u00e1kve\u00f0num \u00fe\u00e1ttum \u00ed eigin r\u00f6dd e\u00f0a bara almennt styrkja t\u00e6knina \u00fe\u00edna \u00fe\u00e1 f\u00e6r\u00f0u h\u00e9r t\u00e6kif\u00e6ri til \u00feess. H\u00e9r notum vi\u00f0 \u00feekkinguna \u00far fyrirlestrinum til a\u00f0 \u00fej\u00e1lfa eigin t\u00e6kni. H\u00e9r ver\u00f0ur l\u00edka t\u00e6kif\u00e6ri til a\u00f0 vinna me\u00f0 tala\u00f0an texta. \u00cd mastercl\u00f6ssunum l\u00e6rum vi\u00f0 jafnt af okkar eigin vinnu og \u00fev\u00ed a\u00f0 fylgjast me\u00f0 \u00f6\u00f0rum \u2013 \u00f6ll taka \u00fe\u00e1tt allan t\u00edmann.<span class=\"Apple-converted-space\">\u00a0<\/span><\/li>\n<\/ul>\n<p>Vi\u00f0 leggjum r\u00edka \u00e1herslu \u00e1 pers\u00f3nulegan st\u00edl. H\u00e9r sk\u00f6pum vi\u00f0 \u00f6ruggt r\u00fdmi fyrir tilraunastarfsemi og listr\u00e6nt frelsi, \u00fear sem \u00fe\u00fa f\u00e6r\u00f0 a\u00f0 pr\u00f3fa \u00feig \u00e1fram me\u00f0 \u00fe\u00edna eigin r\u00f6dd undir faglegri lei\u00f0s\u00f6gn.<\/p>\n<p><strong>Um kennarann<br \/>\n<\/strong>\u00de\u00f3rhildur \u00d6rvarsd\u00f3ttir er s\u00f6ng- og raddkennari me\u00f0 yfir 20 \u00e1ra reynslu af raddvinnu me\u00f0 s\u00f6ngvurum og leikurum. H\u00fan \u00fatskrifa\u00f0ist fr\u00e1 S\u00f6ngsk\u00f3lanum \u00ed Reykjav\u00edk 2000, stunda\u00f0i n\u00e1m \u00ed<span class=\"Apple-converted-space\">\u00a0 <\/span>s\u00f6ng- og s\u00f6ngkennslu vi\u00f0 Complete Vocal Institue, Kaupmannah\u00f6fn, 2005-2008, lauk meistarapr\u00f3fi \u00ed mi\u00f0aladafr\u00e6\u00f0um fr\u00e1 h\u00e1sk\u00f3lanum \u00ed Aberdeen 2022 auk \u00feess sem h\u00fan stundar n\u00fa meistaran\u00e1m \u00ed menntunarfr\u00e6\u00f0um vi\u00f0 H\u00e1sk\u00f3lann \u00e1 Akureyri.<span class=\"Apple-converted-space\"><br \/>\n<\/span>H\u00fan hefur komi\u00f0 a\u00f0 radd\u00fej\u00e1lfun vi\u00f0 s\u00fdningar \u00ed \u00f6llum atvinnuleikh\u00fasum landsins og kennt vi\u00f0 leikarabraut LH\u00cd. H\u00fan hefur h\u00fan haldi\u00f0 fj\u00f6lm\u00f6rg n\u00e1mskei\u00f0 \u00ed raddbeitingu fyrir s\u00f6ngvara og leikara um allt land. \u00de\u00f3rhildur starfar n\u00fa sem kennari vi\u00f0 Svi\u00f0slistabraut Menntask\u00f3lans \u00e1 Akureyri og sem s\u00f6ngkennari og fagstj\u00f3ri rytm\u00edskrar s\u00f6ngdeildar vi\u00f0 T\u00f3nlistarsk\u00f3lann \u00e1 Akureyri.<\/p>\n<p>&nbsp;<\/p>\n<hr \/>\n<h2 style=\"text-align: center;\"><strong>ALMENNAR UPPL\u00ddSINGAR<\/strong><\/h2>\n<p><strong><img loading=\"lazy\" decoding=\"async\" class=\"alignright wp-image-42242 size-medium\" src=\"https:\/\/leiklist.is\/wp-content\/uploads\/2026\/02\/Skolamynd_augl2026-300x211.jpg\" alt=\"\" width=\"300\" height=\"211\" srcset=\"https:\/\/leiklist.is\/wp-content\/uploads\/2026\/02\/Skolamynd_augl2026-300x211.jpg 300w, https:\/\/leiklist.is\/wp-content\/uploads\/2026\/02\/Skolamynd_augl2026-768x539.jpg 768w, https:\/\/leiklist.is\/wp-content\/uploads\/2026\/02\/Skolamynd_augl2026-18x12.jpg 18w, https:\/\/leiklist.is\/wp-content\/uploads\/2026\/02\/Skolamynd_augl2026-600x421.jpg 600w, https:\/\/leiklist.is\/wp-content\/uploads\/2026\/02\/Skolamynd_augl2026.jpg 1016w\" sizes=\"auto, (max-width: 300px) 100vw, 300px\" \/>Skr\u00e1ning \u00ed sk\u00f3lann<\/strong> stendur yfir fr\u00e1 1. mars til og me\u00f0 31. mars. Ums\u00f3knir skal fylla \u00fat \u00e1 Leiklistarvefnum, www.leiklist.is. Opna\u00f0 ver\u00f0ur fyrir ums\u00f3knir 1. mars. kl. 12.00.<\/p>\n<ul>\n<li>Reglan <em><strong>Fyrstur kemur \u2013 fyrstur f\u00e6r<\/strong><\/em> gildir vi\u00f0 skr\u00e1ningar gegn grei\u00f0slu sta\u00f0festingargjalds, kr. 40.000, ef innt\u00f6kuskilyr\u00f0um er fulln\u00e6gt a\u00f0 \u00f6\u00f0ru leyti. <em><strong>Sj\u00e1 forkr\u00f6fur n\u00e1mskei\u00f0a!<\/strong> <\/em><\/li>\n<li>Sta\u00f0festingargjald dregst fr\u00e1 endanlegu sk\u00f3lagjaldi. Ef velja \u00fearf \u00e1 milli ums\u00e6kjenda gerir sk\u00f3lanefnd \u00fea\u00f0 \u00e1 grundvelli fyrri menntunar og reynslu vi\u00f0komandi.<\/li>\n<li>N\u00e1ist ekki \u00e1s\u00e6ttanlegur fj\u00f6ldi \u00e1 tilteki\u00f0 n\u00e1mskei\u00f0 fellur \u00fea\u00f0 ni\u00f0ur.<\/li>\n<li>Aldurstakmark \u00ed sk\u00f3lann er 18 \u00e1r.<\/li>\n<li><a href=\"https:\/\/leiklist.is\/en\/skolareglur-2024\/\">Sk\u00f3linn hefur sett s\u00e9r reglur<\/a>, m.a. um umgengni, reykingar og \u00e1fengisneyslu, sem nemendur sam\u00feykkja a\u00f0 fara eftir \u00e1 starfst\u00edma sk\u00f3lans.<\/li>\n<\/ul>\n<hr \/>\n<p><strong>Starfst\u00edmi sk\u00f3lans \u00e1 \u00feessu \u00e1ri er fr\u00e1 20. til 28. j\u00fan\u00ed.<\/strong> Sk\u00f3lasetning er laugardaginn 20. j\u00fan\u00ed kl. 9.00 og hefjast n\u00e1mskei\u00f0in strax \u00fear \u00e1 eftir. Nemendur eru velkomnir a\u00f0 Reykjask\u00f3la kv\u00f6ldi\u00f0 fyrir sk\u00f3lasetningu, fr\u00e1 kl. 20.00 en \u00fe\u00e1 er ekki bo\u00f0i\u00f0 upp \u00e1 kv\u00f6ldver\u00f0. Sk\u00f3laslit eru kl. 12.00 sunnudaginn 28. j\u00fan\u00ed. Vi\u00f0urkenningarskj\u00f6l og merki sk\u00f3lans ver\u00f0a afhent vi\u00f0 sk\u00f3laslit.<\/p>\n<p><strong>A\u00f0sta\u00f0a \u00ed Reykjask\u00f3la:<br \/>\n<\/strong>Svefnherbergin eru b\u00fain 2-4 r\u00famum og koddi og s\u00e6ng fylgja en nemendur \u00feurfa a\u00f0 hafa me\u00f0 s\u00e9r lak og s\u00e6ngurf\u00f6t. Nemendur hafi me\u00f0 s\u00e9r handkl\u00e6\u00f0i og sundf\u00f6t. Sundlaug og heitir pottar eru \u00e1 sta\u00f0num, einnig er n\u00e1tt\u00farulaug opin \u00f6llum. Minnum s\u00e9rstaklega \u00e1 a\u00f0 taka me\u00f0 s\u00e9r hl\u00fd f\u00f6t, bendum einnig \u00e1 a\u00f0 ekki er \u00fevottav\u00e9l til afnota fyrir nemendur, auk \u00feess er gott a\u00f0 hafa me\u00f0 fj\u00f6ltengi. Innfali\u00f0 \u00ed sk\u00f3lagjaldi er fullt f\u00e6\u00f0i, \u00fe.e. morgunmatur, h\u00e1degismatur og kv\u00f6ldmatur auk kaffiveitinga tvisvar \u00e1 dag.<\/p>\n<p>Haldi\u00f0 er lokah\u00f3f s\u00ed\u00f0asta kv\u00f6ldi\u00f0 \u00fear sem f\u00f3lk kl\u00e6\u00f0ir sig upp \u00e1, kve\u00f0ur kennarana s\u00edna og skemmtir hvert \u00f6\u00f0ru me\u00f0 dansi og s\u00f6ng.<\/p>\n<p><strong>Sk\u00f3lagjald:<br \/>\n<\/strong><em><strong>\u00de\u00e1ttt\u00f6kugjald \u00e1 n\u00e1mskei\u00f0 er 116.000 kr. Sk\u00f3lagjaldi\u00f0 skal vera a\u00f0 fullu greitt \u00ed s\u00ed\u00f0asta lagi 1. j\u00fan\u00ed 2026.<br \/>\n<\/strong><\/em><strong>Sta\u00f0festingargjald er kr. 40.000. Ums\u00f3kn er \u00fe\u00e1 fyrst gild a\u00f0 b\u00fai\u00f0 s\u00e9 a\u00f0 grei\u00f0a sta\u00f0festingargjald!<\/strong> Sta\u00f0festingargjald er \u00f3endurkr\u00e6ft nema gegn framv\u00edsun l\u00e6knisvottor\u00f0s.<br \/>\nInnifali\u00f0 \u00ed \u00fe\u00e1ttt\u00f6kugjaldi er gisting, matur, kennsla og g\u00f6gn.<br \/>\n<strong>Sta\u00f0festingargjald<\/strong> skal grei\u00f0a fyrir\u2028 <strong>31. mars<\/strong>, a\u00f0 \u00f6\u00f0rum kosti fellur ums\u00f3kn ni\u00f0ur. Grei\u00f0a skal til Bandalags \u00edslenskra leikf\u00e9laga og skal senda tilkynningu \u00e1 netfangi\u00f0 <a href=\"mailto:info@leiklist.is\">info@leiklist.is<\/a>:<br \/>\n<em><strong>Millif\u00e6rslureikningur er 334-26-5463 &#8211; Kt. 440169-0239. Taki\u00f0 sk\u00fdrt fram ef annar en ums\u00e6kjandi grei\u00f0ir!\u00a0<\/strong><\/em><\/p>\n<p><em><strong>\u00a0<\/strong><\/em>Me\u00f0limum a\u00f0ildarf\u00e9laga Bandalags \u00edslenskra leikf\u00e9laga er bent \u00e1 a\u00f0 f\u00e9l\u00f6gin geta s\u00f3tt um sm\u00e1 styrk til Bandalagsins ef \u00feau senda nemendur \u00ed sk\u00f3lann. \u00de\u00e1 styrkja m\u00f6rg st\u00e9ttarf\u00e9l\u00f6g t\u00f3mstundastarf f\u00e9lagsmanna og fellur Leiklistarsk\u00f3linn \u00fear undir.<\/p>\n<p><strong>Kennarar sk\u00f3lans og starfsf\u00f3lk:<\/strong><br \/>\nSk\u00f3last\u00fdri \u2014 F. Elli Hafli\u00f0ason , <a href=\"mailto:donellione@gmail.com\">donellione@gmail.com<\/a><br \/>\nSk\u00f3last\u00fdri \u2014 J\u00f3nhei\u00f0ur \u00cdsleifsd\u00f3ttir, <a href=\"mailto:jonheidur@gmail.com\">jonheidur@gmail.com<\/a><br \/>\nLeiklist I \u2014 \u00c1g\u00fasta Sk\u00falad\u00f3ttir, <a href=\"mailto:agustaskula@gmail.com\">agustaskula@gmail.com<\/a><br \/>\nLeikritun III \u2014\u00a0 Karl \u00c1g\u00fast \u00dalfsson, <a href=\"mailto:undur@stormerki.is\">undur@stormerki.is<\/a><br \/>\nImprov \u2014 Gr\u00edma Kristj\u00e1nsd\u00f3ttir, <a href=\"mailto:grimakrist@gmail.com\">grimakrist@gmail.com<\/a><br \/>\nComplete Vocal Technique &#8211; \u00de\u00f3rhildur \u00d6rvarsd\u00f3ttir, <a href=\"mailto:hilda.orvars@gmail.com\">hilda.orvars@gmail.com<\/a><\/p>\n<p>Hafi\u00f0 samband vi\u00f0 <strong>\u00dej\u00f3nustumi\u00f0st\u00f6\u00f0 B\u00cdL<\/strong> ef spurningar eru var\u00f0andi sk\u00f3lann e\u00f0a anna\u00f0 honum tengt:<\/p>\n<p>Bandalag \u00edslenskra leikf\u00e9laga, Kleppsm\u00fdrarvegi 8, 104 Reykjav\u00edk<br \/>\ns\u00edmi 551 6974, netfang <a href=\"mailto:info@leiklist.is\">info@leiklist.is<\/a>, veffang <a href=\"https:\/\/leiklist.is\/en\/\">www.leiklist.is<\/a><\/p>\n<p>&nbsp;<\/p>","protected":false},"excerpt":{"rendered":"<p>STARFST\u00cdMI SK\u00d3LANS ER 20. \u2013 28. J\u00daN\u00cd 2026 A\u00d0 REYKJASK\u00d3LA \u00cd HR\u00daTAFIR\u00d0I. &#8212; Smella h\u00e9r til a\u00f0 s\u00e6kja um!* &#8212; \u00a0 (*Opna\u00f0 fyrir skr\u00e1ningu 1. mars kl. 12.00) 3. apr\u00edl f\u00e1 ums\u00e6kjendur svar vi\u00f0 ums\u00f3kn. ATH! Sta\u00f0festingargjald a\u00f0 upph\u00e6\u00f0 40.000 kr. \u00fearf a\u00f0 vera greitt til a\u00f0 ums\u00f3kn s\u00e9 sam\u00feykkt!\u00a0 &nbsp; KVE\u00d0JA FR\u00c1 SK\u00d3LANEFND K\u00e6ru [&hellip;]<\/p>\n","protected":false},"author":3,"featured_media":0,"comment_status":"closed","ping_status":"closed","sticky":false,"template":"","format":"standard","meta":{"_et_pb_use_builder":"","_et_pb_old_content":"","_et_gb_content_width":"","footnotes":""},"categories":[190],"tags":[],"class_list":["post-42223","post","type-post","status-publish","format-standard","hentry","category-skn","et-doesnt-have-format-content","et_post_format-et-post-format-standard"],"_links":{"self":[{"href":"https:\/\/leiklist.is\/en\/wp-json\/wp\/v2\/posts\/42223","targetHints":{"allow":["GET"]}}],"collection":[{"href":"https:\/\/leiklist.is\/en\/wp-json\/wp\/v2\/posts"}],"about":[{"href":"https:\/\/leiklist.is\/en\/wp-json\/wp\/v2\/types\/post"}],"author":[{"embeddable":true,"href":"https:\/\/leiklist.is\/en\/wp-json\/wp\/v2\/users\/3"}],"replies":[{"embeddable":true,"href":"https:\/\/leiklist.is\/en\/wp-json\/wp\/v2\/comments?post=42223"}],"version-history":[{"count":22,"href":"https:\/\/leiklist.is\/en\/wp-json\/wp\/v2\/posts\/42223\/revisions"}],"predecessor-version":[{"id":42304,"href":"https:\/\/leiklist.is\/en\/wp-json\/wp\/v2\/posts\/42223\/revisions\/42304"}],"wp:attachment":[{"href":"https:\/\/leiklist.is\/en\/wp-json\/wp\/v2\/media?parent=42223"}],"wp:term":[{"taxonomy":"category","embeddable":true,"href":"https:\/\/leiklist.is\/en\/wp-json\/wp\/v2\/categories?post=42223"},{"taxonomy":"post_tag","embeddable":true,"href":"https:\/\/leiklist.is\/en\/wp-json\/wp\/v2\/tags?post=42223"}],"curies":[{"name":"wp","href":"https:\/\/api.w.org\/{rel}","templated":true}]}}