{"id":42204,"date":"2026-02-12T14:41:06","date_gmt":"2026-02-12T14:41:06","guid":{"rendered":"https:\/\/leiklist.is\/?p=42204"},"modified":"2026-03-12T09:27:18","modified_gmt":"2026-03-12T09:27:18","slug":"leikdeild-eflingar-frumsynir-threk-og-tar","status":"publish","type":"post","link":"https:\/\/leiklist.is\/en\/leikdeild-eflingar-frumsynir-threk-og-tar\/","title":{"rendered":"Leikdeild Eflingar frums\u00fdnir \u00derek og t\u00e1r"},"content":{"rendered":"<p>\u00derek og t\u00e1r, eitt af \u00e1sts\u00e6lustu verkum \u00d3lafs Hauks S\u00edmonarsonar ver\u00f0ur \u00e1 fj\u00f6lunum hj\u00e1 leikdeild Umf. Eflingar \u00e1 Brei\u00f0um\u00fdri \u00ed vetur. Leikstj\u00f3ri er Mar\u00eda P\u00e1lsd\u00f3ttir og t\u00f3nlistarstj\u00f3ri P\u00e9tur Ing\u00f3lfsson.<\/p>\n<p>Verki\u00f0 er s\u00f6ngleikur sem fjallar um l\u00edf s\u00f6ngelskrar kaupmannsfj\u00f6lskyldu \u00ed Vesturb\u00e6num \u00e1 sj\u00f6unda \u00e1ratugnum. \u00cd verkinu koma fyrir \u00ferj\u00e1r kynsl\u00f3\u00f0ir fj\u00f6lskyldunnar en saga sonarins Dav\u00ed\u00f0s er rau\u00f0i \u00fer\u00e1\u00f0urinn sem lei\u00f0ir okkur \u00ed gegnum verki\u00f0 og fl\u00e9ttast \u00fdmis vins\u00e6l l\u00f6g fr\u00e1 \u00feessum t\u00edma inn \u00ed leikriti\u00f0 s.s. \u00derek og t\u00e1r, \u00cd r\u00f6kkurr\u00f3 og fleiri. L\u00edfi\u00f0 er \u00fe\u00f3 e.t.v. ekki allt dans \u00e1 r\u00f3sum og m\u00e1 finna \u00fdmis si\u00f0fer\u00f0ileg \u00e1litam\u00e1l inn \u00e1 milli d\u00e1samlegrar t\u00f3nlistar.<\/p>\n<p>Frums\u00fdning er f\u00f6studaginn 13. febr\u00faar kl. 20 \u00ed F\u00e9lagsheimilinu \u00e1 Brei\u00f0um\u00fdri \u00ed Reykjadal. Hin \u00f3missandi kaffih\u00fasastemning a\u00f0 h\u00e6tti Kvenf\u00e9lags Reykd\u00e6la ver\u00f0ur a\u00f0 sj\u00e1lfs\u00f6g\u00f0u fyrir s\u00fdningu og \u00ed leikhl\u00e9i. Mi\u00f0asala fer fram \u00ed gegnum s. 618-0847 og <a href=\"mailto:umfefling@gmail.com\">umfefling@gmail.com<\/a><span class=\"Apple-converted-space\">\u00a0<\/span><\/p>\n<p>N\u00e6stu s\u00fdningar eru:<br \/>\nFrums\u00fdning 13. febr\u00faar kl. 20 &#8211; Uppselt<br \/>\n2. s\u00fdning 15. febr\u00faar kl. 16<br \/>\n3. s\u00fdning 17. febr\u00faar kl. 20<br \/>\n4. s\u00fdning 24. febr\u00faar kl. 20<br \/>\n5. s\u00fdning 27. febr\u00faar<span class=\"Apple-converted-space\">\u00a0 <\/span>kl. 20<br \/>\n6. s\u00fdning 1. mars kl. 16<br \/>\n7. s\u00fdning 6. mars kl. 20<br \/>\n8. s\u00fdning 7. mars kl. 16<\/p>","protected":false},"excerpt":{"rendered":"<p>\u00derek og t\u00e1r, eitt af \u00e1sts\u00e6lustu verkum \u00d3lafs Hauks S\u00edmonarsonar ver\u00f0ur \u00e1 fj\u00f6lunum hj\u00e1 leikdeild Umf. Eflingar \u00e1 Brei\u00f0um\u00fdri \u00ed vetur. Leikstj\u00f3ri er Mar\u00eda P\u00e1lsd\u00f3ttir og t\u00f3nlistarstj\u00f3ri P\u00e9tur Ing\u00f3lfsson. Verki\u00f0 er s\u00f6ngleikur sem fjallar um l\u00edf s\u00f6ngelskrar kaupmannsfj\u00f6lskyldu \u00ed Vesturb\u00e6num \u00e1 sj\u00f6unda \u00e1ratugnum. \u00cd verkinu koma fyrir \u00ferj\u00e1r kynsl\u00f3\u00f0ir fj\u00f6lskyldunnar en saga sonarins Dav\u00ed\u00f0s er [&hellip;]<\/p>\n","protected":false},"author":3,"featured_media":42205,"comment_status":"closed","ping_status":"closed","sticky":false,"template":"","format":"standard","meta":{"_et_pb_use_builder":"","_et_pb_old_content":"","_et_gb_content_width":"","footnotes":""},"categories":[187],"tags":[],"class_list":["post-42204","post","type-post","status-publish","format-standard","has-post-thumbnail","hentry","category-allar-frir","et-has-post-format-content","et_post_format-et-post-format-standard"],"_links":{"self":[{"href":"https:\/\/leiklist.is\/en\/wp-json\/wp\/v2\/posts\/42204","targetHints":{"allow":["GET"]}}],"collection":[{"href":"https:\/\/leiklist.is\/en\/wp-json\/wp\/v2\/posts"}],"about":[{"href":"https:\/\/leiklist.is\/en\/wp-json\/wp\/v2\/types\/post"}],"author":[{"embeddable":true,"href":"https:\/\/leiklist.is\/en\/wp-json\/wp\/v2\/users\/3"}],"replies":[{"embeddable":true,"href":"https:\/\/leiklist.is\/en\/wp-json\/wp\/v2\/comments?post=42204"}],"version-history":[{"count":1,"href":"https:\/\/leiklist.is\/en\/wp-json\/wp\/v2\/posts\/42204\/revisions"}],"predecessor-version":[{"id":42206,"href":"https:\/\/leiklist.is\/en\/wp-json\/wp\/v2\/posts\/42204\/revisions\/42206"}],"wp:featuredmedia":[{"embeddable":true,"href":"https:\/\/leiklist.is\/en\/wp-json\/wp\/v2\/media\/42205"}],"wp:attachment":[{"href":"https:\/\/leiklist.is\/en\/wp-json\/wp\/v2\/media?parent=42204"}],"wp:term":[{"taxonomy":"category","embeddable":true,"href":"https:\/\/leiklist.is\/en\/wp-json\/wp\/v2\/categories?post=42204"},{"taxonomy":"post_tag","embeddable":true,"href":"https:\/\/leiklist.is\/en\/wp-json\/wp\/v2\/tags?post=42204"}],"curies":[{"name":"wp","href":"https:\/\/api.w.org\/{rel}","templated":true}]}}