{"id":4210,"date":"2013-05-14T12:28:43","date_gmt":"2013-05-14T12:28:43","guid":{"rendered":"http:\/\/wp.leiklist.is\/?p=4210"},"modified":"2020-03-02T09:53:27","modified_gmt":"2020-03-02T09:53:27","slug":"stjorn-bandalagsins-obreytt","status":"publish","type":"post","link":"https:\/\/leiklist.is\/en\/stjorn-bandalagsins-obreytt\/","title":{"rendered":"Stj\u00f3rn Bandalagsins \u00f3breytt"},"content":{"rendered":"<p>\u00deann 4. ma\u00ed sl. var a\u00f0afundur Bandalags \u00edslenskra leikf\u00e9laga haldinn \u00ed f\u00e9lagsheimilinu Logalandi \u00ed Reykholtsdal. \u00c1 fundinn m\u00e6ttu um 60 fulltr\u00faar fr\u00e1 19 leikf\u00e9l\u00f6gum sem er meira en yfirleitt hefur veri\u00f0 undanfarin \u00e1r. \u00deorgeir Tryggvason var endurkj\u00f6rinn forma\u00f0ur og \u00d3l\u00f6f \u00de\u00f3r\u00f0ard\u00f3ttir \u00ed stj\u00f3rn. Varastj\u00f3rn er l\u00edka \u00f3breytt nema hva\u00f0 Salbj\u00f6rg Engilbertsd\u00f3ttir, Leikf\u00e9lagi H\u00f3lmav\u00edkur t\u00f3k s\u00e6ti Magn\u00fasar J. Magn\u00fassonar sem gaf ekki kost \u00e1 s\u00e9r.<\/p>\n<p>  <!--more-->  <\/p>\n<p>Stj\u00f3rn Bandalagsins er \u00fev\u00ed \u00feannig skipu\u00f0:<\/p>\n<p>\u00deorgeir Tryggvason, Reykjav\u00edk, forma\u00f0ur<br \/>Gu\u00f0finna Gunnarsd\u00f3ttir, Selfossi, varaforma\u00f0ur<br \/>\u00d3l\u00f6f \u00de\u00f3r\u00f0ard\u00f3ttir, Mosfellsb\u00e6, ritari<br \/>Halld\u00f3r Sigurgeirsson, Eyjafjar\u00f0arsveit, me\u00f0stj\u00f3rnandi<br \/>og \u00der\u00e1inn Sigvaldason, Borgarfir\u00f0i eystri, me\u00f0stj\u00f3rnandi<\/p>\n<p>\u00cd varastj\u00f3rn sitja \u00der\u00fa\u00f0ur Sigur\u00f0ar, \u00deorl\u00e1ksh\u00f6fn, Bernhar\u00f0 Arnarson, H\u00f6rg\u00e1rdal, Embla Gu\u00f0mundsd\u00f3ttir, Reykholtsdal, Ylfa Mist Helgad\u00f3ttir, Bolungarv\u00edk og Salbj\u00f6rg Engilbertsd\u00f3ttir, H\u00f3lmav\u00edk.<\/p>\n<p><img loading=\"lazy\" decoding=\"async\" class=\"alignleft size-full wp-image-4206\" style=\"margin: 12px; float: left;\" alt=\"formogfram\" src=\"https:\/\/leiklist.is\/wp-content\/uploads\/2013\/05\/BIL_Adalfundir_2013b_formogfram.jpg\" height=\"150\" width=\"200\" \/>Fyrir fundinum l\u00e1 a\u00f0 leita lausna \u00e1 erfi\u00f0ri fj\u00e1rhaghagsst\u00f6\u00f0u Bandalagsins og koma henni r\u00e9ttu megin vi\u00f0 n\u00falli\u00f0. Lj\u00f3st er a\u00f0 ef a\u00f0 \u00fea\u00f0 tekst ekki me\u00f0 \u00f6\u00f0rum lei\u00f0um, ver\u00f0ur ekki hj\u00e1 \u00fev\u00ed komist a\u00f0 sker\u00f0a \u00fej\u00f3nustustig \u00fej\u00f3nustumi\u00f0st\u00f6\u00f0var. Fundarmenn voru almennt samm\u00e1la um a\u00f0 \u00e6skilegra v\u00e6ri a\u00f0 sker\u00f0a starfshlutfall starfsmanna en a\u00f0 gr\u00edpa til uppsagna \u00fear sem \u00fea\u00f0, a\u00f0 reka skrifstofuna me\u00f0 einum starfsmanni, \u00fe\u00fdddi mj\u00f6g mikla sker\u00f0ingu \u00e1 \u00fej\u00f3nustu. Stj\u00f3rn mun \u00ed samvinnu vi\u00f0 starfsf\u00f3lk vinna a\u00f0 \u00fatf\u00e6rslu \u00e1 \u00fev\u00ed hvernig best ver\u00f0ur hagr\u00e6tt \u00ed rekstrinum.<\/p>\n<p>\u00cd sk\u00fdrslu formanns kom fram a\u00f0 39 a\u00f0ildarf\u00e9l\u00f6g Bandalagsins sendu inn styrkums\u00f3knir fyrir alls 106 verkefni fyrir leik\u00e1ri\u00f0 2011-2012. Fullur styrkur reyndist vera 246.332 kr\u00f3nur. S\u00fa kerfisbreyting hefur veri\u00f0 ger\u00f0 af stj\u00f3rnv\u00f6ldum a\u00f0 r\u00edkisstyrkurinn til \u00fej\u00f3nustumi\u00f0st\u00f6\u00f0varinnar er ekki lengur \u00e1 fj\u00e1rl\u00f6gum, heldur er Bandalaginu gert a\u00f0 s\u00e6kja um hann til r\u00e1\u00f0uneytisins. \u00cd febr\u00faar sl. var gengi\u00f0 fr\u00e1 samkomulagi sem hlj\u00f3\u00f0a\u00f0i upp \u00e1 5 millj\u00f3n kr\u00f3na styrk til mi\u00f0st\u00f6\u00f0varinnar \u00e1rlega n\u00e6stu \u00ferj\u00fa \u00e1rin. Lj\u00f3st er \u00fe\u00f3 a\u00f0 \u00fea\u00f0 dugar ekki til a\u00f0 endar n\u00e1i saman.<\/p>\n<p><strong><img loading=\"lazy\" decoding=\"async\" class=\"alignright size-full wp-image-4207\" style=\"margin: 12px; float: right;\" alt=\"fundargestir\" src=\"https:\/\/leiklist.is\/wp-content\/uploads\/2013\/05\/BIL_Adalfundir_2013b_fundargestir.jpg\" height=\"150\" width=\"200\" \/>Starfs\u00e1\u00e6tlun fyrir leik\u00e1ri\u00f0 2013-14 er eftirfarandi:<\/strong><\/p>\n<p>Almenn starfsemi \u2028:<\/p>\n<p>1. Rekstur \u00fej\u00f3nustumi\u00f0st\u00f6\u00f0var, Leiklistarsk\u00f3la, Leiklistarvefsins og annarra fastra li\u00f0a \u00ed starfseminni.<\/p>\n<p>2. Leita eftir h\u00e6kku\u00f0um framl\u00f6gum \u00far opinberum sj\u00f3\u00f0um og fr\u00e1 einkaa\u00f0ilum til starfsemi \u00e1hugaleikf\u00e9laganna og sameiginlegra verkefna. <\/p>\n<p>S\u00e9rverkefni \u00e1rsins:<\/p>\n<p>1. Skipuleggja stuttverkah\u00e1t\u00ed\u00f0 NEATA \u00e1 \u00cdslandi vori\u00f0 2014.<\/p>\n<p>2. A\u00f0 stj\u00f3rn kanni m\u00f6guleika \u00e1 a\u00f0 halda leiklistarh\u00e1t\u00ed\u00f0 2015 og hefji undirb\u00faning telji stj\u00f3rn sl\u00edka h\u00e1t\u00ed\u00f0 framkv\u00e6manlegt verkefni.<\/p>\n<p><img loading=\"lazy\" decoding=\"async\" class=\"alignleft size-full wp-image-4208\" style=\"margin: 12px; float: left;\" alt=\"lensherra\" src=\"https:\/\/leiklist.is\/wp-content\/uploads\/2013\/05\/BIL_Adalfundir_2013b_lensherra.jpg\" height=\"150\" width=\"200\" \/>Fundurinn mat \u00fea\u00f0 sem svo a\u00f0 ekki v\u00e6ri lengur \u00e1st\u00e6\u00f0a til a\u00f0 hafa li\u00f0inn um \u00e1framhaldandi samstarf vi\u00f0 \u00dej\u00f3\u00f0leikh\u00fasi\u00f0 um Athyglisver\u00f0ustu \u00e1hugaleiks\u00fdninunga inn \u00e1 starfs\u00e1\u00e6tlun \u00fev\u00ed \u00fe\u00f3tt a\u00f0 almenn \u00e1n\u00e6gja v\u00e6ri me\u00f0 samstarfi\u00f0 og einhugur um a\u00f0 halda \u00fev\u00ed \u00e1fram, v\u00e6ri framkv\u00e6md \u00feess n\u00e6r eing\u00f6ngu hj\u00e1 \u00dej\u00f3\u00f0leikh\u00fasinu og stj\u00f3rn Bandalagsins k\u00e6mi \u00fear hvergi a\u00f0.<\/p>\n<p>\u00c1rgjald ver\u00f0ur \u00f3breytt \u00e1 n\u00e6sta leik\u00e1ri e\u00f0a 60.000 kr. fyrir leikf\u00e9l\u00f6g sem setja upp eina styrkh\u00e6fa s\u00fdningu \u00e1 leik\u00e1rinu, 90.000 kr. fyrir \u00feau sem setja upp tv\u00e6r, 120.000 kr. fyrir \u00fe\u00e6r sem setja upp \u00ferj\u00e1r og 30.000 kr. fyrir \u00feau sem ekki setja upp. Hins vegar var \u00e1kve\u00f0i\u00f0 a\u00f0 taka 1 millj\u00f3n af verkefnastyrk leikf\u00e9laganna til reksturs \u00fej\u00f3nustumi\u00f0st\u00f6\u00f0varinnar eins og gert hefur veri\u00f0 undanfarin \u00e1r.<\/p>\n<p>\u00c1 \u00e1rinu s\u00f6g\u00f0u fj\u00f6gur leikf\u00e9l\u00f6g sig \u00far Bandalaginu, Leiklistarf\u00e9lag Seltjarnarness, Leikf\u00e9lag Raufarhafnar, Leikf\u00e9lagi\u00f0 Baldur og Leikf\u00e9lag Siglufjar\u00f0ar. \u00dea\u00f0 s\u00ed\u00f0astnefnda hyggst \u00fe\u00f3 sameinast Leikf\u00e9lagi \u00d3lafsfjar\u00f0ar undir merkjum Leikf\u00e9lags Fjallabygg\u00f0ar en \u00ed vetur settu \u00feessi f\u00e9l\u00f6g \u00ed sameiningu upp gamanleikinn St\u00f6ngin inn! eftir Gu\u00f0mund \u00d3lafsson og var\u00f0 s\u00fdningin fyrir valinu sem Athyglisver\u00f0asta \u00e1hugleiks\u00fdningin 2012-13 og er \u00fev\u00ed \u00f3h\u00e6tt a\u00f0 segja a\u00f0 \u00feessi sameining f\u00e1i flj\u00fagandi start. A\u00f0ildarf\u00e9l\u00f6g Bandalagsins n\u00fa \u00ed lok leik\u00e1rs eru \u00fev\u00ed 59.<\/p>\n<p><img loading=\"lazy\" decoding=\"async\" class=\"alignright size-full wp-image-4209\" style=\"margin: 12px; float: right;\" alt=\"gellur\" src=\"https:\/\/leiklist.is\/wp-content\/uploads\/2013\/05\/BIL_Adalfundir_2013b_gellur.jpg\" height=\"150\" width=\"200\" \/>Starf fastra nefnda \u00e1 vegum Bandalagsins gekk sinn vanagang \u00e1 leik\u00e1rinu, Leiklistark\u00f3linn starfa\u00f0i af sama krafti og \u00e1\u00f0ur og \u00ed \u00e1r voru \u00ferj\u00fa afar vel heppnu\u00f0 n\u00e1mskei\u00f0 haldinn a\u00f0 H\u00fanav\u00f6llum. Leiklistarvefurinn h\u00e9lt s\u00ednu striki en lj\u00f3st er a\u00f0 r\u00e1\u00f0ast \u00fearf \u00ed uppf\u00e6rslu \u00e1 vefkerfinu eins flj\u00f3tt og fj\u00e1rhagur leyfir \u00fear sem \u00fea\u00f0 er komi\u00f0 nokku\u00f0 til \u00e1ra sinna. Handritasafni\u00f0 vex og dafnar og st\u00f6\u00f0ugt er unni\u00f0 \u00ed a\u00f0 efla \u00fea\u00f0 og b\u00e6ta skr\u00e1ningu \u00feess, notendum til h\u00e6gindaauka.<\/p>\n<p>Leikf\u00e9lag Vestmannaeyja baust til a\u00f0 halda n\u00e6sta a\u00f0alfund og ver\u00f0ur hann \u00fev\u00ed \u00ed Eyjum a\u00f0 \u00e1ri li\u00f0nu.<\/p>","protected":false},"excerpt":{"rendered":"<p>\u00deann 4. ma\u00ed sl. var a\u00f0afundur Bandalags \u00edslenskra leikf\u00e9laga haldinn \u00ed f\u00e9lagsheimilinu Logalandi \u00ed Reykholtsdal. \u00c1 fundinn m\u00e6ttu um 60 fulltr\u00faar fr\u00e1 19 leikf\u00e9l\u00f6gum sem er meira en yfirleitt hefur veri\u00f0 undanfarin \u00e1r. \u00deorgeir Tryggvason var endurkj\u00f6rinn forma\u00f0ur og \u00d3l\u00f6f \u00de\u00f3r\u00f0ard\u00f3ttir \u00ed stj\u00f3rn. Varastj\u00f3rn er l\u00edka \u00f3breytt nema hva\u00f0 Salbj\u00f6rg Engilbertsd\u00f3ttir, Leikf\u00e9lagi H\u00f3lmav\u00edkur t\u00f3k s\u00e6ti [&hellip;]<\/p>\n","protected":false},"author":3,"featured_media":4205,"comment_status":"open","ping_status":"open","sticky":false,"template":"","format":"standard","meta":{"_et_pb_use_builder":"","_et_pb_old_content":"","_et_gb_content_width":"","footnotes":""},"categories":[200],"tags":[],"class_list":["post-4210","post","type-post","status-publish","format-standard","has-post-thumbnail","hentry","category-markvert","et-has-post-format-content","et_post_format-et-post-format-standard"],"_links":{"self":[{"href":"https:\/\/leiklist.is\/en\/wp-json\/wp\/v2\/posts\/4210","targetHints":{"allow":["GET"]}}],"collection":[{"href":"https:\/\/leiklist.is\/en\/wp-json\/wp\/v2\/posts"}],"about":[{"href":"https:\/\/leiklist.is\/en\/wp-json\/wp\/v2\/types\/post"}],"author":[{"embeddable":true,"href":"https:\/\/leiklist.is\/en\/wp-json\/wp\/v2\/users\/3"}],"replies":[{"embeddable":true,"href":"https:\/\/leiklist.is\/en\/wp-json\/wp\/v2\/comments?post=4210"}],"version-history":[{"count":0,"href":"https:\/\/leiklist.is\/en\/wp-json\/wp\/v2\/posts\/4210\/revisions"}],"wp:featuredmedia":[{"embeddable":true,"href":"https:\/\/leiklist.is\/en\/wp-json\/wp\/v2\/media\/4205"}],"wp:attachment":[{"href":"https:\/\/leiklist.is\/en\/wp-json\/wp\/v2\/media?parent=4210"}],"wp:term":[{"taxonomy":"category","embeddable":true,"href":"https:\/\/leiklist.is\/en\/wp-json\/wp\/v2\/categories?post=4210"},{"taxonomy":"post_tag","embeddable":true,"href":"https:\/\/leiklist.is\/en\/wp-json\/wp\/v2\/tags?post=4210"}],"curies":[{"name":"wp","href":"https:\/\/api.w.org\/{rel}","templated":true}]}}