{"id":41966,"date":"2025-11-03T10:49:22","date_gmt":"2025-11-03T10:49:22","guid":{"rendered":"https:\/\/leiklist.is\/?p=41966"},"modified":"2025-11-21T12:05:09","modified_gmt":"2025-11-21T12:05:09","slug":"sidasta-syning-a-nei-radherra","status":"publish","type":"post","link":"https:\/\/leiklist.is\/en\/sidasta-syning-a-nei-radherra\/","title":{"rendered":"S\u00ed\u00f0asta s\u00fdning \u00e1 Nei, r\u00e1\u00f0herra!"},"content":{"rendered":"<p><span style=\"color: #333333;\">Leikf\u00e9lag Mosfellssveitar hefur s\u00fdnt gamanleikriti\u00f0 <strong>Nei, r\u00e1\u00f0herra!<\/strong> eftir Ray Cooney \u00ed B\u00e6jarleikh\u00fasinu undanfari\u00f0 og n\u00fa er a\u00f0eins ein s\u00fdning eftir, \u00fe. 8. n\u00f3vember. \u00a0Verki\u00f0 gerist \u00e1 H\u00f3tel Borg og er d\u00e6miger\u00f0ur hur\u00f0afarsi sem byggir \u00e1 misskilningi. R\u00e1\u00f0herra Samfylkingarinnar, \u00d6rvar Gauti Scheving, finnur l\u00edk inni \u00e1 herbergi s\u00ednu \u00e1 H\u00f3tel Borg \u00fear sem hann \u00e6tla\u00f0i a\u00f0 ey\u00f0a kv\u00f6ldinu me\u00f0 ritara Mi\u00f0flokksins, G\u00f3g\u00f3. \u00cd m\u00e1li\u00f0 fl\u00e6kjast s\u00ed\u00f0an Gu\u00f0finnur Maack, a\u00f0sto\u00f0arma\u00f0ur r\u00e1\u00f0herra, Atli Geir, ma\u00f0ur G\u00f3g\u00f3ar, Rannveig, eiginkona \u00d6rvars \u00e1samt starfsf\u00f3lki H\u00f3tel Borgar. Leikstj\u00f3rar eru Aron Martin \u00c1sger\u00f0arson og El\u00edsabet Skagfj\u00f6r\u00f0.<br \/>\n<strong>Nei, r\u00e1\u00f0herra!<\/strong> var s\u00fdnt \u00ed Borgarleikh\u00fasinu 2010\/2011 vi\u00f0 miklar vins\u00e6ldir. S\u00fdnt er \u00ed B\u00e6jarleikh\u00fasinu \u00ed Mosfellsb\u00e6 og <a href=\"https:\/\/tix.is\/event\/20420\/nei-radherra\">mi\u00f0asala er<\/a><\/span><span style=\"color: #333333;\"><a href=\"https:\/\/tix.is\/event\/20420\/nei-radherra\"> \u00e1 Tix.is<\/a>.<br \/>\n<\/span><\/p>","protected":false},"excerpt":{"rendered":"<p>Leikf\u00e9lag Mosfellssveitar hefur s\u00fdnt gamanleikriti\u00f0 Nei, r\u00e1\u00f0herra! eftir Ray Cooney \u00ed B\u00e6jarleikh\u00fasinu undanfari\u00f0 og n\u00fa er a\u00f0eins ein s\u00fdning eftir, \u00fe. 8. n\u00f3vember. \u00a0Verki\u00f0 gerist \u00e1 H\u00f3tel Borg og er d\u00e6miger\u00f0ur hur\u00f0afarsi sem byggir \u00e1 misskilningi. R\u00e1\u00f0herra Samfylkingarinnar, \u00d6rvar Gauti Scheving, finnur l\u00edk inni \u00e1 herbergi s\u00ednu \u00e1 H\u00f3tel Borg \u00fear sem hann \u00e6tla\u00f0i a\u00f0 [&hellip;]<\/p>\n","protected":false},"author":3,"featured_media":41969,"comment_status":"closed","ping_status":"closed","sticky":false,"template":"","format":"standard","meta":{"_et_pb_use_builder":"","_et_pb_old_content":"","_et_gb_content_width":"","footnotes":""},"categories":[187],"tags":[],"class_list":["post-41966","post","type-post","status-publish","format-standard","has-post-thumbnail","hentry","category-allar-frir","et-has-post-format-content","et_post_format-et-post-format-standard"],"_links":{"self":[{"href":"https:\/\/leiklist.is\/en\/wp-json\/wp\/v2\/posts\/41966","targetHints":{"allow":["GET"]}}],"collection":[{"href":"https:\/\/leiklist.is\/en\/wp-json\/wp\/v2\/posts"}],"about":[{"href":"https:\/\/leiklist.is\/en\/wp-json\/wp\/v2\/types\/post"}],"author":[{"embeddable":true,"href":"https:\/\/leiklist.is\/en\/wp-json\/wp\/v2\/users\/3"}],"replies":[{"embeddable":true,"href":"https:\/\/leiklist.is\/en\/wp-json\/wp\/v2\/comments?post=41966"}],"version-history":[{"count":0,"href":"https:\/\/leiklist.is\/en\/wp-json\/wp\/v2\/posts\/41966\/revisions"}],"wp:featuredmedia":[{"embeddable":true,"href":"https:\/\/leiklist.is\/en\/wp-json\/wp\/v2\/media\/41969"}],"wp:attachment":[{"href":"https:\/\/leiklist.is\/en\/wp-json\/wp\/v2\/media?parent=41966"}],"wp:term":[{"taxonomy":"category","embeddable":true,"href":"https:\/\/leiklist.is\/en\/wp-json\/wp\/v2\/categories?post=41966"},{"taxonomy":"post_tag","embeddable":true,"href":"https:\/\/leiklist.is\/en\/wp-json\/wp\/v2\/tags?post=41966"}],"curies":[{"name":"wp","href":"https:\/\/api.w.org\/{rel}","templated":true}]}}