{"id":4179,"date":"2013-04-18T14:33:57","date_gmt":"2013-04-18T14:33:57","guid":{"rendered":"http:\/\/wp.leiklist.is\/?p=4179"},"modified":"2013-04-18T14:33:57","modified_gmt":"2013-04-18T14:33:57","slug":"allrasieasta-syning-a-gutta-og-feloegum","status":"publish","type":"post","link":"https:\/\/leiklist.is\/en\/allrasieasta-syning-a-gutta-og-feloegum\/","title":{"rendered":"Allras\u00ed\u00f0asta s\u00fdning \u00e1 Gutta og f\u00e9l\u00f6gum"},"content":{"rendered":"<p>S\u00fdning Leikf\u00e9lags K\u00f3pavogs \u00e1 Gutta og f\u00e9l\u00f6gum hefur gengi\u00f0 f\u00e1d\u00e6ma vel og uppselt \u00e1 hverja einustu s\u00fdningu. N\u00fa eru \u00fe\u00f3 s\u00ed\u00f0ustu forv\u00f6\u00f0 a\u00f0 sj\u00e1 prakkkarann Gutta og f\u00e9laga hans \u00fev\u00ed allras\u00ed\u00f0asta s\u00fdning ver\u00f0ur sunnudaginn 21. apr\u00edl kl. 14.00.\u00a0<\/p>\n<p>  <!--more-->  <\/p>\n<table cellpadding=\"0\" cellspacing=\"0\">\n<tbody>\n<tr>\n<td valign=\"top\">\n<p>Flestir sem komnir eru \u00e1 fullor\u00f0ins\u00e1r \u00feekkja v\u00edsurnar um \u00f3\u00feekktarangann Gutta og prakkarastrik hans en Gutti er einmitt a\u00f0alpers\u00f3nan \u00ed leiks\u00fdningunni \u00e1samt f\u00e9l\u00f6gum s\u00ednum \u00far hverfinu.\u00a0N\u00e1nari uppl\u00fdsingar \u00e1\u00a0<a href=\"http:\/\/www.kopleik.is\/\">www.kopleik.is<\/a>.<\/p>\n<p>Verki\u00f0 er eftir \u00d6rn Alexandersson en hann er jafnframt leikstj\u00f3ri. Auk Gutta eru a\u00f0rar pers\u00f3nur \u00far kve\u00f0skap Stef\u00e1ns sem allir \u00feekkja, svo sem \u00d3li Skans og Vala kona hans, Ranka sem var rausnarkerling, Pennastokkur l\u00e6knir og fleiri koma einnig vi\u00f0 s\u00f6gu \u00ed verkinu.\u00a0Stef\u00e1n J\u00f3nsson er einn \u00e1sts\u00e6lasti rith\u00f6fundur \u00fej\u00f3\u00f0arinnar og s\u00f6gur hans og lj\u00f3\u00f0 hafa lifa\u00f0 me\u00f0 okkur um \u00e1ratugaskei\u00f0. S\u00f6gurnar um Hjalta litla auk lj\u00f3\u00f0a hans og v\u00edsna um Gutta, Ara og fleiri minnisst\u00e6\u00f0a karaktera eiga r\u00edkan hlj\u00f3mgrunn me\u00f0al landsmanna. Um Stef\u00e1n hefur veri\u00f0 sagt: \u201eHann leita\u00f0ist vi\u00f0 a\u00f0 segja b\u00f6rnum s\u00f6gur sem ger\u00f0u \u00feau a\u00f0 \u00feenkjandi manneskjum og a\u00f0 sama skapi h\u00f6f\u00f0a til barnsins \u00ed \u00feeim\u201c<\/p>\n<p>Gutti og f\u00e9lagar henta s\u00e9rstaklega b\u00f6rnum \u00e1 aldrinum 4-104 \u00e1ra. Mi\u00f0aver\u00f0 gerir fj\u00f6lskyldunni kleift a\u00f0 koma saman \u00e1 s\u00fdninguna \u00e1n \u00feess a\u00f0 st\u00f3rsj\u00e1i \u00e1 buddunni \u00fev\u00ed mi\u00f0inn kostar \u00fev\u00ed a\u00f0eins 1.200 kr. H\u00e6gt er a\u00f0 kaupa mi\u00f0a \u00e1 <a href=\"http:\/\/www.midakaup.is\/kopleik\">www.midakaup.is\/kopleik<\/a> en einnig er h\u00e6gt a\u00f0 senda mi\u00f0ap\u00f6ntun \u00e1 <a href=\"mailto:midasala@kopleik.is\">midasala@kopleik.is<\/a> .<\/p>\n<\/td>\n<\/tr>\n<\/tbody>\n<\/table>","protected":false},"excerpt":{"rendered":"<p>S\u00fdning Leikf\u00e9lags K\u00f3pavogs \u00e1 Gutta og f\u00e9l\u00f6gum hefur gengi\u00f0 f\u00e1d\u00e6ma vel og uppselt \u00e1 hverja einustu s\u00fdningu. N\u00fa eru \u00fe\u00f3 s\u00ed\u00f0ustu forv\u00f6\u00f0 a\u00f0 sj\u00e1 prakkkarann Gutta og f\u00e9laga hans \u00fev\u00ed allras\u00ed\u00f0asta s\u00fdning ver\u00f0ur sunnudaginn 21. apr\u00edl kl. 14.00.\u00a0<\/p>","protected":false},"author":3,"featured_media":4095,"comment_status":"open","ping_status":"open","sticky":false,"template":"","format":"standard","meta":{"_et_pb_use_builder":"","_et_pb_old_content":"","_et_gb_content_width":"","footnotes":""},"categories":[187],"tags":[],"class_list":["post-4179","post","type-post","status-publish","format-standard","has-post-thumbnail","hentry","category-allar-frir","et-has-post-format-content","et_post_format-et-post-format-standard"],"_links":{"self":[{"href":"https:\/\/leiklist.is\/en\/wp-json\/wp\/v2\/posts\/4179","targetHints":{"allow":["GET"]}}],"collection":[{"href":"https:\/\/leiklist.is\/en\/wp-json\/wp\/v2\/posts"}],"about":[{"href":"https:\/\/leiklist.is\/en\/wp-json\/wp\/v2\/types\/post"}],"author":[{"embeddable":true,"href":"https:\/\/leiklist.is\/en\/wp-json\/wp\/v2\/users\/3"}],"replies":[{"embeddable":true,"href":"https:\/\/leiklist.is\/en\/wp-json\/wp\/v2\/comments?post=4179"}],"version-history":[{"count":0,"href":"https:\/\/leiklist.is\/en\/wp-json\/wp\/v2\/posts\/4179\/revisions"}],"wp:featuredmedia":[{"embeddable":true,"href":"https:\/\/leiklist.is\/en\/wp-json\/wp\/v2\/media\/4095"}],"wp:attachment":[{"href":"https:\/\/leiklist.is\/en\/wp-json\/wp\/v2\/media?parent=4179"}],"wp:term":[{"taxonomy":"category","embeddable":true,"href":"https:\/\/leiklist.is\/en\/wp-json\/wp\/v2\/categories?post=4179"},{"taxonomy":"post_tag","embeddable":true,"href":"https:\/\/leiklist.is\/en\/wp-json\/wp\/v2\/tags?post=4179"}],"curies":[{"name":"wp","href":"https:\/\/api.w.org\/{rel}","templated":true}]}}