{"id":4153,"date":"2013-03-27T09:26:31","date_gmt":"2013-03-27T09:26:31","guid":{"rendered":"http:\/\/wp.leiklist.is\/?p=4153"},"modified":"2020-03-02T09:53:27","modified_gmt":"2020-03-02T09:53:27","slug":"islenskt-avarp-a-altjoeadegi-leiklistar","status":"publish","type":"post","link":"https:\/\/leiklist.is\/en\/islenskt-avarp-a-altjoeadegi-leiklistar\/","title":{"rendered":"\u00cdslenskt \u00e1varp \u00e1 al\u00fej\u00f3\u00f0adegi leiklistar"},"content":{"rendered":"<p><strong>eftir Mess\u00ed\u00f6nu T\u00f3masd\u00f3ttur, svi\u00f0slistakonu<\/strong><\/p>\n<p>N\u00fa er \u00e1r barnaleikh\u00fass og \u00fev\u00ed er \u00feetta \u00e1varp \u00e1 al\u00fej\u00f3\u00f0legum degi leiklistar helga\u00f0 b\u00f6rnum. \u00dea\u00f0 hefur veri\u00f0 l\u00f6g\u00f0 mikil \u00e1hersla \u00e1 f\u00e6rni \u00ed uppeldi barna og er \u00fea\u00f0 vel, en \u00e1 m\u00f3ti \u00feurfum vi\u00f0 a\u00f0 styrkja andlega \u00fe\u00e1ttinn \u00ed uppeldi \u00feeirra og \u00fear gegna listir lykilhlutverki, \u00e1samt tr\u00fanni \u00e1 fegur\u00f0, k\u00e6rleika og r\u00e9ttl\u00e6ti.<\/p>\n<p>  <!--more-->  <\/p>\n<p>\u00cd leiklistinni sameinast allar listgreinar og \u00e1 hverjum t\u00edma i\u00f0ka listamenn samt\u00edmalistir. Vi\u00f0 segjum s\u00f6gur, fullor\u00f0ins- og barna, sem eru skrifa\u00f0ar \u00ed dag. Vi\u00f0 nj\u00f3tum myndlistar sem er sk\u00f6pu\u00f0 \u00ed dag og vi\u00f0 nj\u00f3tum n\u00fat\u00edmadanslistar. \u00dev\u00ed mi\u00f0ur nj\u00f3tum vi\u00f0 s\u00ed\u00f0ur n\u00fat\u00edmat\u00f3nlistar, \u00fe.e. \u00feeirrar t\u00f3nlistar, sem t\u00f3nsk\u00e1ld okkar hafa sami\u00f0 eftir langt og strangt t\u00f3nlistarn\u00e1m. H\u00fan er samt t\u00f3nlistin sem er samin fyrir okkur h\u00e9r og n\u00fa, sem speglar okkar t\u00edma. H\u00fan \u00e1 heima \u00ed \u00f3peruh\u00fasunum og h\u00fan \u00e1 heima \u00ed leikh\u00fasunum eins og \u00f6nnur samt\u00edmalist. En \u00fea\u00f0 r\u00edkja vissir ford\u00f3mar gagnvart n\u00fat\u00edmat\u00f3nlist og \u00feess vegna hefur meirihluti f\u00f3lks ekki uppg\u00f6tva\u00f0 fegur\u00f0 hennar.<\/p>\n<p>En b\u00f6rnin, \u00fea\u00f0 hefur s\u00fdnt sig a\u00f0 b\u00f6rnin taka vi\u00f0 n\u00fat\u00edmat\u00f3nlist \u00ed leiks\u00fdningum og barna\u00f3perum me\u00f0 sama opna huga og annarri t\u00f3nlist. \u00dearna er uppeldist\u00e6kif\u00e6ri. Vi\u00f0 megum ekki sl\u00e1\u00a0 af listr\u00e6num kr\u00f6fum \u00feegar b\u00f6rn eru annars vegar. Listir eru krefjandi en b\u00f6rn vilja l\u00edka f\u00e1 a\u00f0 spreyta sig. \u00deau eru opin og skapandi. \u00deau \u00feurfa a\u00f0 f\u00e1 bitast\u00e6\u00f0a n\u00e6ringu, andlega sem l\u00edkamlega. Vi\u00f0 fullor\u00f0na f\u00f3lki\u00f0 sk\u00f6pum smekk barnanna m.a. me\u00f0 \u00feeim listflutningi sem \u00feeim er bo\u00f0i\u00f0 upp \u00e1. Vi\u00f0 skulum skapa \u00feeim meiri a\u00f0gang a\u00f0 leikh\u00fasinu \u00ed sta\u00f0 skyndimenningar eins og teiknimyndum \u00ed barnasj\u00f3nvarpi. \u00dear er fl\u00f3\u00f0 af frambo\u00f0i en sannarlega mismikil g\u00e6\u00f0i. Stu\u00f0lum a\u00f0 \u00fev\u00ed a\u00f0 b\u00f6rnin vaxi upp sem andlega \u00feroska\u00f0ar manneskjur sem koma auga \u00e1 fegur\u00f0 samt\u00edmans.<\/p>\n<p>En au\u00f0vita\u00f0 \u00fearf n\u00fat\u00edmalistin \u00ed barnaleikh\u00fasi a\u00f0 vera vi\u00f0 h\u00e6fi barnanna. \u00cd fullor\u00f0insleikh\u00fasi speglum vi\u00f0 heiminn og notum til \u00feess sterkar andst\u00e6\u00f0ur. En sterkar andst\u00e6\u00f0ur vekja spennu og \u00f3tta hj\u00e1 b\u00f6rnum. B\u00f6rnin \u00feurfa \u00e1 list a\u00f0 halda sem kemur fr\u00e1 hjartanu, list sem sty\u00f0ur vi\u00f0 j\u00e1kv\u00e6\u00f0ar hugmyndir og eykur me\u00f0 \u00feeim skilning og samkennd. \u00deetta getur leikh\u00fasi\u00f0 gefi\u00f0 \u00feeim.<\/p>\n<p>Br\u00fa\u00f0uleikh\u00fasi\u00f0 er sterkur mi\u00f0ill, hvort sem er \u00ed fullor\u00f0ins- e\u00f0a barnaleikh\u00fasi. Br\u00fa\u00f0an, sem vekur v\u00e6ntum\u00feykju vegna sm\u00e6\u00f0ar sinnar, hluturinn, sem er g\u00e6ddur l\u00edfi og gr\u00edman, me\u00f0 s\u00edna sterku tj\u00e1ningarm\u00f6guleika, eru galdrat\u00e6ki \u00feegar kemur a\u00f0 \u00fev\u00ed a\u00f0 n\u00e1lgast barnss\u00e1lina. Br\u00fa\u00f0uleikh\u00fasi\u00f0 hentar l\u00edka til forvarna og verndar, til a\u00f0 endurvekja traust til l\u00edfsins. \u00cd hendi hins s\u00e6r\u00f0a barns getur br\u00fa\u00f0an veri\u00f0 einl\u00e6g r\u00f6dd barnsins sj\u00e1lfs: e.t.v \u00f3ttaslegin en alltaf hreinskilin.<\/p>\n<p>N\u00fa vill svo s\u00e9rkennilega til, \u00e1 \u00e1ri barnaleikh\u00fassins, a\u00f0 mj\u00f6g f\u00e1ar barnaleiks\u00fdningar eru frumfluttar.<\/p>\n<p>Fyrir a\u00f0eins f\u00e1einum \u00e1rum s\u00fdndu margir leikh\u00f3par barnaleiks\u00fdningar s\u00ednar \u00fdmist \u00ed opinberu r\u00fdmi e\u00f0a \u00ed sk\u00f3lum og leiksk\u00f3lum og gegndu \u00feannig mikilv\u00e6gu uppeldishlutverki. \u00c1 \u00feeim t\u00edma st\u00f3\u00f0 Reykjav\u00edkurborg fyrir kynningu \u00e1 \u00feeim barnaleiks\u00fdningum sem v\u00f6l var \u00e1 fyrir sk\u00f3la og leiksk\u00f3la \u00e1 st\u00f3r-Reykjav\u00edkursv\u00e6\u00f0inu. \u00dear var \u00far m\u00f6rgu a\u00f0 velja \u00fev\u00ed barnaleikh\u00fasi\u00f0 st\u00f3\u00f0 \u00ed bl\u00f3ma. En hinn kaldranalegi veruleiki \u00ed dag er s\u00e1 a\u00f0 st\u00f6\u00f0ugt minni styrkir renna til barnaleikh\u00fassins, \u00feannig a\u00f0 opinberir styrkir til barnaleikh\u00fasa eru \u00ed engu samr\u00e6mi vi\u00f0 hlutfall barna me\u00f0al \u00fej\u00f3\u00f0arinnar. \u00deess vegna hafa margir leikh\u00f3par sem \u00e1\u00f0ur ger\u00f0i leiks\u00fdningar fyrir b\u00f6rn gefist upp og f\u00e1ir n\u00fdir ver\u00f0a til. \u00c1 hinum Nor\u00f0url\u00f6ndunum eru styrkir n\u00e6r \u00fev\u00ed a\u00f0 vera \u00ed samr\u00e6mi vi\u00f0 hlutfall barna me\u00f0al \u00fej\u00f3\u00f0anna og \u00fear er starf barnaleikh\u00fasa \u00f6flugt.<\/p>\n<p>Leikh\u00fasi\u00f0 er mannb\u00e6tandi \u00feegar \u00fea\u00f0 er best, \u00feegar \u00fea\u00f0 eflir me\u00f0 \u00e1horfendum, \u00e1 hva\u00f0a aldri sem \u00feeir eru, tr\u00fana \u00e1 hugt\u00f6k eins og fegur\u00f0, k\u00e6rleika og r\u00e9ttl\u00e6ti. En vegur barnaleikh\u00fassins ver\u00f0ur a\u00f0 vaxa svo um muni ef okkur \u00e1 a\u00f0 takast a\u00f0 kynna \u00fea\u00f0 besta \u00ed list hvers t\u00edma fyrir \u00f6llum aldursh\u00f3pum leikh\u00fasgesta og veita \u00feannig dj\u00fapum og sterkum tilfinningum \u00feeirra n\u00e6ringu.<\/p>\n<p><strong>Um h\u00f6fundinn<\/strong><br \/>Mess\u00edana T\u00f3masd\u00f3ttir stunda\u00f0i n\u00e1m \u00ed myndlist, text\u00edl, leikmyndateiknun og strengjabr\u00fa\u00f0ulist \u00ed Danm\u00f6rku, Frakklandi og vi\u00f0 Myndlista- og hand\u00ed\u00f0ask\u00f3la \u00cdslands.Mess\u00edana er h\u00f6fundur a\u00f0 leikmyndum og b\u00faningum \u00ed yfir sj\u00f6t\u00edu leiks\u00fdningum fyrir leikh\u00fas, \u00f3perur og sj\u00f3nvarp h\u00e9r heima, \u00ed Danm\u00f6rku, F\u00e6reyjum, Finnlandi og Bandar\u00edkjunum.<\/p>\n<p>Mess\u00edana hefur, auk sams\u00fdninga, haldi\u00f0 um fimmt\u00e1n einkas\u00fdningar \u00e1 tv\u00ed- og \u00fer\u00edv\u00ed\u00f0um myndverkum sem a\u00f0allega eru unnin \u00ed papp\u00edr og plex\u00edgler, en \u00fear sem eitt a\u00f0al vi\u00f0fangsefni\u00f0 er liturinn sem sl\u00edkur.<br \/>Mess\u00edana hefur flutt fyrirlestra og haldi\u00f0 n\u00e1mskei\u00f0 um litafr\u00e6\u00f0i og br\u00fa\u00f0uleikh\u00fas h\u00e9r heima og v\u00ed\u00f0a erlendis. Auk fj\u00f6lda starfs- n\u00e1ms- dvalar- og fer\u00f0astyrkja var Mess\u00edana valin Borgarlistama\u00f0ur Reykjav\u00edkur 1982 og B\u00e6jarlistama\u00f0ur Seltjarnarness 2001.<\/p>\n<p>Mess\u00edana rekur eigi\u00f0 leikh\u00fas, Strengjaleikh\u00fasi\u00f0, sem hefur panta\u00f0 og frumflutt sj\u00f6 \u00edslenskar n\u00fat\u00edma\u00f3perur auk annarra t\u00f3nlistar- og br\u00fa\u00f0uverka. M\u00f6rgum af uppf\u00e6rslum Strengjaleikh\u00fassins hefur veri\u00f0 bo\u00f0i\u00f0 \u00ed s\u00fdningarfer\u00f0ir erlendis og \u00f3perur \u00feess hafa veri\u00f0 tilnefndar til t\u00f3nlistarver\u00f0launa.<\/p>","protected":false},"excerpt":{"rendered":"<p>eftir Mess\u00ed\u00f6nu T\u00f3masd\u00f3ttur, svi\u00f0slistakonu N\u00fa er \u00e1r barnaleikh\u00fass og \u00fev\u00ed er \u00feetta \u00e1varp \u00e1 al\u00fej\u00f3\u00f0legum degi leiklistar helga\u00f0 b\u00f6rnum. \u00dea\u00f0 hefur veri\u00f0 l\u00f6g\u00f0 mikil \u00e1hersla \u00e1 f\u00e6rni \u00ed uppeldi barna og er \u00fea\u00f0 vel, en \u00e1 m\u00f3ti \u00feurfum vi\u00f0 a\u00f0 styrkja andlega \u00fe\u00e1ttinn \u00ed uppeldi \u00feeirra og \u00fear gegna listir lykilhlutverki, \u00e1samt tr\u00fanni \u00e1 fegur\u00f0, [&hellip;]<\/p>\n","protected":false},"author":3,"featured_media":4152,"comment_status":"open","ping_status":"open","sticky":false,"template":"","format":"standard","meta":{"_et_pb_use_builder":"","_et_pb_old_content":"","_et_gb_content_width":"","footnotes":""},"categories":[200],"tags":[],"class_list":["post-4153","post","type-post","status-publish","format-standard","has-post-thumbnail","hentry","category-markvert","et-has-post-format-content","et_post_format-et-post-format-standard"],"_links":{"self":[{"href":"https:\/\/leiklist.is\/en\/wp-json\/wp\/v2\/posts\/4153","targetHints":{"allow":["GET"]}}],"collection":[{"href":"https:\/\/leiklist.is\/en\/wp-json\/wp\/v2\/posts"}],"about":[{"href":"https:\/\/leiklist.is\/en\/wp-json\/wp\/v2\/types\/post"}],"author":[{"embeddable":true,"href":"https:\/\/leiklist.is\/en\/wp-json\/wp\/v2\/users\/3"}],"replies":[{"embeddable":true,"href":"https:\/\/leiklist.is\/en\/wp-json\/wp\/v2\/comments?post=4153"}],"version-history":[{"count":0,"href":"https:\/\/leiklist.is\/en\/wp-json\/wp\/v2\/posts\/4153\/revisions"}],"wp:featuredmedia":[{"embeddable":true,"href":"https:\/\/leiklist.is\/en\/wp-json\/wp\/v2\/media\/4152"}],"wp:attachment":[{"href":"https:\/\/leiklist.is\/en\/wp-json\/wp\/v2\/media?parent=4153"}],"wp:term":[{"taxonomy":"category","embeddable":true,"href":"https:\/\/leiklist.is\/en\/wp-json\/wp\/v2\/categories?post=4153"},{"taxonomy":"post_tag","embeddable":true,"href":"https:\/\/leiklist.is\/en\/wp-json\/wp\/v2\/tags?post=4153"}],"curies":[{"name":"wp","href":"https:\/\/api.w.org\/{rel}","templated":true}]}}