{"id":41219,"date":"2025-04-17T20:13:43","date_gmt":"2025-04-17T20:13:43","guid":{"rendered":"https:\/\/leiklist.is\/?p=41219"},"modified":"2025-06-04T11:21:21","modified_gmt":"2025-06-04T11:21:21","slug":"leikhuspaskar-i-komediuleikhusinu","status":"publish","type":"post","link":"https:\/\/leiklist.is\/en\/leikhuspaskar-i-komediuleikhusinu\/","title":{"rendered":"Leikh\u00fasp\u00e1skar \u00ed K\u00f3med\u00eduleikh\u00fasinu"},"content":{"rendered":"<p>K\u00f3med\u00eduleikh\u00fasi\u00f0 \u00ed Haukadal D\u00fdrafir\u00f0i, dalnum \u00fear sem engin b\u00fdr, tekur a\u00f0 vanda \u00fe\u00e1tt \u00ed p\u00e1skah\u00e1ti\u00f0inni fyrir vestan. \u00c1 fj\u00f6lunum ver\u00f0a tv\u00e6r leiks\u00fdningar \u00far smi\u00f0ju leikh\u00fassins. Fj\u00f6lskylduleikriti\u00f0 \u00e1sts\u00e6la og alvestfirska Dimmalimm eftir B\u00edldd\u00e6linginn Mugg hefur noti\u00f0 g\u00edfurlegra vins\u00e6lda fr\u00e1 \u00fev\u00ed \u00fea\u00f0 var frums\u00fdnt \u00ed \u00dej\u00f3\u00f0leikh\u00fasinu \u00e1ri\u00f0 2019. <strong>Dimmalimm<\/strong> ver\u00f0ur s\u00fdnt \u00e1 Sk\u00edrdag fimmtudaginn 17. apr\u00edl kl.14.00 og einnig \u00e1 laugardag 19. apr\u00edl kl.14.00.<\/p>\n<p>S\u00fdning sumarsins li\u00f0na \u00ed K\u00f3med\u00eduleikh\u00fasinu Haukadal var <strong>Ariasman<\/strong>. Um er a\u00f0 r\u00e6\u00f0a s\u00f6gulegt og bl\u00f3\u00f0ugt leikverk er fjallar um hin hrottalegu Baskamor\u00f0 fyrir vestan. Ariasman hefur hloti\u00f0 afbrag\u00f0s g\u00f3\u00f0ar vi\u00f0t\u00f6kur og var n\u00fa s\u00ed\u00f0ast s\u00fdnt tv\u00edvegis fyrir uppseldu Tjarnarb\u00ed\u00f3 \u00ed Reykjav\u00edk.<span class=\"Apple-converted-space\">\u00a0<\/span><\/p>\n<p>Mi\u00f0asala \u00e1 s\u00fdningar leikh\u00fasp\u00e1ska K\u00f3med\u00eduleikh\u00fassins stendur yfir \u00ed s\u00edma 891 7025. Einnig er h\u00e6gt a\u00f0 kaupa mi\u00f0a \u00e1 mi\u00f0as\u00f6luvefnum <a href=\"https:\/\/www.midix.is\/is\/ariasman-18-apr-2025\/eid\/557\/group\/1\">midix.is<\/a><span class=\"Apple-converted-space\">\u00a0<\/span><\/p>","protected":false},"excerpt":{"rendered":"<p>K\u00f3med\u00eduleikh\u00fasi\u00f0 \u00ed Haukadal D\u00fdrafir\u00f0i, dalnum \u00fear sem engin b\u00fdr, tekur a\u00f0 vanda \u00fe\u00e1tt \u00ed p\u00e1skah\u00e1ti\u00f0inni fyrir vestan. \u00c1 fj\u00f6lunum ver\u00f0a tv\u00e6r leiks\u00fdningar \u00far smi\u00f0ju leikh\u00fassins. Fj\u00f6lskylduleikriti\u00f0 \u00e1sts\u00e6la og alvestfirska Dimmalimm eftir B\u00edldd\u00e6linginn Mugg hefur noti\u00f0 g\u00edfurlegra vins\u00e6lda fr\u00e1 \u00fev\u00ed \u00fea\u00f0 var frums\u00fdnt \u00ed \u00dej\u00f3\u00f0leikh\u00fasinu \u00e1ri\u00f0 2019. Dimmalimm ver\u00f0ur s\u00fdnt \u00e1 Sk\u00edrdag fimmtudaginn 17. apr\u00edl kl.14.00 [&hellip;]<\/p>\n","protected":false},"author":3,"featured_media":41220,"comment_status":"closed","ping_status":"closed","sticky":false,"template":"","format":"standard","meta":{"_et_pb_use_builder":"","_et_pb_old_content":"","_et_gb_content_width":"","footnotes":""},"categories":[187],"tags":[],"class_list":["post-41219","post","type-post","status-publish","format-standard","has-post-thumbnail","hentry","category-allar-frir","et-has-post-format-content","et_post_format-et-post-format-standard"],"_links":{"self":[{"href":"https:\/\/leiklist.is\/en\/wp-json\/wp\/v2\/posts\/41219","targetHints":{"allow":["GET"]}}],"collection":[{"href":"https:\/\/leiklist.is\/en\/wp-json\/wp\/v2\/posts"}],"about":[{"href":"https:\/\/leiklist.is\/en\/wp-json\/wp\/v2\/types\/post"}],"author":[{"embeddable":true,"href":"https:\/\/leiklist.is\/en\/wp-json\/wp\/v2\/users\/3"}],"replies":[{"embeddable":true,"href":"https:\/\/leiklist.is\/en\/wp-json\/wp\/v2\/comments?post=41219"}],"version-history":[{"count":0,"href":"https:\/\/leiklist.is\/en\/wp-json\/wp\/v2\/posts\/41219\/revisions"}],"wp:featuredmedia":[{"embeddable":true,"href":"https:\/\/leiklist.is\/en\/wp-json\/wp\/v2\/media\/41220"}],"wp:attachment":[{"href":"https:\/\/leiklist.is\/en\/wp-json\/wp\/v2\/media?parent=41219"}],"wp:term":[{"taxonomy":"category","embeddable":true,"href":"https:\/\/leiklist.is\/en\/wp-json\/wp\/v2\/categories?post=41219"},{"taxonomy":"post_tag","embeddable":true,"href":"https:\/\/leiklist.is\/en\/wp-json\/wp\/v2\/tags?post=41219"}],"curies":[{"name":"wp","href":"https:\/\/api.w.org\/{rel}","templated":true}]}}