{"id":4110,"date":"2013-02-27T12:52:45","date_gmt":"2013-02-27T12:52:45","guid":{"rendered":"http:\/\/wp.leiklist.is\/?p=4110"},"modified":"2013-02-27T12:52:45","modified_gmt":"2013-02-27T12:52:45","slug":"eyrnalangir-og-annae-folk-a-dalvik","status":"publish","type":"post","link":"https:\/\/leiklist.is\/en\/eyrnalangir-og-annae-folk-a-dalvik\/","title":{"rendered":"Eyrnalangir og anna\u00f0 f\u00f3lk \u00e1 Dalv\u00edk"},"content":{"rendered":"<p>Leikf\u00e9lag Dalv\u00edkur hefur \u00e1 undanf\u00f6rnum vikum \u00e6ft\u00a0 fj\u00f6lskylduleikriti\u00f0, Eyrnalangir og anna\u00f0 f\u00f3lk eftir \u00fe\u00e6r systur, I\u00f0unni og Krist\u00ednu Steinsd\u00e6tur, t\u00f3nlist er eftir Ragnhildi G\u00edslad\u00f3ttur. Leikriti\u00f0 gerist \u00e1 Dalv\u00edk \u00ed dag og segir fr\u00e1 \u00fev\u00ed \u00feegar fl\u00f3ttamenn fr\u00e1 eyjunni Sebrakapra koma \u00ed b\u00e6inn me\u00f0 n\u00fdja si\u00f0i og anna\u00f0 \u00fatlit en b\u00e6jarb\u00faar. Frums\u00fdning ver\u00f0ur f\u00f6studaginn 8. Mars. Hvernig \u00e1 a\u00f0 koma fram vi\u00f0 svona f\u00f3lk? Hvernig gengur a\u00f0 skilja \u00feeirra menningu og matar\u00e6\u00f0i? Hvernig skyldi \u00feeim l\u00ed\u00f0a a\u00f0 vera komin \u00e1 allt annan og \u00f6\u00f0ruv\u00edsi sta\u00f0 \u00ed heiminum en \u00feau eru v\u00f6n? \u00c1 \u00fdmsu gengur en allt fer vel a\u00f0 lokum.<\/p>\n<p>  <!--more-->  <\/p>\n<p>\u00a0<\/p>\n<p>St\u00f3r h\u00f3pur leikara er \u00ed s\u00fdningunni og m\u00e1 segja a\u00f0 ungir og \u00e1hugasamir leikarar syngi, dansi og leiki af hjartans lyst \u00ed Ung\u00f3 \u00feessa dagana. Leikstj\u00f3ri er Saga J\u00f3nsd\u00f3ttir og leikmynd hannar Hallmundur Kristinsson, um hlj\u00f3\u00f0myndina s\u00e9r Aron \u00d3skarsson, lj\u00f3sah\u00f6nnu\u00f0ur er P\u00e9tur Skarph\u00e9\u00f0insson.<\/p>","protected":false},"excerpt":{"rendered":"<p>Leikf\u00e9lag Dalv\u00edkur hefur \u00e1 undanf\u00f6rnum vikum \u00e6ft\u00a0 fj\u00f6lskylduleikriti\u00f0, Eyrnalangir og anna\u00f0 f\u00f3lk eftir \u00fe\u00e6r systur, I\u00f0unni og Krist\u00ednu Steinsd\u00e6tur, t\u00f3nlist er eftir Ragnhildi G\u00edslad\u00f3ttur. Leikriti\u00f0 gerist \u00e1 Dalv\u00edk \u00ed dag og segir fr\u00e1 \u00fev\u00ed \u00feegar fl\u00f3ttamenn fr\u00e1 eyjunni Sebrakapra koma \u00ed b\u00e6inn me\u00f0 n\u00fdja si\u00f0i og anna\u00f0 \u00fatlit en b\u00e6jarb\u00faar. Frums\u00fdning ver\u00f0ur f\u00f6studaginn 8. Mars. [&hellip;]<\/p>\n","protected":false},"author":3,"featured_media":4109,"comment_status":"open","ping_status":"open","sticky":false,"template":"","format":"standard","meta":{"_et_pb_use_builder":"","_et_pb_old_content":"","_et_gb_content_width":"","footnotes":""},"categories":[187],"tags":[],"class_list":["post-4110","post","type-post","status-publish","format-standard","has-post-thumbnail","hentry","category-allar-frir","et-has-post-format-content","et_post_format-et-post-format-standard"],"_links":{"self":[{"href":"https:\/\/leiklist.is\/en\/wp-json\/wp\/v2\/posts\/4110","targetHints":{"allow":["GET"]}}],"collection":[{"href":"https:\/\/leiklist.is\/en\/wp-json\/wp\/v2\/posts"}],"about":[{"href":"https:\/\/leiklist.is\/en\/wp-json\/wp\/v2\/types\/post"}],"author":[{"embeddable":true,"href":"https:\/\/leiklist.is\/en\/wp-json\/wp\/v2\/users\/3"}],"replies":[{"embeddable":true,"href":"https:\/\/leiklist.is\/en\/wp-json\/wp\/v2\/comments?post=4110"}],"version-history":[{"count":0,"href":"https:\/\/leiklist.is\/en\/wp-json\/wp\/v2\/posts\/4110\/revisions"}],"wp:featuredmedia":[{"embeddable":true,"href":"https:\/\/leiklist.is\/en\/wp-json\/wp\/v2\/media\/4109"}],"wp:attachment":[{"href":"https:\/\/leiklist.is\/en\/wp-json\/wp\/v2\/media?parent=4110"}],"wp:term":[{"taxonomy":"category","embeddable":true,"href":"https:\/\/leiklist.is\/en\/wp-json\/wp\/v2\/categories?post=4110"},{"taxonomy":"post_tag","embeddable":true,"href":"https:\/\/leiklist.is\/en\/wp-json\/wp\/v2\/tags?post=4110"}],"curies":[{"name":"wp","href":"https:\/\/api.w.org\/{rel}","templated":true}]}}