{"id":41095,"date":"2025-03-14T16:01:55","date_gmt":"2025-03-14T16:01:55","guid":{"rendered":"https:\/\/leiklist.is\/?p=41095"},"modified":"2025-06-20T12:23:51","modified_gmt":"2025-06-20T12:23:51","slug":"godverkin-kalla-hja-hugleik","status":"publish","type":"post","link":"https:\/\/leiklist.is\/en\/godverkin-kalla-hja-hugleik\/","title":{"rendered":"G\u00f3\u00f0verkin kalla hj\u00e1 Hugleik"},"content":{"rendered":"<p>Hugleikur frums\u00fdnir <strong>G\u00f3\u00f0verkin kalla<\/strong> laugardaginn 15. mars \u00ed Leikh\u00fasinu a\u00f0 Funalind 2 \u00ed K\u00f3pavogi.<br \/>\n\u00cd litlum b\u00e6 \u00fat \u00e1 landsbygg\u00f0inni, \u00fear sem metna\u00f0ur, g\u00f3\u00f0mennska og samsta\u00f0a einkenna f\u00f3lki\u00f0, fer fram vi\u00f0bur\u00f0ur sem \u00fe\u00fa vilt ekki missa af!<\/p>\n<p><strong>Hven\u00e6r ver\u00f0ur ma\u00f0ur of g\u00f3\u00f0ur?<\/strong><br \/>\n<strong>Skipta g\u00e6\u00f0i meira m\u00e1li en magn?<\/strong><br \/>\n<strong>Hversu miki\u00f0 af t\u00e6kjum \u00fearf eitt l\u00edti\u00f0 sj\u00fakrah\u00fas \u00fati \u00e1 landi?<br \/>\n<\/strong>Hugleikur f\u00e6rir \u00fe\u00e9r spennandi og hr\u00edfandi s\u00fdningu sem vekur dj\u00fapar tilfinningar og skilur eftir sig eftirminnileg spor. \u00deetta er ekki bara vi\u00f0bur\u00f0ur \u2013 \u00feetta er upplifun sem f\u00e6r \u00feig til a\u00f0 hugsa, hl\u00e6ja og efast.<br \/>\nH\u00f6fundar verksins eru \u00feeir \u00deorgeir Tryggvason, S\u00e6var Sigurgeirsson og \u00c1rmann Gu\u00f0mundsson. \u00c1rmann er jafnframt leikstj\u00f3ri s\u00fdningarinnar.<\/p>\n<p><strong>Dagsetningar og s\u00fdningar:<\/strong><br \/>\n<em>Frums\u00fdning<\/em> \u2013 <strong>15. mars kl. 20:00<\/strong><br \/>\nA\u00f0rar s\u00fdningar fara fram dagana <strong>16. mars \u2013 3. apr\u00edl.<br \/>\n<\/strong>Mi\u00f0asala er \u00e1 <a href=\"https:\/\/www.midix.is\/is\/godverkin-kalla-27-mar-2025\/eid\/582\/group\/1\">Midix.is<\/a>.<br \/>\nH\u00fasi\u00f0 opnar klukkustund fyrir s\u00fdningu \u2013 vertu t\u00edmanlega til a\u00f0 nj\u00f3ta stemningarinnar!<\/p>","protected":false},"excerpt":{"rendered":"<p>Hugleikur frums\u00fdnir G\u00f3\u00f0verkin kalla laugardaginn 15. mars \u00ed Leikh\u00fasinu a\u00f0 Funalind 2 \u00ed K\u00f3pavogi. \u00cd litlum b\u00e6 \u00fat \u00e1 landsbygg\u00f0inni, \u00fear sem metna\u00f0ur, g\u00f3\u00f0mennska og samsta\u00f0a einkenna f\u00f3lki\u00f0, fer fram vi\u00f0bur\u00f0ur sem \u00fe\u00fa vilt ekki missa af! Hven\u00e6r ver\u00f0ur ma\u00f0ur of g\u00f3\u00f0ur? Skipta g\u00e6\u00f0i meira m\u00e1li en magn? Hversu miki\u00f0 af t\u00e6kjum \u00fearf eitt l\u00edti\u00f0 [&hellip;]<\/p>\n","protected":false},"author":3,"featured_media":41096,"comment_status":"closed","ping_status":"closed","sticky":false,"template":"","format":"standard","meta":{"_et_pb_use_builder":"","_et_pb_old_content":"","_et_gb_content_width":"","footnotes":""},"categories":[187],"tags":[],"class_list":["post-41095","post","type-post","status-publish","format-standard","has-post-thumbnail","hentry","category-allar-frir","et-has-post-format-content","et_post_format-et-post-format-standard"],"_links":{"self":[{"href":"https:\/\/leiklist.is\/en\/wp-json\/wp\/v2\/posts\/41095","targetHints":{"allow":["GET"]}}],"collection":[{"href":"https:\/\/leiklist.is\/en\/wp-json\/wp\/v2\/posts"}],"about":[{"href":"https:\/\/leiklist.is\/en\/wp-json\/wp\/v2\/types\/post"}],"author":[{"embeddable":true,"href":"https:\/\/leiklist.is\/en\/wp-json\/wp\/v2\/users\/3"}],"replies":[{"embeddable":true,"href":"https:\/\/leiklist.is\/en\/wp-json\/wp\/v2\/comments?post=41095"}],"version-history":[{"count":0,"href":"https:\/\/leiklist.is\/en\/wp-json\/wp\/v2\/posts\/41095\/revisions"}],"wp:featuredmedia":[{"embeddable":true,"href":"https:\/\/leiklist.is\/en\/wp-json\/wp\/v2\/media\/41096"}],"wp:attachment":[{"href":"https:\/\/leiklist.is\/en\/wp-json\/wp\/v2\/media?parent=41095"}],"wp:term":[{"taxonomy":"category","embeddable":true,"href":"https:\/\/leiklist.is\/en\/wp-json\/wp\/v2\/categories?post=41095"},{"taxonomy":"post_tag","embeddable":true,"href":"https:\/\/leiklist.is\/en\/wp-json\/wp\/v2\/tags?post=41095"}],"curies":[{"name":"wp","href":"https:\/\/api.w.org\/{rel}","templated":true}]}}