{"id":41010,"date":"2025-02-26T11:57:52","date_gmt":"2025-02-26T11:57:52","guid":{"rendered":"https:\/\/leiklist.is\/?p=41010"},"modified":"2025-03-12T08:54:43","modified_gmt":"2025-03-12T08:54:43","slug":"land-mins-fodur-i-freyvangi","status":"publish","type":"post","link":"https:\/\/leiklist.is\/en\/land-mins-fodur-i-freyvangi\/","title":{"rendered":"Land m\u00edns f\u00f6\u00f0ur \u00ed Freyvangi"},"content":{"rendered":"<p><span style=\"color: #333333;\">Freyvangsleikh\u00fasi\u00f0 frums\u00fdnir <strong>Land m\u00edns f\u00f6\u00f0ur<\/strong> f\u00f6studaginn 28. febr\u00faar. Verki\u00f0 er leikrit me\u00f0 s\u00f6ngvum um str\u00ed\u00f0s\u00e1rin \u00ed Reykjav\u00edk, hern\u00e1mi\u00f0 og \u00fea\u00f0 sem \u00fev\u00ed fylgdi. Kjartan Ragnarsson skifa\u00f0i verki\u00f0 sem er me\u00f0 t\u00f3nlist eftir Atla Heimi Sveinsson.<br \/>\nHva\u00f0a \u00e1hrif haf\u00f0i hern\u00e1mi\u00f0 \u00e1 \u00edslendinga, einstaklinga og \u00fej\u00f3\u00f0l\u00edfi\u00f0 \u00ed heild? Athyglin beinist a\u00f0 unga parinu B\u00e1ru og S\u00e6la og f\u00f3lkinu \u00ed kringum \u00feau. \u00deau eru a\u00f0 hefja b\u00faskap \u00feegar str\u00ed\u00f0i\u00f0 skellur \u00e1. S\u00e6li k\u00fds a\u00f0 fara frekar \u00e1 sj\u00f3inn en \u00ed bretavinnuna, en B\u00e1ra og m\u00f3\u00f0ir hennar opna \u00fevottah\u00fas sem \u00fej\u00f3nar hernum. B\u00e1ra kynnist breskum li\u00f0sforingja og \u00ed fjarveru S\u00e6la fella \u00feau hugi saman. \u00ddmislegt gengur \u00e1 \u00e1\u00f0ur en yfir l\u00fdkur \u00ed \u00feessu fer\u00f0alagi aftur \u00ed t\u00edmann til \u00cdslands str\u00ed\u00f0s\u00e1ranna.<\/span><\/p>\n<p>Land m\u00edns f\u00f6\u00f0ur er \u00ed leikstj\u00f3rn \u00d3lafs Jens Sigur\u00f0sson og er t\u00f3nlistin \u00ed h\u00f6ndum fagmanna undir stj\u00f3rn Stef\u00e1ns Boga A\u00f0alsteinssonar. <a href=\"https:\/\/tix.is\/event\/18975\/land-mins-fodur\">Mi\u00f0asala er \u00e1 Tix.is<\/a>.<\/p>","protected":false},"excerpt":{"rendered":"<p>Freyvangsleikh\u00fasi\u00f0 frums\u00fdnir Land m\u00edns f\u00f6\u00f0ur f\u00f6studaginn 28. febr\u00faar. Verki\u00f0 er leikrit me\u00f0 s\u00f6ngvum um str\u00ed\u00f0s\u00e1rin \u00ed Reykjav\u00edk, hern\u00e1mi\u00f0 og \u00fea\u00f0 sem \u00fev\u00ed fylgdi. Kjartan Ragnarsson skifa\u00f0i verki\u00f0 sem er me\u00f0 t\u00f3nlist eftir Atla Heimi Sveinsson. Hva\u00f0a \u00e1hrif haf\u00f0i hern\u00e1mi\u00f0 \u00e1 \u00edslendinga, einstaklinga og \u00fej\u00f3\u00f0l\u00edfi\u00f0 \u00ed heild? Athyglin beinist a\u00f0 unga parinu B\u00e1ru og S\u00e6la og [&hellip;]<\/p>\n","protected":false},"author":3,"featured_media":41011,"comment_status":"closed","ping_status":"closed","sticky":false,"template":"","format":"standard","meta":{"_et_pb_use_builder":"","_et_pb_old_content":"","_et_gb_content_width":"","footnotes":""},"categories":[187],"tags":[],"class_list":["post-41010","post","type-post","status-publish","format-standard","has-post-thumbnail","hentry","category-allar-frir","et-has-post-format-content","et_post_format-et-post-format-standard"],"_links":{"self":[{"href":"https:\/\/leiklist.is\/en\/wp-json\/wp\/v2\/posts\/41010","targetHints":{"allow":["GET"]}}],"collection":[{"href":"https:\/\/leiklist.is\/en\/wp-json\/wp\/v2\/posts"}],"about":[{"href":"https:\/\/leiklist.is\/en\/wp-json\/wp\/v2\/types\/post"}],"author":[{"embeddable":true,"href":"https:\/\/leiklist.is\/en\/wp-json\/wp\/v2\/users\/3"}],"replies":[{"embeddable":true,"href":"https:\/\/leiklist.is\/en\/wp-json\/wp\/v2\/comments?post=41010"}],"version-history":[{"count":0,"href":"https:\/\/leiklist.is\/en\/wp-json\/wp\/v2\/posts\/41010\/revisions"}],"wp:featuredmedia":[{"embeddable":true,"href":"https:\/\/leiklist.is\/en\/wp-json\/wp\/v2\/media\/41011"}],"wp:attachment":[{"href":"https:\/\/leiklist.is\/en\/wp-json\/wp\/v2\/media?parent=41010"}],"wp:term":[{"taxonomy":"category","embeddable":true,"href":"https:\/\/leiklist.is\/en\/wp-json\/wp\/v2\/categories?post=41010"},{"taxonomy":"post_tag","embeddable":true,"href":"https:\/\/leiklist.is\/en\/wp-json\/wp\/v2\/tags?post=41010"}],"curies":[{"name":"wp","href":"https:\/\/api.w.org\/{rel}","templated":true}]}}