{"id":40917,"date":"2025-02-18T09:00:02","date_gmt":"2025-02-18T09:00:02","guid":{"rendered":"https:\/\/leiklist.is\/?p=40917"},"modified":"2026-02-23T13:23:49","modified_gmt":"2026-02-23T13:23:49","slug":"leiklistarskoli-bil-2025","status":"publish","type":"post","link":"https:\/\/leiklist.is\/en\/leiklistarskoli-bil-2025\/","title":{"rendered":"Leiklistarsk\u00f3li B\u00cdL 2025"},"content":{"rendered":"<h4 style=\"text-align: center;\"><strong>STARFST\u00cdMI SK\u00d3LANS ER 21. \u2013 29. J\u00daN\u00cd 2025 A\u00d0 REYKJASK\u00d3LA \u00cd HR\u00daTAFIR\u00d0I.<\/strong><\/h4>\n<h3 style=\"text-align: center;\">&#8212; <strong><a href=\"https:\/\/leiklist.is\/en\/leiklistarskoli-bil-2025-umsokn\/\">Smella <\/a>h\u00e9r til a\u00f0 s\u00e6kja um!<span style=\"color: #ff0000;\">*<\/span><\/strong><strong> &#8212; \u00a0<\/strong><\/h3>\n<p style=\"text-align: center;\"><em><span style=\"color: #ff0000;\"><span style=\"color: #000000;\">(<\/span>*<\/span>Opna\u00f0 fyrir skr\u00e1ningu 1. mars kl. 17.30)<br \/>\n<strong>3. apr\u00edl f\u00e1 ums\u00e6kjendur svar vi\u00f0 ums\u00f3kn. ATH! Sta\u00f0festingargjald a\u00f0 upph\u00e6\u00f0 40.000 kr. \u00fearf a\u00f0 vera greitt til a\u00f0 ums\u00f3kn s\u00e9 sam\u00feykkt!\u00a0<\/strong><\/em><\/p>\n<p>&nbsp;<\/p>\n<hr \/>\n<h2 style=\"text-align: center;\">KVE\u00d0JA FR\u00c1 SK\u00d3LANEFND<\/h2>\n<p><img loading=\"lazy\" decoding=\"async\" class=\"aligncenter wp-image-39747\" src=\"https:\/\/leiklist.is\/wp-content\/uploads\/2024\/02\/Skolafolk2024-300x63.jpg\" alt=\"\" width=\"700\" height=\"147\" srcset=\"https:\/\/leiklist.is\/wp-content\/uploads\/2024\/02\/Skolafolk2024-300x63.jpg 300w, https:\/\/leiklist.is\/wp-content\/uploads\/2024\/02\/Skolafolk2024-1024x215.jpg 1024w, https:\/\/leiklist.is\/wp-content\/uploads\/2024\/02\/Skolafolk2024-768x161.jpg 768w, https:\/\/leiklist.is\/wp-content\/uploads\/2024\/02\/Skolafolk2024-18x4.jpg 18w, https:\/\/leiklist.is\/wp-content\/uploads\/2024\/02\/Skolafolk2024-1080x227.jpg 1080w, https:\/\/leiklist.is\/wp-content\/uploads\/2024\/02\/Skolafolk2024-600x126.jpg 600w, https:\/\/leiklist.is\/wp-content\/uploads\/2024\/02\/Skolafolk2024.jpg 1196w\" sizes=\"auto, (max-width: 700px) 100vw, 700px\" \/><\/p>\n<p><strong>K\u00e6ru leiklistarvinir!<\/strong><\/p>\n<div dir=\"auto\">\u00dea\u00f0 er okkur s\u00f6nn \u00e1n\u00e6gja a\u00f0 bj\u00f3\u00f0a ykkur velkomin \u00ed Reykjask\u00f3la \u00ed sumar \u00fear sem leiklistarsk\u00f3linn okkar ver\u00f0ur settur \u00ed tuttugasta og \u00e1ttunda sinn. Sk\u00f3linn bl\u00f3mstrar sem aldrei fyrr og vi\u00f0 sj\u00e1um fram \u00e1 mikla sk\u00f6pun, metna\u00f0 og gle\u00f0i \u00ed sumar.<\/div>\n<div dir=\"auto\">A\u00f0 \u00feessu sinni ver\u00f0a \u00ferj\u00fa fj\u00f6lbreytt n\u00e1mskei\u00f0 \u00ed bo\u00f0i: Vi\u00f0 bj\u00f3\u00f0um velkomna aftur <strong>\u00c1g\u00fastu Sk\u00falad\u00f3ttur<\/strong> me\u00f0<strong> Leiklist II<\/strong>, framhald af n\u00e1mskei\u00f0inu Leiklist I sem kennt var \u00ed fyrra. <strong>Karl \u00c1g\u00fast \u00dalfsson<\/strong> mun einnig m\u00e6ta \u00e1 n\u00fdjan leik og kenna <strong>Leikritun II<\/strong>, framhald af Leikritun I, \u00fear sem l\u00f6g\u00f0 er \u00e1hersla \u00e1 sj\u00e1lfst\u00e6\u00f0 vinnubr\u00f6g\u00f0 fyrir leikrita- og stuttverkaskrif. Einnig bj\u00f3\u00f0um vi\u00f0 velkomna \u00ed fyrsta sinn \u00ed kennarah\u00f3pinn, <strong>Gr\u00edmu Kristj\u00e1nsd\u00f3ttur<\/strong> sem mun kenna s\u00e9rn\u00e1mskei\u00f0 fyrir leikara og erum vi\u00f0 mj\u00f6g spennt a\u00f0 b\u00e6ta henni \u00ed h\u00f3p \u00feeirra fr\u00e1b\u00e6ru kennara sem hafa kennt vi\u00f0 sk\u00f3lann \u00ed gegnum \u00e1rin. H\u00fan mun kenna <strong>Tr\u00fa\u00f0an\u00e1mskei\u00f0 fyrir byrjendur<\/strong>. \u00de\u00e1 bj\u00f3\u00f0um vi\u00f0 fj\u00f3rum h\u00f6fundum \u00ed heims\u00f3kn til a\u00f0 skerpa st\u00edl- e\u00f0a h\u00f6nnunarvopni\u00f0! Vi\u00f0 vonum a\u00f0 sem flestir eigi \u00feess kost a\u00f0 koma, nema og nj\u00f3ta.<\/div>\n<p>Hl\u00f6kkum til a\u00f0 sj\u00e1 ykkur \u2013 me\u00f0 bestu kve\u00f0ju,<br \/>\n<strong>Elli, J\u00f3nhei\u00f0ur, Hrefna, G\u00edsli Bj\u00f6rn og Gu\u00f0finna<\/strong><\/p>\n<hr \/>\n<p><strong><img loading=\"lazy\" decoding=\"async\" class=\"alignright wp-image-37245\" src=\"https:\/\/leiklist.is\/wp-content\/uploads\/2022\/03\/AgustaSkula08-300x288.jpg\" alt=\"\" width=\"270\" height=\"260\" srcset=\"https:\/\/leiklist.is\/wp-content\/uploads\/2022\/03\/AgustaSkula08-300x288.jpg 300w, https:\/\/leiklist.is\/wp-content\/uploads\/2022\/03\/AgustaSkula08-12x12.jpg 12w, https:\/\/leiklist.is\/wp-content\/uploads\/2022\/03\/AgustaSkula08-600x577.jpg 600w, https:\/\/leiklist.is\/wp-content\/uploads\/2022\/03\/AgustaSkula08.jpg 650w\" sizes=\"auto, (max-width: 270px) 100vw, 270px\" \/><\/strong><\/p>\n<h2><strong>LEIKLIST II<\/strong><br \/>\nKennari: \u00c1g\u00fasta Sk\u00falad\u00f3ttir<br \/>\nN\u00e1mskei\u00f0sgjald: 116.000 kr.<\/h2>\n<p><span style=\"color: #09090a;\">N\u00e1mskei\u00f0i\u00f0 er framhaldsn\u00e1mskei\u00f0 fyrir leikara og \u00e6tla\u00f0 \u00feeim sem s\u00f3tt hafa Leiklist I e\u00f0a samb\u00e6rileg n\u00e1mskei\u00f0. \u00deeir sem s\u00f3tt hafa Leiklist I og ekki hafa \u00e1\u00f0ur s\u00f3tt Leiklist II ganga fyrir.<\/span><\/p>\n<p><span style=\"color: #09090a;\">N\u00e1mskei\u00f0i\u00f0 byggir \u00e1 \u00feeim grundvallar\u00fe\u00e1ttum sem voru uppista\u00f0an \u00e1 Leiklist I; \u00fatgeislun og l\u00e9ttleika leikarans, samspili vi\u00f0 me\u00f0leikara og \u00e1horfendur og samvinnu \u00ed h\u00f3p, en a\u00f0 \u00feessu sinni ver\u00f0ur gengi\u00f0 lengra \u00ed a\u00f0 rannsaka \u00fe\u00e1 umbreytingu sem \u00e1 s\u00e9r sta\u00f0 \u00feegar unni\u00f0 er me\u00f0 sama leiktextann \u00ed mismunandi leikst\u00edlum.<\/span><\/p>\n<p><span style=\"color: #09090a;\">\u00de\u00e1tttakendur f\u00e1 sendar senur \u00far klass\u00edskum sem og n\u00fat\u00edmaverkum \u00e1\u00f0ur en sk\u00f3linn hefst &#8211; n\u00e1nar tilkynnt s\u00ed\u00f0ar &#8211; sem \u00feeir \u00feurfa a\u00f0 kunna utanb\u00f3kar en hlutlaust \u00e1\u00f0ur en sk\u00f3li hefst. S\u00ed\u00f0an munum vi\u00f0 kanna hva\u00f0a \u00e1hrif mismunandi st\u00edll hefur \u00e1 merkingu og innihald hverrar senu.<\/span><span style=\"color: #333333;\"><br \/>\n<\/span><span style=\"color: #09090a;\">Hva\u00f0 gerist \u00feegar sena er leikin dramat\u00edskt?\u00a0 E\u00f0a trag\u00edk\u00f3m\u00edskt?\u00a0 Rauns\u00e6islega e\u00f0a me\u00f0 k\u00f3med\u00eduna a\u00f0 lei\u00f0arlj\u00f3si? Einnig ver\u00f0ur liti\u00f0 \u00e1 hvernig k\u00f3rinn, \u00fe.e. allir hinir, geta mynd- og hlj\u00f3\u00f0skreytt leiksenuna, hvernig virkar h\u00fan best? Me\u00f0 einum s\u00f6ngvara, \u00feremur e\u00f0a st\u00f3rum h\u00f3pi?<\/span><\/p>\n<p><span style=\"color: #09090a;\">Eins og fyrr byggist \u00feetta n\u00e1mskei\u00f0 \u00e1 mikilli virkni allra \u00fe\u00e1tttakanda sem \u00feora a\u00f0 taka \u00e1h\u00e6ttu, pr\u00f3fa og mistakast, pr\u00f3fa og takast og vera st\u00f6\u00f0ugt \u00e1 t\u00e1num!<\/span><\/p>\n<p><strong><em>\u00c1g\u00fasta Sk\u00falad\u00f3ttir<\/em><\/strong> er einn reyndasti leikstj\u00f3ri landsins. Leikstj\u00f3rnarverkefni hennar me\u00f0 atvinnu- og \u00e1hugaf\u00f3lki eru or\u00f0in um \u00fea\u00f0 bil 70 talsins \u00e1 undanf\u00f6rnum 20 \u00e1rum og spanna allt fr\u00e1 litlum br\u00fa\u00f0us\u00fdningum upp \u00ed st\u00f3rar \u00f3perur, fr\u00e1 einleikjum til gr\u00edmus\u00fdninga \u00e1n or\u00f0a og mannmargra s\u00f6ngleikja. Sem leikstj\u00f3ri hefur h\u00fan einnig unni\u00f0 fj\u00f6lda leiksmi\u00f0juverka, \u00fear sem s\u00fdning ver\u00f0ur til \u00far grunnhugmynd \u00ed samvinnu leikh\u00f3ps og listr\u00e6nna stj\u00f3rnenda. \u00cd \u00fev\u00ed sambandi m\u00e1 nefna <b>Grimms<\/b> me\u00f0 Leikf\u00e9lagi K\u00f3pavogs, <b>Klaufa og k\u00f3ngsd\u00e6tur<\/b> \u00ed \u00dej\u00f3\u00f0leikh\u00fasinu, <b>\u00c6vint\u00fdri Munch\u00e1sens<\/b> \u00ed Gaflaraleikh\u00fasinu og <b>Gosa \u2013 \u00e6vint\u00fdri sp\u00fdtustr\u00e1ks<\/b> \u00ed Borgarleikh\u00fasinu. \u00c1 s\u00ed\u00f0ustu \u00e1rum hefur \u00c1g\u00fasta sett upp s\u00fdningar eins og <b>Kardemommub\u00e6inn<\/b> \u00ed \u00dej\u00f3\u00f0leikh\u00fasinu, <b>Nj\u00e1lu \u00e1 hundava\u00f0i<\/b> \u00ed Borgarleikh\u00fasi, <b>B\u00edddu bara<\/b> \u00ed Gaflaraleikh\u00fasinu, heilgr\u00edmus\u00fdninguna <b>Hetju!<\/b> og kve\u00f0jus\u00fdningu Karls \u00c1g\u00fasts <b>F\u00edfli\u00f0<\/b> Tjarnarb\u00ed\u00f3i. H\u00fan er einnig leikstj\u00f3ri uppistandss\u00fdningarinnar <b>Madame Tourette<\/b> og <b>Hva\u00f0 sem \u00fei\u00f0 vilji\u00f0<\/b> eftir Shakespeare \u00ed \u00dej\u00f3\u00f0leikh\u00fasinu, <b>Gilitrutt<\/b> me\u00f0 leikh\u00f3pnum Lottu, <b>Hollv\u00e6ttir \u00e1 hei\u00f0inni<\/b> sem s\u00fdnt var \u00ed Sl\u00e1turh\u00fasinu \u00e1 Egilsst\u00f6\u00f0um og \u00f3peruna <b>Hli\u00f0arspor<\/b> \u00ed Gamla b\u00ed\u00f3i.<\/p>\n<p>&nbsp;<\/p>\n<p>&nbsp;<\/p>\n<hr \/>\n<h2><strong><img loading=\"lazy\" decoding=\"async\" class=\"alignright wp-image-39749\" src=\"https:\/\/leiklist.is\/wp-content\/uploads\/2024\/02\/KarlAgust_headshoot-240x300.jpg\" alt=\"\" width=\"270\" height=\"338\" srcset=\"https:\/\/leiklist.is\/wp-content\/uploads\/2024\/02\/KarlAgust_headshoot-240x300.jpg 240w, https:\/\/leiklist.is\/wp-content\/uploads\/2024\/02\/KarlAgust_headshoot-10x12.jpg 10w, https:\/\/leiklist.is\/wp-content\/uploads\/2024\/02\/KarlAgust_headshoot.jpg 600w\" sizes=\"auto, (max-width: 270px) 100vw, 270px\" \/>LEIKRITUN II<\/strong><br \/>\nKennari: Karl \u00c1g\u00fast \u00dalfsson<br \/>\nN\u00e1mskei\u00f0sgjald: 116.000 kr.<\/h2>\n<p><span style=\"color: #333333;\">N\u00e1mskei\u00f0i\u00f0 er \u00e6tla\u00f0 \u00feeim sem loki\u00f0 hafa byrjendan\u00e1mi \u00ed leikritun, e\u00f0a hafa umtalsver\u00f0a reynslu af ritun og vinnslu leikverka sem h\u00f6fundar. <span style=\"color: #09090a;\">\u00deeir sem s\u00f3tt hafa Leikritun I og ekki hafa \u00e1\u00f0ur s\u00f3tt Leikritun II ganga fyrir.<\/span><\/span><\/p>\n<p>Unni\u00f0 ver\u00f0ur me\u00f0 uppbyggingu og \u00fatf\u00e6rslu verka sem \u00e6tlu\u00f0 eru til uppsetningar \u00e1 leiksvi\u00f0i, hvort sem um st\u00f3r e\u00f0a sm\u00e1 verk er a\u00f0 r\u00e6\u00f0a. Nemendum er heimilt a\u00f0 gera h\u00e1lf- e\u00f0a heilunnin verk eftir sig a\u00f0 meginvi\u00f0fangsefnum \u00e1 n\u00e1mskei\u00f0inu og munu \u00fe\u00e1 nj\u00f3ta lei\u00f0sagnar og stu\u00f0nings jafnt kennarans og samnemenda sinna vi\u00f0 n\u00e6stu skref og framhald.<\/p>\n<p>S\u00e9rstaklega ver\u00f0ur v\u00f6ngum velt yfir pers\u00f3nusk\u00f6pun, framvindu s\u00f6gunnar og samb\u00f6ndum og samskiptum karaktera, en einnig ver\u00f0a sko\u00f0u\u00f0 \u00feau spennandi, algengu og \u00f3algengu vandam\u00e1l sem upp kunna a\u00f0 koma vi\u00f0 sk\u00f6pun leikverka.<\/p>\n<p>Hvort sem nemendur f\u00e1st vi\u00f0 st\u00f3r verk e\u00f0a sm\u00e1 mun loka\u00e1fanginn mi\u00f0ast vi\u00f0 a\u00f0 hluti handritsins geti sta\u00f0i\u00f0 \u00e1 eigin f\u00f3tum og or\u00f0i\u00f0 a\u00f0 sj\u00e1lfst\u00e6\u00f0ri s\u00fdningu \u00ed me\u00f0f\u00f6rum leikara og leikstj\u00f3ra.<\/p>\n<p><span style=\"color: #262626;\"><strong><em>Karl \u00c1g\u00fast \u00dalfsson<\/em><\/strong> hefur starfa\u00f0 sem leikari, leikstj\u00f3ri, \u00fe\u00fd\u00f0andi og h\u00f6fundur \u00ed r\u00edflega fj\u00f6rut\u00edu \u00e1r. Hann hefur starfa\u00f0 vi\u00f0 \u00dej\u00f3\u00f0leikh\u00fasi\u00f0, Leikf\u00e9lag Reykjav\u00edkur, Leikf\u00e9lag Akureyrar og fj\u00f6lda frj\u00e1lsra leikh\u00f3pa \u00ed gegnum t\u00ed\u00f0ina. Sem leikari er hann etv. \u00feekktastur fyrir leik sinn \u00ed <b>L\u00edfmyndunum<\/b> og \u00ed \u00feeim \u00f3teljandi \u00fe\u00e1ttum sem <b>Spaugstofan<\/b> sendi \u00fat \u00e1 R\u00daV og St\u00f6\u00f0 2, en hann var einnig handritsh\u00f6fundur \u00feeirra \u00fe\u00e1tta. Sem \u00fe\u00fd\u00f0andi hefur hann \u00fe\u00fdtt vel yfir sext\u00edu leikrit eftir h\u00f6funda eins og <b>Shakespeare<\/b>, <b>Ibsen<\/b>, <b>John Ford<\/b>, <b>Tennesee Williams<\/b>, <b>Mrozek<\/b>, <b>Fassbinder<\/b> og fleiri. Einnig s\u00f6ngleiki eins og <b>Galdrakarlinn \u00ed Oz<\/b>, <b>S\u00f6gu \u00far vesturb\u00e6num<\/b>, <b>Rent<\/b>, <b>Kabarett<\/b> og <b>Billy Elliot<\/b>. Uppsett leikverk eftir Karl eru \u00e1 milli tuttugu og \u00ferj\u00e1t\u00edu, skrifu\u00f0 fyrir svi\u00f0, \u00fatvarp og sj\u00f3nvarp en hann hefur einnig rita\u00f0 kvikmyndahandrit. Af verkum hans m\u00e1 nefna\u00a0 til d\u00e6mis <b>\u00cd hv\u00edtu myrkri<\/b>, <b>F\u00f6gru ver\u00f6ld<\/b>, <b>\u00d6rf\u00e1 s\u00e6ti laus<\/b>, <b>Gosa<\/b>, <b>S\u00f3l og M\u00e1na<\/b>, <b>Gulleyjuna<\/b>, <b>\u00d3 \u00feessi \u00fej\u00f3\u00f0<\/b>, <b>Harr\u00fd og Heimi<\/b>, <b>\u00cd skugga Sveins<\/b>. <b>Gallsteina afa Gissa<\/b> og <b>F\u00edfli\u00f0<\/b>.<\/span><\/p>\n<p>&nbsp;<\/p>\n<hr \/>\n<h2><strong><img loading=\"lazy\" decoding=\"async\" class=\"alignright wp-image-40953\" src=\"https:\/\/leiklist.is\/wp-content\/uploads\/2025\/02\/Grima_portrait-200x300.png\" alt=\"\" width=\"250\" height=\"375\" srcset=\"https:\/\/leiklist.is\/wp-content\/uploads\/2025\/02\/Grima_portrait-200x300.png 200w, https:\/\/leiklist.is\/wp-content\/uploads\/2025\/02\/Grima_portrait-8x12.png 8w, https:\/\/leiklist.is\/wp-content\/uploads\/2025\/02\/Grima_portrait-600x900.png 600w, https:\/\/leiklist.is\/wp-content\/uploads\/2025\/02\/Grima_portrait.png 667w\" sizes=\"auto, (max-width: 250px) 100vw, 250px\" \/>TR\u00da\u00d0AN\u00c1MSKEI\u00d0 FYRIR BYRJENDUR<\/strong><br \/>\nKennari: Gr\u00edma Kristj\u00e1nsd\u00f3ttir<br \/>\nN\u00e1mskei\u00f0sgjald: 116.000 kr.<\/h2>\n<p><span style=\"color: #333333;\"><b>S\u00e9rn\u00e1mskei\u00f0 \u00ed leiklist, \u00e6tla\u00f0 \u00feeim sem s\u00f3tt hafa Leiklist I og II og e\u00f0a samb\u00e6rileg grunnn\u00e1mskei\u00f0 e\u00f0a hafa umtalsver\u00f0a reynslu af svi\u00f0sleik. <\/b><strong>\u00de<\/strong><\/span><strong>eir sem hafa teki\u00f0 leiklist I og II hafa forgang \u00e1 s\u00e9rn\u00e1mskei\u00f0.<\/strong><\/p>\n<p><span style=\"color: #080809;\">\u00c1 n\u00e1mskei\u00f0inu ver\u00f0ur kennd tr\u00fa\u00f0at\u00e6kni sem gerir leikurum kleift a\u00f0 finna sannleikann \u00ed augnablikinu, a\u00f0 \u00feora a\u00f0 vera me\u00f0 \u00fev\u00ed sem er og \u00feurfa ekki a\u00f0 framlei\u00f0a e\u00f0a b\u00faa til neitt sni\u00f0ugt, bara a\u00f0 b\u00ed\u00f0a eftir a\u00f0 eitthva\u00f0 f\u00e6\u00f0ist og leika s\u00e9r svo me\u00f0 \u00fea\u00f0. Tr\u00fa\u00f0at\u00e6kni er au\u00f0vita\u00f0 til \u00ed \u00fdmsum myndum og h\u00fan er notu\u00f0 \u00e1 \u00f3tal marga vegu, en \u00feessi \u00e1kve\u00f0na t\u00e6kni var \u00fer\u00f3u\u00f0 af Mario Gonzales og hefur s\u00ed\u00f0an fest sig \u00ed sessi \u00ed \u00edslensku leikh\u00fasi. \u00deessi tr\u00fa\u00f0at\u00e6kni hefur veri\u00f0 kennd \u00ed Listah\u00e1sk\u00f3la \u00cdslands sem og \u00e1 n\u00e1mskei\u00f0um v\u00edtt og breitt um landi\u00f0 og veri\u00f0 notu\u00f0 \u00ed \u00fdmsum s\u00fdningum, me\u00f0al annars <i>Jes\u00fas litli,<\/i>\u00a0<i>Dau\u00f0asyndirnar<\/i>\u00a0og\u00a0<i>Hi\u00f0 st\u00f3rfenglega \u00e6vint\u00fdri um missi.<\/i><\/span><i><\/i><\/p>\n<p><span style=\"color: #080809;\">\u00c1 n\u00e1mskei\u00f0inu ver\u00f0ur fari\u00f0 \u00ed grunnt\u00e6kni tr\u00fa\u00f0sins, k\u00f3rinn \u00fear sem notast er vi\u00f0 hlutlausar gr\u00edmur ver\u00f0ur tekinn fyrir og fari\u00f0 vel \u00ed hugmyndina \u00e1 bakvi\u00f0 hann og gr\u00edmurnar. Hver og einn \u00fe\u00e1tttakandi f\u00e6\u00f0ir sinn tr\u00fa\u00f0 og ver\u00f0ur fari\u00f0 \u00ed fj\u00f6lbreyttar \u00e6fingar og spuna \u00ed tr\u00fa\u00f0at\u00e6kninni.\u00a0\u00a0Nemendur eru hvattir til a\u00f0 koma me\u00f0 hlj\u00f3\u00f0f\u00e6ri, hluti, lj\u00f3\u00f0, s\u00f6gur e\u00f0a \u00e1l\u00edka sem hafa einhverja merkingu fyrir vi\u00f0komandi.<\/span><\/p>\n<p><span style=\"color: #080809;\"><strong><em>Gr\u00edma\u00a0Kristj\u00e1nsd\u00f3ttir<\/em><\/strong> er leikkona og leiklistarkennari.\u00a0\u00a0H\u00fan \u00fatskrifa\u00f0ist sem leikkona 2016 og hefur s\u00ed\u00f0an \u00fe\u00e1 og fyrir \u00fea\u00f0 veri\u00f0 me\u00f0 annan e\u00f0a b\u00e1\u00f0a f\u00e6tur \u00ed leikh\u00fasi og \u00f6\u00f0ru leiklistartengdu. H\u00fan hefur reki\u00f0 leikh\u00fas, framleitt s\u00fdningar, skrifa\u00f0, kennt og leikst\u00fdrt. Tr\u00fa\u00f0at\u00e6knina sem h\u00fan kennir n\u00fa l\u00e6r\u00f0i h\u00fan fyrst hj\u00e1 H\u00f6rpu Arnard\u00f3ttur \u00e1ri\u00f0 2012 \u00ed Bandalagssk\u00f3lanum, en l\u00e6r\u00f0i s\u00ed\u00f0ar hj\u00e1 Rafael Bianciotto 2016 og \u00e1fram \u00e1 hverju \u00e1ri s\u00ed\u00f0an \u00fe\u00e1 \u00feanga\u00f0 til \u00feau leiddu saman hesta s\u00edna \u00e1ri\u00f0 2022 og settu upp tr\u00fa\u00f0as\u00fdninguna \u2018Hi\u00f0 st\u00f3rfenglega \u00e6vint\u00fdri um missi\u2019 \u00ed Tjarnarb\u00ed\u00f3i, sem Gr\u00edma skrifa\u00f0i og l\u00e9k og Rafael leikst\u00fdr\u00f0i.<\/span><\/p>\n<p>\u00deetta er \u00ed fyrsta sinn sem Gr\u00edma kennir vi\u00f0 sk\u00f3lann.<\/p>\n<p>&nbsp;<\/p>\n<hr \/>\n<div class=\"xdj266r x11i5rnm xat24cr x1mh8g0r x1vvkbs\">\n<h2 dir=\"auto\"><strong><img loading=\"lazy\" decoding=\"async\" class=\"alignright size-medium wp-image-39769\" src=\"https:\/\/leiklist.is\/wp-content\/uploads\/2024\/02\/scenografieheader_small-300x200.jpg\" alt=\"\" width=\"300\" height=\"200\" srcset=\"https:\/\/leiklist.is\/wp-content\/uploads\/2024\/02\/scenografieheader_small-300x200.jpg 300w, https:\/\/leiklist.is\/wp-content\/uploads\/2024\/02\/scenografieheader_small-18x12.jpg 18w, https:\/\/leiklist.is\/wp-content\/uploads\/2024\/02\/scenografieheader_small.jpg 600w\" sizes=\"auto, (max-width: 300px) 100vw, 300px\" \/>H\u00d6FUNDUR \u00cd HEIMS\u00d3KN<br \/>\n<\/strong>N\u00e1mskei\u00f0sgjald: 95.000 kr.<\/h2>\n<\/div>\n<div class=\"x11i5rnm xat24cr x1mh8g0r x1vvkbs xtlvy1s\">\n<div dir=\"auto\">Blundar \u00ed \u00fe\u00e9r sk\u00e1ld? Ertu me\u00f0 h\u00e1lfhanna\u00f0 leiksvi\u00f0 \u00ed m\u00f6ppu? Ertu a\u00f0 bur\u00f0ast me\u00f0 hugmynd? Dreymir \u00feig um a\u00f0 kl\u00e6\u00f0a leikara \u00ed b\u00faninga? Vantar \u00feig lausa stund til a\u00f0 lj\u00faka svi\u00f0sverkinu?<\/div>\n<div dir=\"auto\">Sk\u00f3linn b\u00fd\u00f0ur h\u00f6fundum \u00ed svi\u00f0slistum a\u00f0 dvelja a\u00f0 Reykjask\u00f3la vi\u00f0 skapandi skrif og n\u00fa einnig \u00ed skapandi h\u00f6nnun \u00ed svi\u00f0slistum. Vi\u00f0 teljum a\u00f0 mj\u00f6g vel hafi tekist til fyrir leikh\u00f6funda og bj\u00f3\u00f0um einnig a\u00f0ra svi\u00f0sh\u00f6funda s\u00e9rstaklega velkomna til a\u00f0 nj\u00f3ta \u00feess a\u00f0 skapa, skrifa og skemmta s\u00e9r \u00ed s\u00f6nnum leikh\u00fasanda.<\/div>\n<div dir=\"auto\">H\u00f6fundum stendur til bo\u00f0a gisting og f\u00e6\u00f0i me\u00f0 sama h\u00e6tti og nemendum sk\u00f3lans, \u00feeim ber a\u00f0 fara eftir reglum sk\u00f3lans um umgengni o.fl. og er a\u00f0 sj\u00e1lfs\u00f6g\u00f0u velkomi\u00f0 a\u00f0 taka \u00fe\u00e1tt \u00ed \u00f6llu sk\u00f3lastarfi utan hef\u00f0bundinna kennslustunda.<\/div>\n<div dir=\"auto\">Vi\u00f0 hvetjum h\u00f6funda til a\u00f0 n\u00fdta s\u00e9r \u00feetta t\u00e6kif\u00e6ri og lofum \u00fev\u00ed a\u00f0 hinn eini sanni sk\u00f3laandi ver\u00f0i einst\u00f6k uppspretta sk\u00f6punargle\u00f0i! Fj\u00f3rum (4) h\u00f6fundum er bo\u00f0i\u00f0 a\u00f0 koma \u00ed heims\u00f3kn.<\/div>\n<\/div>\n<p>&nbsp;<\/p>\n<hr \/>\n<h2 style=\"text-align: center;\"><strong>ALMENNAR UPPL\u00ddSINGAR<\/strong><\/h2>\n<p><strong><img loading=\"lazy\" decoding=\"async\" class=\"alignright size-medium wp-image-39762\" src=\"https:\/\/leiklist.is\/wp-content\/uploads\/2024\/02\/Skolamynd_augl2024ab_small-300x211.jpg\" alt=\"\" width=\"300\" height=\"211\" srcset=\"https:\/\/leiklist.is\/wp-content\/uploads\/2024\/02\/Skolamynd_augl2024ab_small-300x211.jpg 300w, https:\/\/leiklist.is\/wp-content\/uploads\/2024\/02\/Skolamynd_augl2024ab_small-18x12.jpg 18w, https:\/\/leiklist.is\/wp-content\/uploads\/2024\/02\/Skolamynd_augl2024ab_small.jpg 600w\" sizes=\"auto, (max-width: 300px) 100vw, 300px\" \/>Skr\u00e1ning \u00ed sk\u00f3lann<\/strong> stendur yfir fr\u00e1 1. mars til og me\u00f0 31. mars. Ums\u00f3knir skal fylla \u00fat \u00e1 Leiklistarvefnum, www.leiklist.is. Opna\u00f0 ver\u00f0ur fyrir ums\u00f3knir 1. mars. kl. 17.30.<\/p>\n<ul>\n<li>Reglan <em><strong>Fyrstur kemur \u2013 fyrstur f\u00e6r<\/strong><\/em> gildir vi\u00f0 skr\u00e1ningar gegn grei\u00f0slu sta\u00f0festingargjalds, kr. 40.000, ef innt\u00f6kuskilyr\u00f0um er fulln\u00e6gt a\u00f0 \u00f6\u00f0ru leyti. <em><strong>Sj\u00e1 forkr\u00f6fur n\u00e1mskei\u00f0a!<\/strong> <\/em><\/li>\n<li>Sta\u00f0festingargjald dregst fr\u00e1 endanlegu sk\u00f3lagjaldi. Ef velja \u00fearf \u00e1 milli ums\u00e6kjenda gerir sk\u00f3lanefnd \u00fea\u00f0 \u00e1 grundvelli fyrri menntunar og reynslu vi\u00f0komandi.<\/li>\n<li>N\u00e1ist ekki \u00e1s\u00e6ttanlegur fj\u00f6ldi \u00e1 tilteki\u00f0 n\u00e1mskei\u00f0 fellur \u00fea\u00f0 ni\u00f0ur.<\/li>\n<li>Aldurstakmark \u00ed sk\u00f3lann er 18 \u00e1r.<\/li>\n<li><a href=\"https:\/\/leiklist.is\/en\/skolareglur-2024\/\">Sk\u00f3linn hefur sett s\u00e9r reglur<\/a>, m.a. um umgengni, reykingar og \u00e1fengisneyslu, sem nemendur sam\u00feykkja a\u00f0 fara eftir \u00e1 starfst\u00edma sk\u00f3lans.<\/li>\n<\/ul>\n<hr \/>\n<p><strong>Starfst\u00edmi sk\u00f3lans \u00e1 \u00feessu \u00e1ri er fr\u00e1 21. til 29. j\u00fan\u00ed.<\/strong> Sk\u00f3lasetning er laugardaginn 21. j\u00fan\u00ed kl. 9.00 og hefjast n\u00e1mskei\u00f0in strax \u00fear \u00e1 eftir. Nemendur eru velkomnir a\u00f0 Reykjask\u00f3la kv\u00f6ldi\u00f0 fyrir sk\u00f3lasetningu, fr\u00e1 kl. 20.00 en \u00fe\u00e1 er ekki bo\u00f0i\u00f0 upp \u00e1 kv\u00f6ldver\u00f0. Sk\u00f3laslit eru kl. 12.00 sunnudaginn 29. j\u00fan\u00ed. Vi\u00f0urkenningarskj\u00f6l og merki sk\u00f3lans ver\u00f0a afhent vi\u00f0 sk\u00f3laslit.<\/p>\n<p><strong>A\u00f0sta\u00f0a \u00ed Reykjask\u00f3la:<br \/>\n<\/strong>Svefnherbergin eru b\u00fain 2-4 r\u00famum og koddi og s\u00e6ng fylgja en nemendur \u00feurfa a\u00f0 hafa me\u00f0 s\u00e9r lak og s\u00e6ngurf\u00f6t. Nemendur hafi me\u00f0 s\u00e9r handkl\u00e6\u00f0i og sundf\u00f6t. Sundlaug og heitir pottar eru \u00e1 sta\u00f0num, einnig er n\u00e1tt\u00farulaug opin \u00f6llum. Minnum s\u00e9rstaklega \u00e1 a\u00f0 taka me\u00f0 s\u00e9r hl\u00fd f\u00f6t, bendum einnig \u00e1 a\u00f0 ekki er \u00fevottav\u00e9l til afnota fyrir nemendur, auk \u00feess er gott a\u00f0 hafa me\u00f0 fj\u00f6ltengi. Innfali\u00f0 \u00ed sk\u00f3lagjaldi er fullt f\u00e6\u00f0i, \u00fe.e. morgunmatur, h\u00e1degismatur og kv\u00f6ldmatur auk kaffiveitinga tvisvar \u00e1 dag.<\/p>\n<p>Haldi\u00f0 er lokah\u00f3f s\u00ed\u00f0asta kv\u00f6ldi\u00f0 \u00fear sem f\u00f3lk kl\u00e6\u00f0ir sig upp \u00e1, kve\u00f0ur kennarana s\u00edna og skemmtir hvert \u00f6\u00f0ru me\u00f0 dansi og s\u00f6ng.<\/p>\n<p><strong>Sk\u00f3lagjald:<br \/>\n<\/strong><em><strong>\u00de\u00e1ttt\u00f6kugjald \u00e1 n\u00e1mskei\u00f0 er 116.000 kr. og gjald fyrir H\u00f6funda \u00ed heims\u00f3kn er 95.000 kr. Sk\u00f3lagjaldi\u00f0 skal vera a\u00f0 fullu greitt \u00ed s\u00ed\u00f0asta lagi 1. j\u00fan\u00ed 2025.<br \/>\n<\/strong><\/em><strong>Sta\u00f0festingargjald er kr. 40.000. Ums\u00f3kn er \u00fe\u00e1 fyrst gild a\u00f0 b\u00fai\u00f0 s\u00e9 a\u00f0 grei\u00f0a sta\u00f0festingargjald!<\/strong> Sta\u00f0festingargjald er \u00f3endurkr\u00e6ft nema gegn framv\u00edsun l\u00e6knisvottor\u00f0s.<br \/>\nInnifali\u00f0 \u00ed \u00fe\u00e1ttt\u00f6kugjaldi er gisting, matur, kennsla og g\u00f6gn.<br \/>\n<strong>Sta\u00f0festingargjald<\/strong> skal grei\u00f0a fyrir\u2028 <strong>31. mars<\/strong>, a\u00f0 \u00f6\u00f0rum kosti fellur ums\u00f3kn ni\u00f0ur. Grei\u00f0a skal til Bandalags \u00edslenskra leikf\u00e9laga og skal senda tilkynningu \u00e1 netfangi\u00f0 <a href=\"mailto:info@leiklist.is\">info@leiklist.is<\/a>:<br \/>\n<em><strong>Millif\u00e6rslureikningur er 334-26-5463 &#8211; Kt. 440169-0239. Taki\u00f0 sk\u00fdrt fram ef annar en ums\u00e6kjandi grei\u00f0ir!\u00a0<\/strong><\/em><\/p>\n<p><em><strong>\u00a0<\/strong><\/em>Me\u00f0limum a\u00f0ildarf\u00e9laga Bandalags \u00edslenskra leikf\u00e9laga er bent \u00e1 a\u00f0 f\u00e9l\u00f6gin geta s\u00f3tt um sm\u00e1 styrk til Bandalagsins ef \u00feau senda nemendur \u00ed sk\u00f3lann. \u00de\u00e1 styrkja m\u00f6rg st\u00e9ttarf\u00e9l\u00f6g t\u00f3mstundastarf f\u00e9lagsmanna og fellur Leiklistarsk\u00f3linn \u00fear undir.<\/p>\n<p><strong>Kennarar sk\u00f3lans og starfsf\u00f3lk:<\/strong><br \/>\nSk\u00f3last\u00fdra \u2014 F. Elli Hafli\u00f0ason , <a href=\"mailto:donellione@gmail.com\">donellione@gmail.com<\/a><br \/>\nSk\u00f3last\u00fdra \u2014 J\u00f3nhei\u00f0ur \u00cdsleifsd\u00f3ttir, <a href=\"mailto:jonheidur@gmail.com\">jonheidur@gmail.com<\/a><br \/>\nLeiklist II \u2014 \u00c1g\u00fasta Sk\u00fald\u00f3ttir, <a href=\"mailto:agustaskula@gmail.com\">agustaskula@gmail.com<\/a><br \/>\nLeikritun II \u2014\u00a0 Karl \u00c1g\u00fast \u00dalfsson, <a href=\"mailto:undur@stormerki.is\">undur@stormerki.is<\/a><br \/>\nTr\u00fa\u00f0an\u00e1mskei\u00f0 fyrir byrjendur \u2014 Gr\u00edma Kristj\u00e1nsd\u00f3ttir, <a href=\"mailto:grimakrist@gmail.com\">grimakrist@gmail.com<\/a><\/p>\n<p>Hafi\u00f0 samband vi\u00f0 <strong>\u00dej\u00f3nustumi\u00f0st\u00f6\u00f0 B\u00cdL<\/strong> ef spurningar eru var\u00f0andi sk\u00f3lann e\u00f0a anna\u00f0 honum tengt:<\/p>\n<p>Bandalag \u00edslenskra leikf\u00e9laga, Kleppsm\u00fdrarvegi 8, 104 Reykjav\u00edk<br \/>\ns\u00edmi 551 6974, netfang <a href=\"mailto:info@leiklist.is\">info@leiklist.is<\/a>, veffang <a href=\"https:\/\/leiklist.is\/en\/\">www.leiklist.is<\/a><\/p>\n<p>&nbsp;<\/p>","protected":false},"excerpt":{"rendered":"<p>STARFST\u00cdMI SK\u00d3LANS ER 21. \u2013 29. J\u00daN\u00cd 2025 A\u00d0 REYKJASK\u00d3LA \u00cd HR\u00daTAFIR\u00d0I. &#8212; Smella h\u00e9r til a\u00f0 s\u00e6kja um!* &#8212; \u00a0 (*Opna\u00f0 fyrir skr\u00e1ningu 1. mars kl. 17.30) 3. apr\u00edl f\u00e1 ums\u00e6kjendur svar vi\u00f0 ums\u00f3kn. ATH! Sta\u00f0festingargjald a\u00f0 upph\u00e6\u00f0 40.000 kr. \u00fearf a\u00f0 vera greitt til a\u00f0 ums\u00f3kn s\u00e9 sam\u00feykkt!\u00a0 &nbsp; KVE\u00d0JA FR\u00c1 SK\u00d3LANEFND K\u00e6ru [&hellip;]<\/p>\n","protected":false},"author":3,"featured_media":35621,"comment_status":"closed","ping_status":"closed","sticky":false,"template":"","format":"standard","meta":{"_et_pb_use_builder":"","_et_pb_old_content":"","_et_gb_content_width":"","footnotes":""},"categories":[190],"tags":[],"class_list":["post-40917","post","type-post","status-publish","format-standard","has-post-thumbnail","hentry","category-skn","et-has-post-format-content","et_post_format-et-post-format-standard"],"_links":{"self":[{"href":"https:\/\/leiklist.is\/en\/wp-json\/wp\/v2\/posts\/40917","targetHints":{"allow":["GET"]}}],"collection":[{"href":"https:\/\/leiklist.is\/en\/wp-json\/wp\/v2\/posts"}],"about":[{"href":"https:\/\/leiklist.is\/en\/wp-json\/wp\/v2\/types\/post"}],"author":[{"embeddable":true,"href":"https:\/\/leiklist.is\/en\/wp-json\/wp\/v2\/users\/3"}],"replies":[{"embeddable":true,"href":"https:\/\/leiklist.is\/en\/wp-json\/wp\/v2\/comments?post=40917"}],"version-history":[{"count":1,"href":"https:\/\/leiklist.is\/en\/wp-json\/wp\/v2\/posts\/40917\/revisions"}],"predecessor-version":[{"id":42254,"href":"https:\/\/leiklist.is\/en\/wp-json\/wp\/v2\/posts\/40917\/revisions\/42254"}],"wp:featuredmedia":[{"embeddable":true,"href":"https:\/\/leiklist.is\/en\/wp-json\/wp\/v2\/media\/35621"}],"wp:attachment":[{"href":"https:\/\/leiklist.is\/en\/wp-json\/wp\/v2\/media?parent=40917"}],"wp:term":[{"taxonomy":"category","embeddable":true,"href":"https:\/\/leiklist.is\/en\/wp-json\/wp\/v2\/categories?post=40917"},{"taxonomy":"post_tag","embeddable":true,"href":"https:\/\/leiklist.is\/en\/wp-json\/wp\/v2\/tags?post=40917"}],"curies":[{"name":"wp","href":"https:\/\/api.w.org\/{rel}","templated":true}]}}