{"id":40908,"date":"2025-02-07T09:21:13","date_gmt":"2025-02-07T09:21:13","guid":{"rendered":"https:\/\/leiklist.is\/?p=40908"},"modified":"2025-03-12T08:54:30","modified_gmt":"2025-03-12T08:54:30","slug":"namskeid-i-syningarstjornun-og-taekni-leikhussins","status":"publish","type":"post","link":"https:\/\/leiklist.is\/en\/namskeid-i-syningarstjornun-og-taekni-leikhussins\/","title":{"rendered":"N\u00e1mskei\u00f0 \u00ed s\u00fdningarstj\u00f3rnun og t\u00e6kni leikh\u00fassins"},"content":{"rendered":"<p>Helgina 15. og 16. mars stendur \u00dej\u00f3\u00f0leikh\u00fasi\u00f0 fyrir n\u00e1mskei\u00f0um \u00ed <strong>s\u00fdningarstj\u00f3rnun<\/strong> annars vegar og <strong>t\u00e6kni leikh\u00fassins<\/strong> hins vegar. N\u00e1mskei\u00f0in ver\u00f0a kennd af s\u00fdningarstj\u00f3rum og t\u00e6knim\u00f6nnum h\u00fassins og ver\u00f0a kennd \u00ed \u00dej\u00f3\u00f0leikh\u00fasinu.<br \/>\n<a href=\"https:\/\/leikhusid.is\/namskeid\/\">Skr\u00e1ning er \u00e1 vef \u00dej\u00f3\u00f0leikh\u00fassins<\/a>. \u00a0N\u00e1nar um n\u00e1mskei\u00f0in:<\/p>\n<h3><span style=\"text-decoration: underline;\">S\u00fdningastj\u00f3ran\u00e1mskei\u00f0<\/span><\/h3>\n<p><b data-olk-copy-source=\"MessageBody\">Laugardaginn 15. Mars kl. 09:30 \u2013 15:00 og s<\/b><b>unnudaginn 16. Mars kl. 09:30 \u2013 15:00<br \/>\n<\/b><b>N\u00e1mskei\u00f0i\u00f0 fer fram \u00ed \u00dej\u00f3\u00f0leikh\u00fasinu. <\/b><b>Fj\u00f6ldi nemenda takmarkast vi\u00f0 15 manns.<\/b><b> \u00a0<\/b><b>Ver\u00f0: 28.000<\/b><\/p>\n<p><span data-olk-copy-source=\"MessageBody\">N\u00e1mskei\u00f0 sem hentar vel fyrir nefndarme\u00f0limi leikf\u00e9laga sem og \u00feeim sem vilja d\u00fdpka \u00feekkingu s\u00edna \u00e1 verkefna- og s\u00fdningarstj\u00f3rnun og efla f\u00e6rni s\u00edna \u00ed skipulagi, samskiptum og lausnami\u00f0a\u00f0ri hugsun \u00ed lifandi svi\u00f0slistum.<\/span><\/p>\n<p>Hva\u00f0 gerir s\u00fdningarstj\u00f3ri? \u00deetta n\u00e1mskei\u00f0 veitir inns\u00fdn \u00ed hlutverk og \u00e1byrg\u00f0 framlei\u00f0slustj\u00f3ra og s\u00fdningarstj\u00f3ra \u00ed leikh\u00fasi og \u00fatsk\u00fdrir hvernig \u00feau tryggja a\u00f0 ferli\u00f0 s\u00e9 samstillt og gangi hn\u00f6kralaust.<\/p>\n<ul>\n<li><b data-olk-copy-source=\"MessageBody\">Skipulag og framkv\u00e6md s\u00fdninga<\/b>: Fari\u00f0 ver\u00f0ur \u00ed gegnum skipulag og framkv\u00e6md s\u00fdninga \u00e1 \u00f6llum stigum framlei\u00f0sluferilsins, fr\u00e1 undirb\u00faningi \u00e6finga til loka s\u00fdningar.<\/li>\n<li><b>Samskipti og samstarf<\/b>: Hvernig \u00e1 a\u00f0 eiga \u00e1rangursr\u00edk samskipti vi\u00f0 leikstj\u00f3ra, leikara, t\u00e6knif\u00f3lk og a\u00f0ra \u00ed skapandi teymi.<\/li>\n<li><b>Notkun handrits og verkf\u00e6ra<\/b>: L\u00e6rt um notkun handrits og annarra verkf\u00e6ra sem s\u00fdningarstj\u00f3ri notar til a\u00f0 halda utan um \u00e6fingar og s\u00fdningar.<\/li>\n<li><b>A\u00f0 takast \u00e1 vi\u00f0 \u00f3v\u00e6ntar a\u00f0st\u00e6\u00f0ur<\/b>: N\u00e1mskei\u00f0i\u00f0 \u00fatsk\u00fdrir hvernig s\u00fdningarstj\u00f3rar eru lykilpersonur \u00ed a\u00f0 leysa \u00f3v\u00e6nt vandam\u00e1l \u00e1 svi\u00f0i e\u00f0a \u00ed \u00e6fingum og hvernig \u00e1 a\u00f0 breg\u00f0ast vi\u00f0 breytingum e\u00f0a \u00f3v\u00e6ntum atvikum \u00e1 s\u00fdningum e\u00f0a \u00e6fingum.<\/li>\n<li><b>T\u00e6knileg og skapandi samvinna<\/b>: Fari\u00f0 ver\u00f0ur \u00ed hvernig s\u00fdningarstj\u00f3ri \u00fearf a\u00f0 hafa yfirs\u00fdn yfir t\u00e6knilega og skapandi \u00fe\u00e6tti s\u00fdningarinnar, svo sem l\u00fdsingu, hlj\u00f3\u00f0, leikmynd og b\u00faninga, og tryggja a\u00f0 \u00feau komi saman \u00e1 r\u00e9ttum t\u00edma.<\/li>\n<\/ul>\n<p>Kennarar eru s\u00fdningarstj\u00f3rar \u00dej\u00f3\u00f0leikh\u00fassins.<\/p>\n<h3><span style=\"text-decoration: underline;\">T\u00e6knin\u00e1mskei\u00f0 \u2013 Lj\u00f3s og hlj\u00f3\u00f0<\/span><\/h3>\n<p><b data-olk-copy-source=\"MessageBody\">Laugardaginn 15. mars \u00a0\u2013 Lj\u00f3s:<br \/>\n09:30 \u2013 12:30 og 13:30-15:00 <\/b><\/p>\n<p><b>Sunnudaginn 16. mars \u00a0\u2013 Hlj\u00f3\u00f0:<br \/>\n09:30 \u2013 12:30 og 13:30 -15:00<\/b><\/p>\n<p><b>N\u00e1mskei\u00f0in fara fram \u00ed \u00dej\u00f3\u00f0leikh\u00fassins. <\/b><b>Fj\u00f6ldi nemenda takmarkast vi\u00f0 15 manns. <\/b><b>Ver\u00f0: 28.000<\/b><\/p>\n<p><span data-olk-copy-source=\"MessageBody\">N\u00e1mskei\u00f0i\u00f0 er \u00e6tla\u00f0 lj\u00f3sa og hlj\u00f3\u00f0m\u00f6nnum \u00e1hugaleikh\u00fasa \/\u00a0 <\/span>framhaldssk\u00f3laleikf\u00e9laga og \u00feeirra sem vinna me\u00f0 lj\u00f3s\/hlj\u00f3\u00f0 \u00e1 \u00f6\u00f0rum vettvangi.<br \/>\n\u00de\u00e1tttakendur \u00feurfa a\u00f0 hafa n\u00e1\u00f0 16-17 \u00e1ra aldri og helst a\u00f0 hafa eitthva\u00f0 fengist vi\u00f0 lj\u00f3sa e\u00f0a hlj\u00f3\u00f0vinnu \u00e1\u00f0ur. N\u00e1mskei\u00f0i\u00f0 fer fram \u00ed \u00dej\u00f3\u00f0leikh\u00fasinu og lei\u00f0beinendur eru t\u00e6knimenn \u00dej\u00f3\u00f0leikh\u00fassins.<\/p>\n<p><strong><u>Lj\u00f3san\u00e1mskei\u00f0:<br \/>\n<\/u><\/strong>Verkf\u00e6rin \/ lj\u00f3sin Hverskonar lj\u00f3s er ma\u00f0ur a\u00f0 vinna me\u00f0 og hvernig notar ma\u00f0ur \u00feau. Lj\u00f3smagn, skerpa, vinklar, ofl.<br \/>\nLitir og noktun \u00feeirra: Hva\u00f0a hughrif \u00feeir b\u00faa til ofl. var\u00f0andi litanoktum<br \/>\nNotkun filtera.\u00a0 LED lj\u00f3s \/ ekki LED lj\u00f3s?<br \/>\nVinnuferli\u00f0:\u00a0 \u00c1 hverju byrjar ma\u00f0ur? (Grunnur).<br \/>\nHvert s\u00e6kir ma\u00f0ur innbl\u00e1stur og hvernig sty\u00f0ur ma\u00f0ur vi\u00f0 verki\u00f0 og eykur \u00e1hrif \u00e1 \u00e1horfendur.<br \/>\nSamstarf vi\u00f0 listr\u00e6na stj\u00f3rnendur<\/p>\n<p><strong><u>Hlj\u00f3\u00f0n\u00e1mskei\u00f0:<br \/>\n<\/u><\/strong>Hva\u00f0 er hlj\u00f3\u00f0, hvernig fer\u00f0ast \u00fea\u00f0 um r\u00fdmi og hvernig getur ma\u00f0ur n\u00fdtt s\u00e9r \u00fea\u00f0 \u00ed prakt\u00edk?<br \/>\nUppstilling hlj\u00f3\u00f0kerfa, uppm\u00f6gnun og \u00fer\u00e1\u00f0laust hlj\u00f3\u00f0. (\u00der\u00e1\u00f0lausir hlj\u00f3\u00f0nemar og in-ear)<br \/>\nHlj\u00f3\u00f0vinnsla fyrir lifandi vi\u00f0bur\u00f0i, Q-lab, hlj\u00f3\u00f0effektar, forritun mixera\u00a0 og samtenging t\u00e6kja. (show control)<br \/>\nHvert s\u00e6kir ma\u00f0ur innbl\u00e1stur og hvernig sty\u00f0ur ma\u00f0ur vi\u00f0 verki\u00f0 og eykur \u00e1hrif \u00e1 \u00e1horfendur.<br \/>\nSamstarf vi\u00f0 listr\u00e6na stj\u00f3rnendur<\/p>","protected":false},"excerpt":{"rendered":"<p>Helgina 15. og 16. mars stendur \u00dej\u00f3\u00f0leikh\u00fasi\u00f0 fyrir n\u00e1mskei\u00f0um \u00ed s\u00fdningarstj\u00f3rnun annars vegar og t\u00e6kni leikh\u00fassins hins vegar. N\u00e1mskei\u00f0in ver\u00f0a kennd af s\u00fdningarstj\u00f3rum og t\u00e6knim\u00f6nnum h\u00fassins og ver\u00f0a kennd \u00ed \u00dej\u00f3\u00f0leikh\u00fasinu. Skr\u00e1ning er \u00e1 vef \u00dej\u00f3\u00f0leikh\u00fassins. \u00a0N\u00e1nar um n\u00e1mskei\u00f0in: S\u00fdningastj\u00f3ran\u00e1mskei\u00f0 Laugardaginn 15. Mars kl. 09:30 \u2013 15:00 og sunnudaginn 16. Mars kl. 09:30 \u2013 15:00 [&hellip;]<\/p>\n","protected":false},"author":3,"featured_media":40911,"comment_status":"closed","ping_status":"closed","sticky":false,"template":"","format":"standard","meta":{"_et_pb_use_builder":"","_et_pb_old_content":"","_et_gb_content_width":"","footnotes":""},"categories":[187],"tags":[],"class_list":["post-40908","post","type-post","status-publish","format-standard","has-post-thumbnail","hentry","category-allar-frir","et-has-post-format-content","et_post_format-et-post-format-standard"],"_links":{"self":[{"href":"https:\/\/leiklist.is\/en\/wp-json\/wp\/v2\/posts\/40908","targetHints":{"allow":["GET"]}}],"collection":[{"href":"https:\/\/leiklist.is\/en\/wp-json\/wp\/v2\/posts"}],"about":[{"href":"https:\/\/leiklist.is\/en\/wp-json\/wp\/v2\/types\/post"}],"author":[{"embeddable":true,"href":"https:\/\/leiklist.is\/en\/wp-json\/wp\/v2\/users\/3"}],"replies":[{"embeddable":true,"href":"https:\/\/leiklist.is\/en\/wp-json\/wp\/v2\/comments?post=40908"}],"version-history":[{"count":0,"href":"https:\/\/leiklist.is\/en\/wp-json\/wp\/v2\/posts\/40908\/revisions"}],"wp:featuredmedia":[{"embeddable":true,"href":"https:\/\/leiklist.is\/en\/wp-json\/wp\/v2\/media\/40911"}],"wp:attachment":[{"href":"https:\/\/leiklist.is\/en\/wp-json\/wp\/v2\/media?parent=40908"}],"wp:term":[{"taxonomy":"category","embeddable":true,"href":"https:\/\/leiklist.is\/en\/wp-json\/wp\/v2\/categories?post=40908"},{"taxonomy":"post_tag","embeddable":true,"href":"https:\/\/leiklist.is\/en\/wp-json\/wp\/v2\/tags?post=40908"}],"curies":[{"name":"wp","href":"https:\/\/api.w.org\/{rel}","templated":true}]}}