{"id":40773,"date":"2024-11-28T09:21:23","date_gmt":"2024-11-28T09:21:23","guid":{"rendered":"https:\/\/leiklist.is\/?p=40773"},"modified":"2024-12-09T14:42:09","modified_gmt":"2024-12-09T14:42:09","slug":"svor-flokkanna-x2024","status":"publish","type":"post","link":"https:\/\/leiklist.is\/en\/svor-flokkanna-x2024\/","title":{"rendered":"Sv\u00f6r flokkanna X2024"},"content":{"rendered":"<p>M\u00f6rg f\u00e9l\u00f6g hafa sent eftirfarandi fyrirspurn og spurningar \u00e1 stj\u00f3rnm\u00e1laflokkana:<\/p>\n<p><span style=\"color: #333333;\"><em>Starfsemi \u00e1hugaleikf\u00e9laga \u00e1 \u00cdslandi \u00e1 s\u00e9r langa s\u00f6gu sem sums sta\u00f0ar spannar yfir 100 \u00e1r. V\u00ed\u00f0a um land er \u00e1hugaleikf\u00e9lagi\u00f0 \u00e1 sta\u00f0num eini vettvangurinn \u00fear sem landsmenn geta noti\u00f0 leiklistar \u00ed heimabygg\u00f0, og allssta\u00f0ar eru \u00feau eini sta\u00f0urinn \u00fear sem almenningur getur teki\u00f0 \u00fe\u00e1tt \u00ed \u00fev\u00ed fj\u00f6lbreytta sk\u00f6punarstarfi sem leikh\u00fasstarf er, burts\u00e9\u00f0 fr\u00e1 menntun, st\u00e9tt, st\u00f6\u00f0u e\u00f0a tengslum vi\u00f0 a\u00f0rar stofnanir.<\/em><br \/>\n<em>Leik\u00e1ri\u00f0 2023 \u2013 2024 st\u00f6rfu\u00f0u yfir 3000 manns me\u00f0 \u00e1hugaleikf\u00e9l\u00f6gum \u00e1 landinu og \u00e1horfendur \u00e1 s\u00fdningum voru vel yfir 30 \u00fe\u00fasund talsins. \u00c1hugaleiklistin er auk \u00feess grasr\u00f3tin sem n\u00e6rir atvinnugeirann \u00ed \u00edslensku leiklistarl\u00edfi. Leitun er a\u00f0 leikh\u00fasf\u00f3lki sem ekki \u00e1 s\u00edn fyrstu kynni af listinni, uppfr\u00e6\u00f0slu og reynslu a\u00f0 \u00feakka \u00e1hugaleiklistinni.<\/em><br \/>\n<em>\u00der\u00e1tt fyrir ofangreint eru framt\u00ed\u00f0arhorfurnar afar sl\u00e6mar. \u00c1hugaleikf\u00e9l\u00f6gin \u00e1 \u00cdslandi voru 62 talsins \u00e1ri\u00f0 2009 en \u00ed dag eru \u00feau 40. Framl\u00f6g til \u00e1hugaleiklistar voru skorin ni\u00f0ur um r\u00famlega helming \u00ed kj\u00f6lfar Hrunsins og hafa aldrei bori\u00f0 sitt barr s\u00ed\u00f0an. \u00cd dag eru framl\u00f6gin r\u00e9tt r\u00famlega \u00feri\u00f0jungur af \u00fev\u00ed sem \u00feau voru fyrir Hrun en samkv\u00e6mt \u00e1\u00e6tlunum er stefnt a\u00f0 enn meiri ni\u00f0urskur\u00f0i \u00e1 n\u00e6stu \u00e1rum. F\u00e6kkun f\u00e9laganna er engin tilviljun og \u00ed beinu samhengi vi\u00f0 \u00feann g\u00edfurlega ni\u00f0urskur\u00f0 sem or\u00f0i\u00f0 hefur \u00e1 undanf\u00f6rnum 15 \u00e1rum.<\/em><\/span><\/p>\n<p><span style=\"color: #333333;\"><em><b>Er flokkurinn tilb\u00fainn a\u00f0 sn\u00faa vi\u00f0 \u00feessari \u00f3heilla\u00fer\u00f3un og lei\u00f0r\u00e9tta \u00feennan gr\u00ed\u00f0arlega ni\u00f0urskur\u00f0 sem nefndur er a\u00f0 ofan?<\/b><\/em><\/span><\/p>\n<p><span style=\"color: #333333;\"><em><b>Hefur flokkurinn menningarstefnu og\/e\u00f0a \u00e1\u00e6tlun sem styrkir \u00e1hugaleiklist \u00e1 \u00cdslandi?<\/b><\/em><br \/>\n<\/span><\/p>\n<p>H\u00e9r eru \u00feau sv\u00f6r sem borist:<\/p>\n<hr \/>\n<p><strong>Leikflokkur H\u00fana\u00feings vestra &#8211; Flokkur f\u00f3lksins:<\/strong><\/p>\n<p><span style=\"color: #333333;\">S\u00e6l,<br \/>\nTakk fyrir p\u00f3stinn og afsaka sein sv\u00f6r sem eru vegna mikilla anna \u00ed kosningabar\u00e1ttunni o.fl.<br \/>\nVar\u00f0andi stu\u00f0ning r\u00edkisins vi\u00f0 \u00e1hugaleikf\u00e9l\u00f6gin \u00fe\u00e1 \u00e1tti \u00e9g fund \u00e1 Akureyri me\u00f0 tveim a\u00f0ilum sem tengjast \u00feeim og f\u00f3rum vi\u00f0 yfir m\u00e1li\u00f0. (Minnir a\u00f0 \u00feeir hafi veri\u00f0 \u00far H\u00f6rg\u00e1rdal) \u00a0\u00c9g r\u00e6ddi m\u00e1l leikf\u00e9laganna einnig vi\u00f0 a\u00f0ra nefndarmenn \u00ed fj\u00e1rlaganefnd og vilji var til a\u00f0 auka framl\u00f6gin eftir \u00fev\u00ed sem \u00e9g best vissi.\u00a0 \u00c9g vissi um f\u00e6kkun \u00feeirra \u00e1 landsbygg\u00f0inni undanfarin \u00e1r en \u00fear fer fram mikilv\u00e6g grasr\u00f3tarstarfsemi l\u00edkt nefnt er \u00ed p\u00f3stinum. Mikilv\u00e6gt er a\u00f0 \u00e1hugamannf\u00e9l\u00f6gin \u00e1 landsbygg\u00f0inni dafni og get greitt ytri kostna\u00f0 vi\u00f0 uppf\u00e6rslur s\u00fdninga, t.d. leikstj\u00f3rn o.s.frv.\u00a0 R\u00edki\u00f0 f\u00e6r miki\u00f0 fyrir peninginn me\u00f0 stu\u00f0ningi s\u00ednum til \u00e1hugaleikf\u00e9laga \u00e1 landsbygg\u00f0inni og er hann hluti af stu\u00f0ningi r\u00edkisins vi\u00f0 menningarl\u00edfi \u00e1 landsbygg\u00f0inni og \u00fev\u00ed hluti af bygg\u00f0astefnu.<br \/>\nTakk fyrir a\u00f0 vekja athygli \u00e1 m\u00e1linu og afsaka aftur sein sv\u00f6r.<br \/>\nKve\u00f0ja,<br \/>\nEyj\u00f3lfur \u00c1rmannsson<br \/>\n<\/span><\/p>\n<hr \/>\n<p><strong>Leikf\u00e9lag Bl\u00f6ndu\u00f3ss &#8211; Svar fr\u00e1 Vi\u00f0reisn:<\/strong><\/p>\n<p><span style=\"color: #333333;\">Heil og s\u00e6l Eva,<br \/>\nOg takk fyrir t\u00f6lvup\u00f3stinn. \u00c9g veit a\u00f0 flokkurinn var b\u00fainn a\u00f0 svara en \u00e9g m\u00e1tti til me\u00f0 a\u00f0 svara \u00fe\u00e9r sj\u00e1lf. \u00c9g sty\u00f0 \u00e1hugaleikf\u00e9l\u00f6g heilshugar. \u00deau eru \u00f3rj\u00fafanlegur hluti af menningarstarfi samf\u00e9laganna &#8211; s\u00e9rstaklega \u00e1 landsbygg\u00f0unum. \u00c9g hef \u00e1 fer\u00f0alagi m\u00ednu um kj\u00f6rd\u00e6mi\u00f0 einmitt \u00e1tt samt\u00f6l vi\u00f0 sl\u00edk f\u00e9l\u00f6g og geri m\u00e9r vel grein fyrir mikilv\u00e6gi \u00feeirra. \u00dea\u00f0 er gaman a\u00f0 segja fr\u00e1 \u00fev\u00ed a\u00f0 afi minn, Erlingur E. Halld\u00f3rsson leikst\u00fdr\u00f0i einmitt nokkrum leikritum \u00e1 s\u00ednum t\u00edma \u00e1 Skagastr\u00f6nd. \u00c9g var a\u00f0 fara yfir \u00f6ll g\u00f6gnin hans um daginn til a\u00f0 afhenda leikminjasafni \u00cdslands \u00f6ll leikritin sem hann skrifa\u00f0i oig fleiri handrit og fann \u00fear br\u00e9faskrif \u00e1 milli hans og formanns leikf\u00e9lagsins \u00e1 sv\u00e6\u00f0inu. Hann sinnti a\u00f0allega \u00e1hugaleikf\u00e9l\u00f6gum \u00e1 landsbygg\u00f0unum \u00e1 s\u00ednum starfsferli vi\u00f0 g\u00f3\u00f0an or\u00f0st\u00edr og hann tala\u00f0i alltaf um hversu mikilv\u00e6gt \u00fea\u00f0 var a\u00f0 sinna \u00feessu \u00f3tr\u00falega d\u00fdrm\u00e6ta menningarstarfi samf\u00e9laganna.<br \/>\n\u00deannig a\u00f0 \u00e9g vildi bara kasta \u00e1 \u00feig kve\u00f0ju &#8211; og \u00feakka \u00fe\u00e9r fyrir fyrirspurnina. Og ef \u00e9g n\u00e6 inn \u00e1 \u00feing \u00e1 morgun \u00fe\u00e1 v\u00e6ri gaman a\u00f0 koma \u00e1 s\u00fdningu hj\u00e1 ykkur vi\u00f0 t\u00e6kif\u00e6ri!<br \/>\nBestu kve\u00f0jur,<br \/>\nMar\u00eda Rut<\/span><\/p>\n<hr \/>\n<p><strong>Facebook &#8211; Sj\u00e1lfst\u00e6\u00f0isflokkurinn:<br \/>\n<\/strong><span class=\"\"><span class=\"xt0psk2\"><span class=\"x3nfvp2\"><span class=\"x193iq5w xeuugli x13faqbe x1vvkbs xlh3980 xvmahel x1n0sxbx x1lliihq x1s928wv xhkezso x1gmr53x x1cpjm7i x1fgarty x1943h6x x4zkp8e x676frb x1nxh6w3 x1sibtaa x1s688f xzsf02u\" dir=\"auto\"><a class=\"x1i10hfl xjbqb8w x1ejq31n xd10rxx x1sy0etr x17r0tee x972fbf xcfux6l x1qhh985 xm0m39n x9f619 x1ypdohk xt0psk2 xe8uvvx xdj266r x11i5rnm xat24cr x1mh8g0r xexx8yu x4uap5 x18d9i69 xkhd6sd x16tdsg8 x1hl2dhg xggy1nq x1a2a7pz x1heor9g x1sur9pj xkrqix3 x1s688f\" tabindex=\"0\" role=\"link\" href=\"https:\/\/www.facebook.com\/groups\/609660379130761\/user\/1535370481\/?__cft__[0]=AZW8F96jfFaw1LAJh5AsgYI1i9t4wtGzWFiVKEMVwtFGt3i4U3wcADzz7G8QkRoLnQzGB-zCi8QYkdXnEOvU8tTLqMRDv5yLzme2mEBnipOXvZuf51XS4BI-ljVf4AGOpkhWRMe4DvS-twkLvmYEZDUn&amp;__tn__=R]-R\" aria-hidden=\"false\">Vilhj\u00e1lmur \u00c1rnason:<\/a><br \/>\nEr n\u00fa bara fyrst a\u00f0 sj\u00e1 \u00feetta n\u00fana. En grunnstefna Sj\u00e1lfst\u00e6\u00f0isflokksins er frelsi til athafna og skapandi hugsun. \u00dea\u00f0 lei\u00f0ir einmitt af s\u00e9r mikilv\u00e6gt starf eins og ykkar. Ekki bara a\u00f0 treysta \u00e1 opinbert leikh\u00fas, \u00fe\u00e1 v\u00e6ri \u00feetta einh\u00e6ft.<br \/>\n<\/span><\/span><\/span><\/span><\/p>\n<div class=\"x1lliihq xjkvuk6 x1iorvi4\">\n<div class=\"xdj266r x11i5rnm xat24cr x1mh8g0r x1vvkbs\">\n<div dir=\"auto\">Vi\u00f0 vorum me\u00f0 formennsku \u00ed fj\u00e1rlaganefnd sem veitti \u00e1hugaleikh\u00fasunum og leiklistarsj\u00f3\u00f0i sitthvorar 20 millj\u00f3nirnar og lei\u00f0r\u00e9ttum \u00feannig hagr\u00e6\u00f0ingu r\u00e1\u00f0uneytisins.<\/div>\n<\/div>\n<\/div>\n<hr \/>\n<p><strong>Halaleikh\u00f3purinn og Leikf\u00e9lag Bl\u00f6ndu\u00f3ss &#8211; Vi\u00f0reisn:<\/strong><\/p>\n<p><span style=\"color: #222222;\">Takk fyrir spurningarnar.<\/span><span style=\"color: #333333;\"><br \/>\n<\/span><span style=\"color: #222222;\">Vi\u00f0reisn hefur vissulega stefnu um menningu og listir.<\/span><span style=\"color: #333333;\"><br \/>\n<\/span><span style=\"color: #222222;\">Au\u00f0ugt menningar- og listal\u00edf er mikilv\u00e6gt hverri \u00fej\u00f3\u00f0. A\u00f0 auki eru menningarstarfsemi og skapandi greinar a\u00f0 ver\u00f0a s\u00edfellt mikilv\u00e6gari hluti atvinnul\u00edfs og ver\u00f0m\u00e6task\u00f6punar \u00ed landinu.<\/span><span style=\"color: #333333;\"><br \/>\n<\/span><span style=\"color: #222222;\">\u00dea\u00f0 fer ekki milli m\u00e1la a\u00f0 starfsemi \u00e1hugaleikh\u00fasa er samgr\u00f3in menningu okkar \u00ed fort\u00ed\u00f0 og framt\u00ed\u00f0. Starfsemi af \u00feessu tagi au\u00f0gar mannl\u00edf og styrkir bygg\u00f0irnar. Margir okkar bestu leikarar hafa stigi\u00f0 s\u00edn fyrstu skref \u00e1 \u00feessum vettvangi.<\/span><span style=\"color: #333333;\"><br \/>\n<\/span><span style=\"color: #242424;\">\u00dev\u00ed mi\u00f0ur er ein helsta \u00e1st\u00e6\u00f0a \u00e1framhaldandi ni\u00f0urskur\u00f0ar \u00e1 framl\u00f6gum til menningarstarfsemi allar g\u00f6tur fr\u00e1 hruni s\u00fa hve illa hefur veri\u00f0 sta\u00f0i\u00f0 a\u00f0 \u00fev\u00ed reka r\u00edkissj\u00f3\u00f0 \u00e1 s\u00ed\u00f0ustu kj\u00f6rt\u00edmabilum. Hann hefur veri\u00f0 rekinn me\u00f0 halla og vaxtakostna\u00f0ur er \u00f3heyrilegur og \u00fev\u00ed er brug\u00f0ist vi\u00f0 me\u00f0 ni\u00f0urskur\u00f0i. \u00deessu \u00e6tlar Vi\u00f0reisn a\u00f0 breyta. Vi\u00f0 \u00e6tlum a\u00f0 n\u00e1 t\u00f6kum \u00e1 rekstrinum til a\u00f0 n\u00e1 a\u00f0 efla t.a.m. listgreinar h\u00e9r \u00e1 landi.<\/span><span style=\"color: #333333;\"><br \/>\n<\/span><span style=\"color: #242424;\">\u00dea\u00f0 er mikilv\u00e6gt a\u00f0 auka skilning atvinnul\u00edfsins \u00e1 gildi \u00feess a\u00f0 sty\u00f0ja vel vi\u00f0 listir og menningu af \u00f6llu tagi. \u00dea\u00f0 felur \u00ed s\u00e9r gagnkv\u00e6man \u00e1vinning \u00feegar upp er sta\u00f0i\u00f0. Listir og menningarstarfsemi fela ekki bara \u00ed s\u00e9r \u00fatgj\u00f6ld og kostna\u00f0 heldur ver\u00f0ur til au\u00f0ur sem m\u00e1 meta til fj\u00e1r um lei\u00f0 og mannl\u00edfi\u00f0 ver\u00f0ur au\u00f0ugra og betra.<\/span><span style=\"color: #333333;\"><br \/>\n<\/span><span style=\"color: #242424;\">Vi\u00f0reisn lofar ekki gulli og gr\u00e6num sk\u00f3gum en vill, komist flokkurinn \u00ed a\u00f0st\u00f6\u00f0u til \u00feess, b\u00e6ta \u00far \u00feessum vanda eftir m\u00e6tti. Til \u00feess \u00fearf a\u00f0 finna fj\u00e1rmagn en ekki s\u00ed\u00f0ur bestu lei\u00f0ir til \u00feess a\u00f0 \u00feeir n\u00fdtist sem allra best. \u00de\u00e6r lei\u00f0ir vill Vi\u00f0reisn finna a\u00f0 h\u00f6f\u00f0u samr\u00e1\u00f0i og samtali vi\u00f0 \u00feau sem best \u00feekkja til.<\/span><span style=\"color: #333333;\"><br \/>\n<\/span><span style=\"color: #53575a;\">Me\u00f0 g\u00f3\u00f0um kve\u00f0jum,<\/span><span style=\"color: #333333;\"><br \/>\n<\/span><span style=\"color: #53575a;\">VI\u00d0REISN<\/span><\/p>\n<hr \/>\n<p><strong>Leikf\u00e9lag H\u00f6rgd\u00e6la &#8211; Svar fr\u00e1 S\u00f3s\u00edalistaflokknum:<\/strong><\/p>\n<p><span style=\"color: #333333;\">S\u00e6l,<br \/>\nVi\u00f0 h\u00f6fum svara mj\u00f6g m\u00f6rgum og samskonar fyrirspurnum fr\u00e1 \u00e1hugaleikh\u00fasum sl. tvo daga.<br \/>\nS\u00f3s\u00edalistaflokkurinn sty\u00f0ur tilverur\u00e9tt \u00e1hugaleikh\u00fasa og hefur \u00f6fluga menningar- og listastefnu:<br \/>\n<a href=\"https:\/\/sosialistaflokkurinn.is\/malefnaflokkar\/menningarmal-og-listir\/\">https:\/\/sosialistaflokkurinn.is\/malefnaflokkar\/menningarmal-og-listir\/<\/a><br \/>\n<\/span><span style=\"color: #222222;\">kve\u00f0ja,<\/span><span style=\"color: #333333;\"><br \/>\n<\/span><span style=\"color: #222222;\">Sara Stef. Hildar<\/span><span style=\"color: #333333;\"><br \/>\n<\/span><span style=\"color: #222222;\">Kosningastj\u00f3rn S\u00f3s\u00edalista<\/span><\/p>\n<hr \/>\n<p><strong>Leikf\u00e9lag Bl\u00f6ndu\u00f3ss &#8211; Svar fr\u00e1 Frams\u00f3knarflokknum:\u00a0<\/strong><\/p>\n<p><span style=\"color: #333333;\">S\u00e6l Eva og takk fyrir \u00feetta.<br \/>\nvi\u00f0 h\u00f6fum sta\u00f0i\u00f0 me\u00f0 \u00e1hugaleikf\u00e9l\u00f6gum um allt land enda mikilv\u00e6gt starf sem \u00fear er unni\u00f0. Til marks um \u00fea\u00f0 \u00fe\u00e1 m\u00e1 nefna a\u00f0 vi\u00f0 \u00ed fj\u00e1rlaganefnd settum inn 20 <a href=\"http:\/\/m.kr\/\">m.kr<\/a> \u00e1 n\u00e6sta \u00e1r til aukins stu\u00f0ning vi\u00f0 \u00e1hugaleikh\u00fas og var \u00e9g mj\u00f6g \u00e1n\u00e6g\u00f0ur me\u00f0 a\u00f0 n\u00e1 \u00fev\u00ed inn. Veit a\u00f0 \u00fea\u00f0 skiptir m\u00e1li.<br \/>\nFyrir okkur sem b\u00faum \u00fat \u00e1 landi eru mj\u00f6g mikilv\u00e6gt a\u00f0 \u00e1hugaleikh\u00fasunum s\u00e9 gert f\u00e6rt a\u00f0 vinna og halda \u00fati s\u00fdningum. \u00dea\u00f0 \u00feekkjum vi\u00f0 sem h\u00e9r b\u00faum. \u00c9g mun halda \u00e1fram a\u00f0 berjast fyrir \u00fev\u00ed. <\/span>kv<br \/>\nstef\u00e1n<\/p>\n<hr \/>\n<p><strong>Leikf\u00e9lag Bl\u00f6ndu\u00f3ss &#8211; Svar fr\u00e1 Vi\u00f0reisn:\u00a0<\/strong><\/p>\n<p><span style=\"color: #333333;\">&#8222;\u00dea\u00f0 er sj\u00e1lfsagt a\u00f0 \u00e1framsenda \u00feetta \u00e1 Mar\u00edu og \u00feau sem fyrir ne\u00f0an \u00feau eru. En s\u00f6mu spurningar eru a\u00f0 koma fr\u00e1 m\u00f6rgum \u00e1hugaf\u00e9l\u00f6gum og \u00fei\u00f0 munu\u00f0 \u00f6ll f\u00e1 sama svari\u00f0 fr\u00e1 Vi\u00f0reisn.<br \/>\nMe\u00f0 bestu kve\u00f0ju, Svanborg Sigmarsd\u00f3ttir<\/span><\/p>\n<hr \/>\n<p><strong>Leikf\u00e9lag Bl\u00f6ndu\u00f3ss &#8211; Svar fr\u00e1 Mi\u00f0flokknum:\u00a0<\/strong><\/p>\n<p>&#8222;<span style=\"color: #333333;\">S\u00e6l<br \/>\nSkal gla\u00f0ur koma \u00feessu \u00e1fram \u00e1 oddvita flokksins \u00ed nv<br \/>\nMbk<br \/>\nRagnar R<\/span>&#8220;<\/p>\n<hr \/>\n<p><strong>Leikf\u00e9lag Bl\u00f6ndu\u00f3ss &#8211; Svar fr\u00e1 Samfylkingunni:\u00a0<\/strong><\/p>\n<p>&#8222;<span style=\"color: #333333;\">S\u00e6l Eva og takk fyrir a\u00f0 spyrja.<br \/>\nVi\u00f0 sem b\u00faum \u00ed minni samf\u00e9l\u00f6gum skiljum mikilv\u00e6gu menningar fyrir bl\u00f3mleg og mannb\u00e6tandi samf\u00e9l\u00f6g.<br \/>\n\u00c9g er var b\u00fain a\u00f0 heyra af \u00feessum ni\u00f0urskur\u00f0i og \u00feetta er ekki gott.<br \/>\n\u00dea\u00f0 er sk\u00fdrt \u00ed stefnu Samfylkingarinnar a\u00f0 sty\u00f0ja beri menningarstarf \u00e1 landsbygg\u00f0inni.<br \/>\nBestu kve\u00f0jur, Arna L\u00e1ra&#8220;<br \/>\n<\/span><\/p>\n<hr \/>\n<p><strong>Leikf\u00e9lag Bl\u00f6ndu\u00f3ss &#8211; Svar fr\u00e1 VG:\u00a0<\/strong><\/p>\n<p><span style=\"color: #333333;\">H\u00e6h\u00e6<br \/>\nVi\u00f0 fengum or\u00f0r\u00e9tt s\u00f6mu spurningar fr\u00e1 Leikf\u00e9lagi Hverager\u00f0is svo \u00e9g \u00e1 n\u00fa bara til svar vi\u00f0 \u00feessum g\u00f3\u00f0u og mikilv\u00e6gu spurningum:<br \/>\n<\/span><span style=\"color: #242424;\">\u00c1hugaleikf\u00e9l\u00f6gin eru oftar en ekki hjarta\u00f0 og s\u00e1lin \u00ed sv\u00e6\u00f0isbundinni menningarstarfsemi auk \u00feess a\u00f0 vera gr\u00ed\u00f0arlega mikilv\u00e6g \u00ed samhengi samf\u00e9lags og ge\u00f0heilbrig\u00f0is. Oftar en ekki er \u00e1hugaleikf\u00e9lagi\u00f0 \u00e1 hverjum sta\u00f0 ein A\u00f0 auki m\u00e1 ekki gleyma \u00feeirri n\u00fdsk\u00f6pun sem oft \u00e1 s\u00e9r sta\u00f0 \u00ed \u00e1hugaleikf\u00e9l\u00f6gum \u00ed leikritun og t\u00f3nlist svo eitthva\u00f0 s\u00e9 nefnt. \u00dea\u00f0 er \u00fev\u00ed mj\u00f6g mikilv\u00e6gt a\u00f0 sty\u00f0ja vi\u00f0 og efla starfsemi \u00feeirra \u00e1 sem v\u00ed\u00f0ustum grunni. Vinstri gr\u00e6n hafa l\u00f6ngum haft menningarm\u00e1l \u00ed h\u00e1vegum, allt fr\u00e1 \u00fev\u00ed Katr\u00edn Jakobsd\u00f3ttir sat \u00ed menntam\u00e1lar\u00e1\u00f0uneytinu \u00e1 \u00e1runum 2009-2013, og a\u00f0 okkar frumkv\u00e6\u00f0i var h\u00e9r stofna\u00f0 s\u00e9rstakt menningarm\u00e1lar\u00e1\u00f0uneyti \u00ed kj\u00f6lfari\u00f0 \u00e1 stj\u00f3rnarmyndun \u00e1ri\u00f0 2021. \u00cd stefnu Vinstri gr\u00e6nna \u00ed m\u00e1lefnum menningar og lista er sk\u00fdrt kve\u00f0i\u00f0 \u00e1 um samf\u00e9lagslegt mikilv\u00e6gi menningar og lista og \u00fear segir me\u00f0al annars:<\/span><span style=\"color: #333333;\"><br \/>\n<\/span><span style=\"color: #242424;\">\u201cMenningarstefna \u00e1 \u00cdslandi \u00e1 a\u00f0 sn\u00faast um \u00fe\u00e1ttt\u00f6ku allra. S\u00e9rstaklega \u00fearf a\u00f0 efla \u00fe\u00e1ttt\u00f6ku \u00feeirra sem s\u00edst s\u00e6kja s\u00e9r menningartengdar upplifanir vegna hindrana \u00ed samf\u00e9laginu og a\u00f0st\u00f6\u00f0umunar. Menning og listir eru mikilv\u00e6gur hluti samf\u00e9lagsins og \u00fe\u00e1tttaka \u00ed menningarstarfsemi og fj\u00f6lbreyttu, skapandi listastarf b\u00e6tir l\u00fd\u00f0heilsu og eflir f\u00f3lk me\u00f0 \u00f3l\u00edkan bakgrunn til \u00fe\u00e1ttt\u00f6ku \u00ed samf\u00e9laginu. Leggja \u00fearf aukna \u00e1herslu \u00e1 a\u00f0 menningarstarfsemi s\u00e9 fj\u00e1rfesting til framt\u00ed\u00f0ar.\u201d (sj\u00e1<\/span> <a href=\"https:\/\/vg.is\/stefna\/menning-og-listir\/\"><span style=\"color: #467886;\">https:\/\/vg.is\/stefna\/menning-og-listir\/<\/span><\/a><span style=\"color: #242424;\">)<\/span><span style=\"color: #333333;\"><br \/>\n<\/span><span style=\"color: #242424;\">Vinstri gr\u00e6n eru \u00ed li\u00f0i me\u00f0 \u00e1hugaleikf\u00e9l\u00f6gum alla lei\u00f0, \u00e1 forsendum listr\u00e6ns gildis, f\u00e9lagslegs mikilv\u00e6gis og j\u00f6fnu\u00f0ar og munu a\u00f0 sj\u00e1lfs\u00f6g\u00f0u beita s\u00e9r fyrir a\u00f0 r\u00e9tta hlut \u00feeirra me\u00f0 r\u00e1\u00f0um og d\u00e1\u00f0 \u00e1 n\u00e6sta kj\u00f6rt\u00edmabili.<\/span><\/p>\n<p>Bkv. fyrir h\u00f6nd VG,<br \/>\nHreind\u00eds Ylva (alin upp \u00ed Leikf\u00e9lagi Mosfessveitar)<\/p>\n<hr \/>\n<p><strong>Leikf\u00e9lag Hverager\u00f0is &#8211; Svar fr\u00e1 S\u00f3s\u00edalistaflokknum:<\/strong><\/p>\n<p><span style=\"color: #333333;\">S\u00e6l,<br \/>\nVi\u00f0 h\u00f6fum svara mj\u00f6g m\u00f6rgum og samskonar fyrirspurnum fr\u00e1 \u00e1hugaleikh\u00fasum sl. tvo daga.<br \/>\nS\u00f3s\u00edalistaflokkurinn sty\u00f0ur tilverur\u00e9tt \u00e1hugaleikh\u00fasa og hefur \u00f6fluga menningar- og listastefnu:<br \/>\n<a href=\"https:\/\/sosialistaflokkurinn.is\/malefnaflokkar\/menningarmal-og-listir\/\">https:\/\/sosialistaflokkurinn.is\/malefnaflokkar\/menningarmal-og-listir\/<\/a><br \/>\n<\/span><span style=\"color: #222222;\">kve\u00f0ja,<\/span><span style=\"color: #333333;\"><br \/>\n<\/span><span style=\"color: #222222;\">Sara Stef. Hildar<\/span><span style=\"color: #333333;\"><br \/>\n<\/span><span style=\"color: #222222;\">Kosningastj\u00f3rn S\u00f3s\u00edalista<\/span><\/p>\n<hr \/>\n<p><strong>Leikf\u00e9lag Hverager\u00f0is &#8211; Svar dr\u00e1 Vi\u00f0reisn: <\/strong><\/p>\n<p>&#8222;<span style=\"color: #333333;\">Heil og s\u00e6l<br \/>\nMig langar a\u00f0 byrja \u00e1 \u00fev\u00ed a\u00f0 \u00feakka ykkur k\u00e6rlega fyrir p\u00f3stinn.<br \/>\nVar\u00f0andi \u00feetta \u00fe\u00e1 h\u00f6fum vi\u00f0 sagt a\u00f0 Vi\u00f0reisn vill endursko\u00f0a alla menningartengda sj\u00f3\u00f0i og tryggja a\u00f0 \u00fathlutun s\u00e9 faglegri.<br \/>\nVar\u00f0andi \u00e1hugaleikh\u00fasin \u00fe\u00e1 er \u00feetta eitt af \u00feeim m\u00e1lum \u00fear sem r\u00edki og sveitarf\u00e9l\u00f6g \u00feurfa a\u00f0 vinna betur saman en ekki sem andst\u00e6\u00f0ingar, samtali\u00f0 \u00fearf almennt a\u00f0 vera mun meira milli r\u00edkis og sveitarf\u00e9laga.<br \/>\nVi\u00f0 viljum auk \u00feess a\u00f0 r\u00edki\u00f0 hafi tekjur af erlendum mi\u00f0lum t.d eins og facebook og a\u00f0 \u00fe\u00e6r tekjur ver\u00f0i n\u00fdttar til a\u00f0 efla menningarstarf um allt land.<br \/>\nVi\u00f0 erum me\u00f0 kosningaskrifstofu \u00ed Veisluh\u00f6llinni og vi\u00f0 erum svo sannarlega alltaf til \u00ed spjall. Hjartanlega velkomin til okkar \ud83e\udef6\ud83c\udffb<br \/>\nHl\u00fdjar kve\u00f0jur<br \/>\nSandra Sigur\u00f0ard\u00f3ttir<br \/>\n<\/span>&#8220;<\/p>\n<hr \/>\n<p><strong>Leikf\u00e9lag \u00d6lfuss &#8211; Svar fr\u00e1 Samfylkingunni:\u00a0<\/strong><\/p>\n<p>,,S\u00e6l, takk fyrir erindi\u00f0.<br \/>\nVi\u00f0 munum gera okkar besta til a\u00f0 svara en vegna mikils fj\u00f6lda fyrirspurna getum vi\u00f0 ekki tryggt sv\u00f6r vi\u00f0 spurningum sem berast eftir 21. n\u00f3vember.&#8220;<\/p>\n<hr \/>\n<p><strong>Leikf\u00e9lag \u00d6lfuss &#8211; Svar fr\u00e1 S\u00f3s\u00edalistaflkokknum:\u00a0<\/strong><\/p>\n<p>,,S\u00e6l veri\u00f0 \u00fei\u00f0.<br \/>\nJ\u00e1 vi\u00f0 erum me\u00f0 stefnu \u00ed menningarm\u00e1lum og vi\u00f0 viljum efla listir og menningu um allt land. \u00dear me\u00f0 leiklistina en auk \u00feess a\u00f0 tryggja kj\u00f6r f\u00f3lks hj\u00e1 st\u00f3ru leikh\u00fasunum viljum vi\u00f0 h\u00e6kka listamannalaun og fj\u00f6lga verkefnastyrkjum. \u00de\u00e1 viljum vi\u00f0 virkja sj\u00e1lfst\u00e6\u00f0a listh\u00f3pa svo sen leiklistah\u00f3pa til a\u00f0 fara me\u00f0 s\u00fdningar \u00fat \u00e1 landsbygg\u00f0ina, vinna me\u00f0 ja\u00f0arh\u00f3pum og geta unni\u00f0 \u00feannig a\u00f0 almenningur allur \u00f3h\u00e1\u00f0 st\u00e9ttum eigi grei\u00f0a lei\u00f0 a\u00f0 menningunni. Vi\u00f0 l\u00edtum svo \u00e1 a\u00f0 menningin s\u00e9 ar\u00f0b\u00e6r i\u00f0na\u00f0ur eins og hver annar og eigi \u00fev\u00ed a\u00f0 setja fj\u00e1rmagn \u00ed hana. \u00deess utan er listin spegill \u00e1 samf\u00e9lagi\u00f0 sem skiptir miklu m\u00e1li \u00ed \u00fer\u00f3un \u00feess.<\/p>\n<div class=\"x11i5rnm xat24cr x1mh8g0r x1vvkbs xtlvy1s\">\n<div dir=\"auto\">K\u00edki\u00f0 endilega \u00e1 stefnuna okkar \u00ed m\u00e1lefnum mennignar og lista.<\/div>\n<div dir=\"auto\"><a class=\"x1i10hfl xjbqb8w x1ejq31n xd10rxx x1sy0etr x17r0tee x972fbf xcfux6l x1qhh985 xm0m39n x9f619 x1ypdohk xt0psk2 xe8uvvx xdj266r x11i5rnm xat24cr x1mh8g0r xexx8yu x4uap5 x18d9i69 xkhd6sd x16tdsg8 x1hl2dhg xggy1nq x1a2a7pz x1sur9pj xkrqix3 x1fey0fg x1s688f\" tabindex=\"0\" role=\"link\" href=\"https:\/\/sosialistaflokkurinn.is\/malefnaflokkar\/menningarmal-og-listir\/?fbclid=IwZXh0bgNhZW0CMTAAAR3v3R-klJsluHH8z7XTVWS0gSzfeorY7-SCoueLGJ82j2znz4K8VEy0ly4_aem_c1Yutg5NMSCNa07FpPIv6g\" target=\"_blank\" rel=\"nofollow noopener noreferrer\">https:\/\/sosialistaflokkurinn.is\/&#8230;\/menningarmal-og-listir\/<\/a><\/div>\n<div dir=\"auto\">Bestu kve\u00f0jur<\/div>\n<div dir=\"auto\">Mar\u00eda.<\/div>\n<div dir=\"auto\">2. s\u00e6ti RVK nor\u00f0ur&#8220;<\/div>\n<\/div>\n<div class=\"x11i5rnm xat24cr x1mh8g0r x1vvkbs xtlvy1s\">\n<div dir=\"auto\">[<em>Magn\u00fe\u00f3ra hj\u00e1 L\u00d6: &#8222;M\u00e9r fannst \u00feetta ekki n\u00f3gu sk\u00fdrt svar svo \u00e9g sendi eftirfarandi:\u00a0<\/em><\/div>\n<\/div>\n<div class=\"x11i5rnm xat24cr x1mh8g0r x1vvkbs xtlvy1s\">\n<div dir=\"auto\"><em>\u00deetta svarar spurningunni ekki beint hva\u00f0 \u00e1hugaleikf\u00e9l\u00f6gin var\u00f0ar. Hyggst S\u00f3s\u00edalistaflokurinn auka styrki til \u00e1hugaleiklistar \u00e1 \u00cdslandi komist hann til valda?<\/em><\/div>\n<\/div>\n<div class=\"x11i5rnm xat24cr x1mh8g0r x1vvkbs xtlvy1s\">\n<div dir=\"auto\"><em>Kv. Stj\u00f3rn L\u00d6.&#8220;<\/em><\/div>\n<\/div>\n<div class=\"x11i5rnm xat24cr x1mh8g0r x1vvkbs xtlvy1s\">\n<div dir=\"auto\"><em>\u00de\u00e1 kom \u00feetta:<\/em>]<\/div>\n<\/div>\n<div class=\"x11i5rnm xat24cr x1mh8g0r x1vvkbs xtlvy1s\">\n<div dir=\"auto\">,,\u00deetta er au\u00f0vita\u00f0 j\u00e1 svar og r\u00f6kstu\u00f0ningur hvers vegna vi\u00f0 viljum efla menningu og listir. \u00dea\u00f0 t\u00e1knar a\u00f0 setja meira fj\u00e1rmagn \u00ed alla menningu \u00fear me\u00f0 tali\u00f0 sj\u00e1lfst\u00e6\u00f0u leikh\u00fasin og leikh\u00f3pana \u00fat um allt land.&#8220;<\/div>\n<\/div>\n<hr \/>\n<p><strong>Leikflokkur H\u00fana\u00feings vestra &#8211; Svar fr\u00e1 Samfylkingunni:\u00a0<\/strong><\/p>\n<p><span style=\"color: #333333;\">G\u00f3\u00f0an daginn og takk fyrir a\u00f0 spyrja.<br \/>\n<\/span><span style=\"color: #212121;\">Vi\u00f0 sem b\u00faum \u00ed minni samf\u00e9l\u00f6gum skiljum mikilv\u00e6gu menningar fyrir bl\u00f3mleg og mannb\u00e6tandi samf\u00e9l\u00f6g.<\/span><span style=\"color: #333333;\"><br \/>\n<\/span><span style=\"color: #212121;\">\u00c9g er var b\u00fain a\u00f0 heyra af \u00feessum ni\u00f0urskur\u00f0i og \u00feetta er ekki gott.<\/span><span style=\"color: #333333;\"><br \/>\n<\/span><span style=\"color: #212121;\">\u00dea\u00f0 er sk\u00fdrt \u00ed stefnu Samfylkingarinnar a\u00f0 sty\u00f0ja beri menningarstarf \u00e1 landsbygg\u00f0inni.<\/span><span style=\"color: #333333;\"><br \/>\nBestu kve\u00f0jur, Arna L\u00e1ra<br \/>\n<\/span><\/p>\n<hr \/>\n<p><span style=\"color: #333333;\"><strong>Leikf\u00e9lag Hverager\u00f0is &#8211; Svar fr\u00e1 P\u00edr\u00f6tum:\u00a0<\/strong><\/span><\/p>\n<p><span style=\"color: #333333;\"><b>&#8222;<\/b>H\u00e9r er svar fr\u00e1 frambj\u00f3\u00f0endum P\u00edrata \u00ed Su\u00f0urkj\u00f6rd\u00e6mi vegna fyrirspurnar ykkar sem okkur barst \u00ed vikunni:<br \/>\n<\/span><span style=\"color: #333333;\"><b>Hefur flokkurinn menningarstefnu og\/e\u00f0a \u00e1\u00e6tlun sem styrkir \u00e1hugaleiklist \u00e1 \u00cdslandi?<br \/>\n<\/b>P\u00edratar hafa enn sem komi\u00f0 er, ekki m\u00f3ta\u00f0 stefnu e\u00f0a \u00e1\u00e6tlun um \u00e1hugaleikf\u00e9l\u00f6g. \u00dea\u00f0 \u00fe\u00fd\u00f0ir ekki a\u00f0 ekki s\u00e9 \u00e1hugi e\u00f0a skilningur \u00e1 mikilv\u00e6gi \u00e1hugaleikf\u00e9laga, s\u00e9r \u00ed lagi \u00e1 landsbygg\u00f0inni, \u00fear sem \u00ed gegnum t\u00ed\u00f0ina hafa ekki a\u00f0eins veri\u00f0 vi\u00f0h\u00f6f\u00f0 nau\u00f0synleg tilraunastarfssemi me\u00f0 allskyns leikverk sem hef\u00f0u alla jafna ekki veri\u00f0 sett \u00e1 svi\u00f0 h\u00e9rlendis, \u00fe\u00e1 er \u00feetta afar gefandi f\u00e9lagsstarf sem br\u00faar oft br\u00fdr \u00e1 milli kynsl\u00f3\u00f0a. \u00dea\u00f0 er einl\u00e6g \u00f3sk okkar a\u00f0 f\u00e1 li\u00f0sinni ykkar til a\u00f0 m\u00f3ta stefnu \u00ed \u00feessum m\u00e1laflokki, enda engir betur til \u00feess fallnir a\u00f0 m\u00f3ta stefnuna en \u00feeir sem lifa og hr\u00e6rast \u00ed \u00feessum heimi.<br \/>\n<\/span>Grasr\u00f3t P\u00edrata hafa alltaf teki\u00f0 vi\u00f0 m\u00e1lum inn \u00ed kosningakerfi sitt \u00f3h\u00e1\u00f0 \u00fev\u00ed hva\u00f0an \u00feau koma og fjalla\u00f0 um \u00feau og jafnvel sam\u00feykkt ef \u00feau samr\u00e6mast grunnstefnu flokksins. Vi\u00f0 hvetjum ykkur a\u00f0 vera \u00ed sambandi vi\u00f0 oddvita P\u00edrata \u00ed Su\u00f0urkj\u00f6rd\u00e6mi Mumma T\u00fd, ef \u00e1hugi er fyrir hendi a\u00f0 m\u00f3ta langt\u00edmastefnu fyrir \u00feennan m\u00e1laflokk, \u00fear sem lag\u00f0ar eru l\u00ednurnar til \u00e1ratuga \u00ed sta\u00f0 eins kj\u00f6rt\u00edmabils.<\/p>\n<p><b>K\u00e6r kve\u00f0ja,<\/b><br \/>\nAtli Rafn<br \/>\nKosningastj\u00f3ri P\u00edrata \u00ed Su\u00f0urkj\u00f6rd\u00e6mi&#8220;<\/p>\n<hr \/>\n<p><strong>Leikflokkur H\u00fana\u00feings vestra &#8211; Svar fr\u00e1 Frams\u00f3knarflokknum:\u00a0<\/strong><\/p>\n<p>&#8222;<span style=\"color: #333333;\">S\u00e6l og takk fyrir \u00feetta.<\/span><\/p>\n<p>vi\u00f0 h\u00f6fum sta\u00f0i\u00f0 me\u00f0 \u00e1hugaleikf\u00e9l\u00f6gum um allt land enda mikilv\u00e6gt starf sem \u00fear er unni\u00f0. Til marks um \u00fea\u00f0 \u00fe\u00e1 m\u00e1 nefna a\u00f0 vi\u00f0 \u00ed fj\u00e1rlaganefnd settum inn 20 <a href=\"http:\/\/m.kr\/\">m.kr<\/a> \u00e1 n\u00e6sta \u00e1r til aukins stu\u00f0ning vi\u00f0 \u00e1hugaleikh\u00fas og var \u00e9g mj\u00f6g \u00e1n\u00e6g\u00f0ur me\u00f0 a\u00f0 n\u00e1 \u00fev\u00ed inn. Veit a\u00f0 \u00fea\u00f0 skiptir m\u00e1li.<br \/>\nFyrir okkur sem b\u00faum \u00fat \u00e1 landi eru mj\u00f6g mikilv\u00e6gt a\u00f0 \u00e1hugaleikh\u00fasunum s\u00e9 gert f\u00e6rt a\u00f0 vinna og halda \u00fati s\u00fdningum. \u00dea\u00f0 \u00feekkjum vi\u00f0 sem h\u00e9r b\u00faum. \u00c9g mun halda \u00e1fram a\u00f0 berjast fyrir \u00fev\u00ed.<\/p>\n<p>Stef\u00e1n Vagn Stef\u00e1nsson&#8220;<\/p>\n<hr \/>\n<p><strong>Leikflokkur H\u00fana\u00feings vestra &#8211; Svar fr\u00e1 VG:\u00a0<\/strong><\/p>\n<p><span style=\"color: #333333;\">&#8222;S\u00e6l og takk fyrir a\u00f0 hafa samband!<br \/>\nA\u00f0 m\u00ednu mati eru \u00e1hugaleikf\u00e9l\u00f6gin eru oftar en ekki hjarta\u00f0 og s\u00e1lin \u00ed sv\u00e6\u00f0isbundinni menningarstarfsemi auk \u00feess a\u00f0 vera gr\u00ed\u00f0arlega mikilv\u00e6g \u00ed samhengi samf\u00e9lags og ge\u00f0heilbrig\u00f0is. Oftar en ekki er \u00e1hugaleikf\u00e9lagi\u00f0 \u00e1 hverjum sta\u00f0 einstakt. A\u00f0 auki m\u00e1 ekki gleyma \u00feeirri n\u00fdsk\u00f6pun sem oft \u00e1 s\u00e9r sta\u00f0 \u00ed \u00e1hugaleikf\u00e9l\u00f6gum \u00ed leikritun og t\u00f3nlist svo eitthva\u00f0 s\u00e9 nefnt, \u00e1samt \u00fev\u00ed a\u00f0 vera sta\u00f0ur fyrir unga f\u00f3lki\u00f0 okkar til a\u00f0 uppgv\u00f6tva styrkleika s\u00edna \u00e1 svi\u00f0i. \u00dea\u00f0 er \u00fev\u00ed mj\u00f6g mikilv\u00e6gt a\u00f0 sty\u00f0ja vi\u00f0 og efla starfsemi \u00feeirra \u00e1 sem v\u00ed\u00f0ustum grunni. Vinstri gr\u00e6n hafa l\u00f6ngum haft menningarm\u00e1l \u00ed h\u00e1vegum, allt fr\u00e1 \u00fev\u00ed Katr\u00edn Jakobsd\u00f3ttir sat \u00ed menntam\u00e1lar\u00e1\u00f0uneytinu \u00e1 \u00e1runum 2009-2013, og a\u00f0 okkar frumkv\u00e6\u00f0i var h\u00e9r stofna\u00f0 s\u00e9rstakt menningarm\u00e1lar\u00e1\u00f0uneyti \u00ed kj\u00f6lfari\u00f0 \u00e1 stj\u00f3rnarmyndun \u00e1ri\u00f0 2021. \u00cd stefnu Vinstri gr\u00e6nna \u00ed m\u00e1lefnum menningar og lista er sk\u00fdrt kve\u00f0i\u00f0 \u00e1 um samf\u00e9lagslegt mikilv\u00e6gi menningar og lista og \u00fear segir me\u00f0al annars:<br \/>\n\u201cMenningarstefna \u00e1 \u00cdslandi \u00e1 a\u00f0 sn\u00faast um \u00fe\u00e1ttt\u00f6ku allra. S\u00e9rstaklega \u00fearf a\u00f0 efla \u00fe\u00e1ttt\u00f6ku \u00feeirra sem s\u00edst s\u00e6kja s\u00e9r menningartengdar upplifanir vegna hindrana \u00ed samf\u00e9laginu og a\u00f0st\u00f6\u00f0umunar.\u00a0 Menning og listir eru mikilv\u00e6gur hluti samf\u00e9lagsins og \u00fe\u00e1tttaka \u00ed menningarstarfsemi og fj\u00f6lbreyttu, skapandi listastarf b\u00e6tir l\u00fd\u00f0heilsu og eflir f\u00f3lk me\u00f0 \u00f3l\u00edkan bakgrunn til \u00fe\u00e1ttt\u00f6ku \u00ed samf\u00e9laginu.Leggja \u00fearf aukna \u00e1herslu \u00e1 a\u00f0 menningarstarfsemi s\u00e9 fj\u00e1rfesting til framt\u00ed\u00f0ar.\u201d (sj\u00e1 <a href=\"https:\/\/vg.is\/stefna\/menning-og-listir\/\">https:\/\/vg.is\/stefna\/menning-og-listir\/<\/a>)<br \/>\nVinstri gr\u00e6n eru \u00ed li\u00f0i me\u00f0 \u00e1hugaleikf\u00e9l\u00f6gum alla lei\u00f0, \u00e1 forsendum listr\u00e6ns gildis, f\u00e9lagslegs mikilv\u00e6gis og j\u00f6fnu\u00f0ar og munu a\u00f0 sj\u00e1lfs\u00f6g\u00f0u beita s\u00e9r fyrir a\u00f0 r\u00e9tta hlut \u00feeirra me\u00f0 r\u00e1\u00f0um og d\u00e1\u00f0 \u00e1 n\u00e6sta kj\u00f6rt\u00edmabili.<\/span><\/p>\n<p>Vona a\u00f0 \u00feetta svari ykkur<br \/>\nMe\u00f0 bestu kve\u00f0ju, \u00c1lfhildur&#8220;<\/p>\n<hr \/>\n<p><strong>Valdimar Ingi fr\u00e1 Leikf\u00e9lagi Hverager\u00f0is-Svar fr\u00e1 VG:\u00a0<\/strong><\/p>\n<p>&#8222;<span style=\"color: #242424;\">\u00c1hugaleikf\u00e9l\u00f6gin eru oftar en ekki hjarta\u00f0 og s\u00e1lin \u00ed sv\u00e6\u00f0isbundinni menningarstarfsemi auk \u00feess a\u00f0 vera gr\u00ed\u00f0arlega mikilv\u00e6g \u00ed samhengi samf\u00e9lags og ge\u00f0heilbrig\u00f0is. Oftar en ekki er \u00e1hugaleikf\u00e9lagi\u00f0 \u00e1 hverjum sta\u00f0 ein A\u00f0 auki m\u00e1 ekki gleyma \u00feeirri n\u00fdsk\u00f6pun sem oft \u00e1 s\u00e9r sta\u00f0 \u00ed \u00e1hugaleikf\u00e9l\u00f6gum \u00ed leikritun og t\u00f3nlist svo eitthva\u00f0 s\u00e9 nefnt. \u00dea\u00f0 er \u00fev\u00ed mj\u00f6g mikilv\u00e6gt a\u00f0 sty\u00f0ja vi\u00f0 og efla starfsemi \u00feeirra \u00e1 sem v\u00ed\u00f0ustum grunni. Vinstri gr\u00e6n hafa l\u00f6ngum haft menningarm\u00e1l \u00ed h\u00e1vegum, allt fr\u00e1 \u00fev\u00ed Katr\u00edn Jakobsd\u00f3ttir sat \u00ed menntam\u00e1lar\u00e1\u00f0uneytinu \u00e1 \u00e1runum 2009-2013, og a\u00f0 okkar frumkv\u00e6\u00f0i var h\u00e9r stofna\u00f0 s\u00e9rstakt menningarm\u00e1lar\u00e1\u00f0uneyti \u00ed kj\u00f6lfari\u00f0 \u00e1 stj\u00f3rnarmyndun \u00e1ri\u00f0 2021. \u00cd stefnu Vinstri gr\u00e6nna \u00ed m\u00e1lefnum menningar og lista er sk\u00fdrt kve\u00f0i\u00f0 \u00e1 um samf\u00e9lagslegt mikilv\u00e6gi menningar og lista og \u00fear segir me\u00f0al annars:<span style=\"color: #333333;\"><br \/>\n<\/span>\u201cMenningarstefna \u00e1 \u00cdslandi \u00e1 a\u00f0 sn\u00faast um \u00fe\u00e1ttt\u00f6ku allra. S\u00e9rstaklega \u00fearf a\u00f0 efla \u00fe\u00e1ttt\u00f6ku \u00feeirra sem s\u00edst s\u00e6kja s\u00e9r menningartengdar upplifanir vegna hindrana \u00ed samf\u00e9laginu og a\u00f0st\u00f6\u00f0umunar. Menning og listir eru mikilv\u00e6gur hluti samf\u00e9lagsins og \u00fe\u00e1tttaka \u00ed menningarstarfsemi og fj\u00f6lbreyttu, skapandi listastarf b\u00e6tir l\u00fd\u00f0heilsu og eflir f\u00f3lk me\u00f0 \u00f3l\u00edkan bakgrunn til \u00fe\u00e1ttt\u00f6ku \u00ed samf\u00e9laginu. Leggja \u00fearf aukna \u00e1herslu \u00e1 a\u00f0 menningarstarfsemi s\u00e9 fj\u00e1rfesting til framt\u00ed\u00f0ar.\u201d (sj\u00e1 <a href=\"https:\/\/vg.is\/stefna\/menning-og-listir\/\"><span style=\"color: #467886;\">https:\/\/vg.is\/stefna\/menning-og-listir\/<\/span><\/a>)<span style=\"color: #333333;\"><br \/>\n<\/span>Vinstri gr\u00e6n eru \u00ed li\u00f0i me\u00f0 \u00e1hugaleikf\u00e9l\u00f6gum alla lei\u00f0, \u00e1 forsendum listr\u00e6ns gildis, f\u00e9lagslegs mikilv\u00e6gis og j\u00f6fnu\u00f0ar og munu a\u00f0 sj\u00e1lfs\u00f6g\u00f0u beita s\u00e9r fyrir a\u00f0 r\u00e9tta hlut \u00feeirra me\u00f0 r\u00e1\u00f0um og d\u00e1\u00f0 \u00e1 n\u00e6sta kj\u00f6rt\u00edmabili.<\/span>&#8220;<br \/>\nHreind\u00eds Ylva Gar\u00f0arsd\u00f3ttir<\/p>\n<hr \/>\n<p><strong>\u00d3l\u00f6f f\u00e9kk svar fr\u00e1 VG:\u00a0<\/strong><\/p>\n<p>&#8222;<span style=\"color: #333333;\">S\u00e6l og blessu\u00f0 \u00d3l\u00f6f,<br \/>\n\u00de\u00fa afsakar a\u00f0 svari\u00f0 er kannski stutt en vi\u00f0 viljum gjarnan sty\u00f0ja betur vi\u00f0 \u00e1hugaleikh\u00fas.<br \/>\n\u00c1hugaleikf\u00e9l\u00f6gin eru oftar en ekki hjarta\u00f0 og s\u00e1lin \u00ed sv\u00e6\u00f0isbundinni menningarstarfsemi. \u00deau hafa j\u00e1kv\u00e6\u00f0 \u00e1hrif \u00e1 samf\u00e9lag sitt, gefa f\u00f3lki t\u00e6kif\u00e6ri til listr\u00e6nnar tj\u00e1ningar, auka sj\u00e1lfstraust og b\u00e6ta ge\u00f0heilbrig\u00f0i \u00feeirra sem s\u00e6kja leikh\u00fas. A\u00f0 auki m\u00e1 ekki gleyma \u00feeirri n\u00fdsk\u00f6pun sem oft \u00e1 s\u00e9r sta\u00f0 \u00ed \u00e1hugaleikf\u00e9l\u00f6gum \u00ed leikritun og t\u00f3nlist svo eitthva\u00f0 s\u00e9 nefnt. \u00dea\u00f0 er \u00fev\u00ed mj\u00f6g mikilv\u00e6gt a\u00f0 sty\u00f0ja vi\u00f0 og efla starfsemi \u00feeirra \u00e1 sem v\u00ed\u00f0ustum grunni. Vinstri gr\u00e6n hafa l\u00f6ngum haft menningarm\u00e1l \u00ed h\u00e1vegum, allt fr\u00e1 \u00fev\u00ed Katr\u00edn Jakobsd\u00f3ttir sat \u00ed menntam\u00e1lar\u00e1\u00f0uneytinu \u00e1 \u00e1runum 2009-2013, og a\u00f0 okkar frumkv\u00e6\u00f0i voru menningarm\u00e1lin skilin fr\u00e1 menntam\u00e1lum \u00ed kj\u00f6lfari\u00f0 \u00e1 stj\u00f3rnarmyndun \u00e1ri\u00f0 2021. \u00cd stefnu Vinstri gr\u00e6nna \u00ed m\u00e1lefnum menningar og lista er sk\u00fdrt kve\u00f0i\u00f0 \u00e1 um samf\u00e9lagslegt mikilv\u00e6gi menningar og lista og \u00fear segir me\u00f0al annars:<br \/>\n\u201cMenningarstefna \u00e1 \u00cdslandi \u00e1 a\u00f0 sn\u00faast um \u00fe\u00e1ttt\u00f6ku allra. S\u00e9rstaklega \u00fearf a\u00f0 efla \u00fe\u00e1ttt\u00f6ku \u00feeirra sem s\u00edst s\u00e6kja s\u00e9r menningartengdar upplifanir vegna hindrana \u00ed samf\u00e9laginu og a\u00f0st\u00f6\u00f0umunar. Menning og listir eru mikilv\u00e6gur hluti samf\u00e9lagsins og \u00fe\u00e1tttaka \u00ed menningarstarfsemi og fj\u00f6lbreyttu, skapandi listastarf b\u00e6tir l\u00fd\u00f0heilsu og eflir f\u00f3lk me\u00f0 \u00f3l\u00edkan bakgrunn til \u00fe\u00e1ttt\u00f6ku \u00ed samf\u00e9laginu.Leggja \u00fearf aukna \u00e1herslu \u00e1 a\u00f0 menningarstarfsemi s\u00e9 fj\u00e1rfesting til framt\u00ed\u00f0ar.\u201d (sj\u00e1 <\/span><a href=\"https:\/\/vg.is\/stefna\/menning-og-listir\/\"><span style=\"color: #467886;\">https:\/\/vg.is\/stefna\/menning-og-listir\/<\/span><\/a><span style=\"color: #333333;\">)<\/span><span style=\"color: #333333;\"><br \/>\n\u00deannig a\u00f0 vi\u00f0 Vinstri gr\u00e6n viljum efla starfsemi \u00e1hugaleikh\u00fasa.<br \/>\nMe\u00f0 g\u00f3\u00f0ri kve\u00f0ju,<br \/>\nGu\u00f0mundur Ingi Gu\u00f0brandsson<\/span>&#8220;<\/p>\n<p>&nbsp;<\/p>\n","protected":false},"excerpt":{"rendered":"<p>M\u00f6rg f\u00e9l\u00f6g hafa sent eftirfarandi fyrirspurn og spurningar \u00e1 stj\u00f3rnm\u00e1laflokkana: Starfsemi \u00e1hugaleikf\u00e9laga \u00e1 \u00cdslandi \u00e1 s\u00e9r langa s\u00f6gu sem sums sta\u00f0ar spannar yfir 100 \u00e1r. V\u00ed\u00f0a um land er \u00e1hugaleikf\u00e9lagi\u00f0 \u00e1 sta\u00f0num eini vettvangurinn \u00fear sem landsmenn geta noti\u00f0 leiklistar \u00ed heimabygg\u00f0, og allssta\u00f0ar eru \u00feau eini sta\u00f0urinn \u00fear sem almenningur getur teki\u00f0 \u00fe\u00e1tt \u00ed [&hellip;]<\/p>\n","protected":false},"author":3,"featured_media":40774,"comment_status":"closed","ping_status":"closed","sticky":false,"template":"","format":"standard","meta":{"_et_pb_use_builder":"","_et_pb_old_content":"","_et_gb_content_width":"","footnotes":""},"categories":[223],"tags":[],"class_list":["post-40773","post","type-post","status-publish","format-standard","has-post-thumbnail","hentry","category-innri-tenglar","et-has-post-format-content","et_post_format-et-post-format-standard"],"_links":{"self":[{"href":"https:\/\/leiklist.is\/en\/wp-json\/wp\/v2\/posts\/40773","targetHints":{"allow":["GET"]}}],"collection":[{"href":"https:\/\/leiklist.is\/en\/wp-json\/wp\/v2\/posts"}],"about":[{"href":"https:\/\/leiklist.is\/en\/wp-json\/wp\/v2\/types\/post"}],"author":[{"embeddable":true,"href":"https:\/\/leiklist.is\/en\/wp-json\/wp\/v2\/users\/3"}],"replies":[{"embeddable":true,"href":"https:\/\/leiklist.is\/en\/wp-json\/wp\/v2\/comments?post=40773"}],"version-history":[{"count":0,"href":"https:\/\/leiklist.is\/en\/wp-json\/wp\/v2\/posts\/40773\/revisions"}],"wp:featuredmedia":[{"embeddable":true,"href":"https:\/\/leiklist.is\/en\/wp-json\/wp\/v2\/media\/40774"}],"wp:attachment":[{"href":"https:\/\/leiklist.is\/en\/wp-json\/wp\/v2\/media?parent=40773"}],"wp:term":[{"taxonomy":"category","embeddable":true,"href":"https:\/\/leiklist.is\/en\/wp-json\/wp\/v2\/categories?post=40773"},{"taxonomy":"post_tag","embeddable":true,"href":"https:\/\/leiklist.is\/en\/wp-json\/wp\/v2\/tags?post=40773"}],"curies":[{"name":"wp","href":"https:\/\/api.w.org\/{rel}","templated":true}]}}