{"id":40732,"date":"2024-11-05T15:00:52","date_gmt":"2024-11-05T15:00:52","guid":{"rendered":"https:\/\/leiklist.is\/?p=40732"},"modified":"2024-12-10T09:36:02","modified_gmt":"2024-12-10T09:36:02","slug":"auglyst-eftir-leikskaldum-og-leiklesurum","status":"publish","type":"post","link":"https:\/\/leiklist.is\/en\/auglyst-eftir-leikskaldum-og-leiklesurum\/","title":{"rendered":"Augl\u00fdst eftir leiksk\u00e1ldum og leiklesurum"},"content":{"rendered":"<p>Halaleikh\u00f3purinn skipuleggur leiklestra af \u00fdmsu tagi \u00ed vetur. \u00cd tilefni a\u00f0 \u00fev\u00ed sendir h\u00f3purinn eftirfarandi skilabo\u00f0 til allra sem \u00e1huga kunna a\u00f0 hafa:<\/p>\n<p><strong>Ertu blundandi sk\u00faffusk\u00e1ld?<\/strong><br \/>\n\u00c1ttu handrit a\u00f0 leikverki sem \u00feig langar a\u00f0 hlusta \u00e1 leiklesi\u00f0 ?<br \/>\nHandritin \u00feurfa ekki a\u00f0 vera fullb\u00fain og \u00feau mega vera dr\u00f6g e\u00f0a hlutar \u2013 stutt e\u00f0a l\u00f6ng \u2013 l\u00e9tt e\u00f0a \u00feung.Vi\u00f0 erum ekki a\u00f0 leita eftir verkum eftir snillinga, \u00fea\u00f0 er \u00f6llu l\u00edklegra a\u00f0 \u00fe\u00fa ver\u00f0ir snillingur me\u00f0endurtekinni reynslu vi\u00f0 a\u00f0 skapa eitthva\u00f0. \u00dev\u00ed ekki a\u00f0 gefa \u00fe\u00e9r t\u00e6kif\u00e6ri \u00e1 a\u00f0 f\u00e1 verki\u00f0 sem blundar \u00ed \u00fe\u00e9r leiklesi\u00f0 af leikurum \u00e1 \u00f6llum aldri eftir stutt \u00e6fingaferli, leikst\u00fdrt af atvinnuleikstj\u00f3rum og\/e\u00f0a \u00f6\u00f0rum og s\u00fdnt fyrir \u00e1horfendur. \u00dear f\u00e6r\u00f0u t\u00e6kif\u00e6ri til a\u00f0 heyra og sj\u00e1 hvernig verki\u00f0 virkar \u00e1 \u00feig sem og a\u00f0ra.<\/p>\n<p><strong>Ertu \u00ed stu\u00f0i?<\/strong><br \/>\nHefur\u00f0u \u00e1huga \u00e1 a\u00f0 taka \u00fe\u00e1tt \u00ed verkefni eins og \u00feessu? Verkefni sem skuldbindur \u00feig ekki \u00ed langan t\u00edma, vi\u00f0 st\u00edfar \u00e6fingar l\u00edkt og \u00e1 fullb\u00fanu leikriti heldur mun skemmri t\u00edma sem \u00fe\u00fa getur gefi\u00f0 \u00fe\u00e9r \u00ed a\u00f0 pr\u00f3fa a\u00f0 lesa leikrit fyrir framan \u00e1horfendur, eftir stutt \u00e6fingaferli. \u00de\u00fa \u00fearft samt a\u00f0 gefa \u00fe\u00e9r t\u00edma \u00ed nokkur kv\u00f6ld og m\u00f6gulega nokkrar helgar, en \u00fea\u00f0 fer eftir umfangi verksins. \u00dea\u00f0 ver\u00f0ur allt gert \u00ed samr\u00e1\u00f0i vi\u00f0 \u00feig og a\u00f0ra \u00fe\u00e1tttakendur \ud83d\ude42<span class=\"Apple-converted-space\">\u00a0<\/span><\/p>\n<p><strong>Er \u00feetta fyrir \u00feig?<\/strong><br \/>\nSvo ef \u00fe\u00fa liggur \u00e1 handriti e\u00f0a \u00ed \u00fe\u00e9r blundar \u00fe\u00f6rf til a\u00f0 takast \u00e1 vi\u00f0 leiklestur settu \u00feig \u00ed samband vi\u00f0 okkur hj\u00e1 <strong>Halaleikh\u00f3pnum \u2013 Leiklist fyrir alla<\/strong> me\u00f0 skilabo\u00f0um \u00ed s\u00edma.897 5007 e\u00f0a<span class=\"Apple-converted-space\">\u00a0 <\/span>\u00e1 <a href=\"mailto:halaleikh%C3%B3purinn@gmail.com\">halaleikh\u00f3purinn@gmail.com<\/a>. K\u00edktu \u00ed kaffi til okkar \u00e1 laugardagsmorgnum milli kl. 11 og 13 \u00ed H\u00e1t\u00fan 12 \u2013 inngangur nr. 3 a\u00f0 ne\u00f0anver\u00f0u.<\/p>\n<p>S\u00fdning Halaleikh\u00f3psins \u00e1 Gaukshrei\u00f0rinu \u00ed leikstj\u00f3rn Gu\u00f0j\u00f3ns Sigvaldasonar var valin Athyglisver\u00f0asta \u00c1hugaleiks\u00fdning \u00e1rsins \u00e1ri\u00f0 2008 og flutt \u00ed \u00dej\u00f3\u00f0leikh\u00fasinu \u00fea\u00f0 \u00e1r.<br \/>\nHalaleikh\u00f3purinn er einnig handhafi K\u00e6rleiksk\u00falunnar \u00e1ri\u00f0 2008.<br \/>\nStj\u00f3rn er svo me\u00f0 \u00fdmislegt fleira \u00ed b\u00edger\u00f0 sem kemur \u00ed lj\u00f3s seinna.<\/p>\n<p>Kve\u00f0ja fr\u00e1 stj\u00f3rn Halaleikh\u00f3psins<\/p>","protected":false},"excerpt":{"rendered":"<p>Halaleikh\u00f3purinn skipuleggur leiklestra af \u00fdmsu tagi \u00ed vetur. \u00cd tilefni a\u00f0 \u00fev\u00ed sendir h\u00f3purinn eftirfarandi skilabo\u00f0 til allra sem \u00e1huga kunna a\u00f0 hafa: Ertu blundandi sk\u00faffusk\u00e1ld? \u00c1ttu handrit a\u00f0 leikverki sem \u00feig langar a\u00f0 hlusta \u00e1 leiklesi\u00f0 ? Handritin \u00feurfa ekki a\u00f0 vera fullb\u00fain og \u00feau mega vera dr\u00f6g e\u00f0a hlutar \u2013 stutt e\u00f0a l\u00f6ng [&hellip;]<\/p>\n","protected":false},"author":3,"featured_media":40734,"comment_status":"closed","ping_status":"closed","sticky":false,"template":"","format":"standard","meta":{"_et_pb_use_builder":"","_et_pb_old_content":"","_et_gb_content_width":"","footnotes":""},"categories":[187],"tags":[],"class_list":["post-40732","post","type-post","status-publish","format-standard","has-post-thumbnail","hentry","category-allar-frir","et-has-post-format-content","et_post_format-et-post-format-standard"],"_links":{"self":[{"href":"https:\/\/leiklist.is\/en\/wp-json\/wp\/v2\/posts\/40732","targetHints":{"allow":["GET"]}}],"collection":[{"href":"https:\/\/leiklist.is\/en\/wp-json\/wp\/v2\/posts"}],"about":[{"href":"https:\/\/leiklist.is\/en\/wp-json\/wp\/v2\/types\/post"}],"author":[{"embeddable":true,"href":"https:\/\/leiklist.is\/en\/wp-json\/wp\/v2\/users\/3"}],"replies":[{"embeddable":true,"href":"https:\/\/leiklist.is\/en\/wp-json\/wp\/v2\/comments?post=40732"}],"version-history":[{"count":0,"href":"https:\/\/leiklist.is\/en\/wp-json\/wp\/v2\/posts\/40732\/revisions"}],"wp:featuredmedia":[{"embeddable":true,"href":"https:\/\/leiklist.is\/en\/wp-json\/wp\/v2\/media\/40734"}],"wp:attachment":[{"href":"https:\/\/leiklist.is\/en\/wp-json\/wp\/v2\/media?parent=40732"}],"wp:term":[{"taxonomy":"category","embeddable":true,"href":"https:\/\/leiklist.is\/en\/wp-json\/wp\/v2\/categories?post=40732"},{"taxonomy":"post_tag","embeddable":true,"href":"https:\/\/leiklist.is\/en\/wp-json\/wp\/v2\/tags?post=40732"}],"curies":[{"name":"wp","href":"https:\/\/api.w.org\/{rel}","templated":true}]}}