{"id":40568,"date":"2024-09-11T12:34:17","date_gmt":"2024-09-11T12:34:17","guid":{"rendered":"https:\/\/leiklist.is\/?p=40568"},"modified":"2024-09-18T15:36:56","modified_gmt":"2024-09-18T15:36:56","slug":"lokad-fostudag-13-sept","status":"publish","type":"post","link":"https:\/\/leiklist.is\/en\/lokad-fostudag-13-sept\/","title":{"rendered":"Loka\u00f0 f\u00f6studag 13. sept."},"content":{"rendered":"<p>Loka\u00f0 ver\u00f0ur \u00e1 \u00dej\u00f3nustumi\u00f0st\u00f6\u00f0 f\u00f6studaginn 13. september vegna fundar NEATA samtakanna \u00ed Noregi.<\/p>\n<p><a href=\"https:\/\/leiklist.is\/en\/shop\/\">Vefverslun Leikb\u00fa\u00f0arinnar<\/a> \u00e1vallt opin.<\/p>","protected":false},"excerpt":{"rendered":"<p>Loka\u00f0 ver\u00f0ur \u00e1 \u00dej\u00f3nustumi\u00f0st\u00f6\u00f0 f\u00f6studaginn 13. september vegna fundar NEATA samtakanna \u00ed Noregi. Vefverslun Leikb\u00fa\u00f0arinnar \u00e1vallt opin.<\/p>","protected":false},"author":3,"featured_media":37120,"comment_status":"closed","ping_status":"closed","sticky":false,"template":"","format":"standard","meta":{"_et_pb_use_builder":"","_et_pb_old_content":"","_et_gb_content_width":"","footnotes":""},"categories":[187],"tags":[],"class_list":["post-40568","post","type-post","status-publish","format-standard","has-post-thumbnail","hentry","category-allar-frir","et-has-post-format-content","et_post_format-et-post-format-standard"],"_links":{"self":[{"href":"https:\/\/leiklist.is\/en\/wp-json\/wp\/v2\/posts\/40568","targetHints":{"allow":["GET"]}}],"collection":[{"href":"https:\/\/leiklist.is\/en\/wp-json\/wp\/v2\/posts"}],"about":[{"href":"https:\/\/leiklist.is\/en\/wp-json\/wp\/v2\/types\/post"}],"author":[{"embeddable":true,"href":"https:\/\/leiklist.is\/en\/wp-json\/wp\/v2\/users\/3"}],"replies":[{"embeddable":true,"href":"https:\/\/leiklist.is\/en\/wp-json\/wp\/v2\/comments?post=40568"}],"version-history":[{"count":0,"href":"https:\/\/leiklist.is\/en\/wp-json\/wp\/v2\/posts\/40568\/revisions"}],"wp:featuredmedia":[{"embeddable":true,"href":"https:\/\/leiklist.is\/en\/wp-json\/wp\/v2\/media\/37120"}],"wp:attachment":[{"href":"https:\/\/leiklist.is\/en\/wp-json\/wp\/v2\/media?parent=40568"}],"wp:term":[{"taxonomy":"category","embeddable":true,"href":"https:\/\/leiklist.is\/en\/wp-json\/wp\/v2\/categories?post=40568"},{"taxonomy":"post_tag","embeddable":true,"href":"https:\/\/leiklist.is\/en\/wp-json\/wp\/v2\/tags?post=40568"}],"curies":[{"name":"wp","href":"https:\/\/api.w.org\/{rel}","templated":true}]}}