{"id":4030,"date":"2012-12-18T09:25:38","date_gmt":"2012-12-18T09:25:38","guid":{"rendered":"http:\/\/wp.leiklist.is\/?p=4030"},"modified":"2012-12-18T09:25:38","modified_gmt":"2012-12-18T09:25:38","slug":"mys-og-menn-a-stora-svieinu","status":"publish","type":"post","link":"https:\/\/leiklist.is\/en\/mys-og-menn-a-stora-svieinu\/","title":{"rendered":"M\u00fds og menn \u00e1 St\u00f3ra svi\u00f0inu"},"content":{"rendered":"<p \/>J\u00f3las\u00fdning Borgarleikh\u00fassins, M\u00fds og menn, ver\u00f0ur frums\u00fdnd \u00e1 St\u00f3ra svi\u00f0inu laugardaginn 29. desember n\u00e6stkomandi. H\u00e9r er s\u00f6g\u00f0 saga farandverkamannanna George og Lennie sem flakka saman \u00e1 milli vinnusta\u00f0a, vinna til a\u00f0 lifa af og \u00ferauka en deila saman fjarl\u00e6gum draumi um betra l\u00edf. En suma drauma \u00fearf a\u00f0 gjalda d\u00fdru ver\u00f0i. Steinbeck skrifa\u00f0i sj\u00e1lfur leikriti\u00f0, en J\u00f3hann Sigur\u00f0sson \u00fe\u00fdddi. J\u00f3n P\u00e1ll Eyj\u00f3lfsson leikst\u00fdrir.  <!--more-->  <\/p>\n<p>\u00deetta meistaravek John Steinbeck fr\u00e1 krepput\u00edmum \u00feri\u00f0ja \u00e1ratugarins er l\u00f6ngu or\u00f0i\u00f0 s\u00edgilt. Hann varpar fram spurningum um hva\u00f0a mat vi\u00f0 leggjum \u00e1 manneskjuna og hvert gildi hennar er \u00feegar h\u00fan vir\u00f0ist ekki vera neinum til gagns. George og Lennie eru farandverkamenn sem flakka saman \u00e1 milli vinnusta\u00f0a. Annar er risavaxinn og barnslegur, hinn sm\u00e1vaxinn en l\u00edfsreyndur. \u00deeir vinna til a\u00f0 lifa af og \u00ferauka en deila saman fjarl\u00e6gum draumi um betra l\u00edf. \u00dea\u00f0 er draumurinn um eigin j\u00f6r\u00f0 \u00fear sem Lennie f\u00e6r a\u00f0 halda kan\u00ednur \u00ed fri\u00f0i og r\u00f3 og George getur r\u00e6kta\u00f0 j\u00f6r\u00f0ina. \u00deeir hefja vinnu \u00e1 n\u00fdjum sta\u00f0 og skyndilega er draumurinn innan seilingar.<\/p>\n<p>M\u00fds og menn er eitt af helstu meistaraverkum bandar\u00edskra b\u00f3kmennta og birtist h\u00e9r \u00ed n\u00fdrri svi\u00f0ssetningu. \u00deessi saga fr\u00e1 krepput\u00edmum \u00feri\u00f0ja \u00e1ratugarins er l\u00f6ngu or\u00f0in s\u00edgild. \u00cd henni byggir John Steinbeck \u00e1 reynslu sinni sem farandverkama\u00f0ur \u00fear sem hann kynntist f\u00f3lki sem var\u00f0 innbl\u00e1sturinn a\u00f0 pers\u00f3num verksins. Steinbeck skrifa\u00f0i sj\u00e1lfur leikriti\u00f0 sem er t\u00ed\u00f0ur gestur \u00e1 fj\u00f6lum leikh\u00fasa heimsins. Kvikmynda\u00fatg\u00e1fa s\u00f6gunnar var tilnefnd til fj\u00f6lda \u00d3skarsver\u00f0launa \u00e1ri\u00f0 1939 og n\u00fd \u00fatg\u00e1fa hennar keppti svo um Gullp\u00e1lmann \u00ed Cannes \u00e1ri\u00f0 1992.<\/p>\n<p>Ilmur Stef\u00e1nsd\u00f3ttir hannar leikmynd og b\u00faninga og Bj\u00f6rn Bergsteinn Gu\u00f0mundsson l\u00fdsingu. \u00deeir \u00d3lafur Darri \u00d3lafsson og Hilmar Gu\u00f0j\u00f3nsson eru \u00ed hlutverkum Lennie og George og \u00c1lfr\u00fan \u00d6rn\u00f3lfsd\u00f3ttir leikur eina kvenhlutverki\u00f0 \u00ed s\u00fdningunni (eiginkonu Curley verkstj\u00f3ra). \u00deegar er uppselt \u00e1 fyrstu 12 s\u00fdningar verksins.<\/p>","protected":false},"excerpt":{"rendered":"<p>J\u00f3las\u00fdning Borgarleikh\u00fassins, M\u00fds og menn, ver\u00f0ur frums\u00fdnd \u00e1 St\u00f3ra svi\u00f0inu laugardaginn 29. desember n\u00e6stkomandi. H\u00e9r er s\u00f6g\u00f0 saga farandverkamannanna George og Lennie sem flakka saman \u00e1 milli vinnusta\u00f0a, vinna til a\u00f0 lifa af og \u00ferauka en deila saman fjarl\u00e6gum draumi um betra l\u00edf. En suma drauma \u00fearf a\u00f0 gjalda d\u00fdru ver\u00f0i. Steinbeck skrifa\u00f0i sj\u00e1lfur leikriti\u00f0, [&hellip;]<\/p>\n","protected":false},"author":3,"featured_media":4029,"comment_status":"open","ping_status":"open","sticky":false,"template":"","format":"standard","meta":{"_et_pb_use_builder":"","_et_pb_old_content":"","_et_gb_content_width":"","footnotes":""},"categories":[187],"tags":[],"class_list":["post-4030","post","type-post","status-publish","format-standard","has-post-thumbnail","hentry","category-allar-frir","et-has-post-format-content","et_post_format-et-post-format-standard"],"_links":{"self":[{"href":"https:\/\/leiklist.is\/en\/wp-json\/wp\/v2\/posts\/4030","targetHints":{"allow":["GET"]}}],"collection":[{"href":"https:\/\/leiklist.is\/en\/wp-json\/wp\/v2\/posts"}],"about":[{"href":"https:\/\/leiklist.is\/en\/wp-json\/wp\/v2\/types\/post"}],"author":[{"embeddable":true,"href":"https:\/\/leiklist.is\/en\/wp-json\/wp\/v2\/users\/3"}],"replies":[{"embeddable":true,"href":"https:\/\/leiklist.is\/en\/wp-json\/wp\/v2\/comments?post=4030"}],"version-history":[{"count":0,"href":"https:\/\/leiklist.is\/en\/wp-json\/wp\/v2\/posts\/4030\/revisions"}],"wp:featuredmedia":[{"embeddable":true,"href":"https:\/\/leiklist.is\/en\/wp-json\/wp\/v2\/media\/4029"}],"wp:attachment":[{"href":"https:\/\/leiklist.is\/en\/wp-json\/wp\/v2\/media?parent=4030"}],"wp:term":[{"taxonomy":"category","embeddable":true,"href":"https:\/\/leiklist.is\/en\/wp-json\/wp\/v2\/categories?post=4030"},{"taxonomy":"post_tag","embeddable":true,"href":"https:\/\/leiklist.is\/en\/wp-json\/wp\/v2\/tags?post=4030"}],"curies":[{"name":"wp","href":"https:\/\/api.w.org\/{rel}","templated":true}]}}