{"id":3999,"date":"2012-11-23T11:48:06","date_gmt":"2012-11-23T11:48:06","guid":{"rendered":"http:\/\/wp.leiklist.is\/?p=3999"},"modified":"2012-11-23T11:48:06","modified_gmt":"2012-11-23T11:48:06","slug":"ef-eg-vaeri-jolasveinn","status":"publish","type":"post","link":"https:\/\/leiklist.is\/en\/ef-eg-vaeri-jolasveinn\/","title":{"rendered":"Ef \u00e9g v\u00e6ri j\u00f3lasveinn"},"content":{"rendered":"<p>Leikf\u00e9lag Akureyrar frums\u00fdnir leikriti\u00f0 Ef \u00e9g v\u00e6ri j\u00f3lasveinn, sannkalla\u00f0 j\u00f3la\u00e6vint\u00fdri fyrir b\u00f6rn \u00e1 \u00f6llum aldri, \u00feann 25. n\u00f3vember nk. Sveinn J. \u00d3lason er ungur drengur \u00ed Giljask\u00f3la og \u00e1 \u00feann draum heitastan a\u00f0 vera j\u00f3lasveinn.\u00a0 Getur veri\u00f0 a\u00f0 \u00f3sk hans r\u00e6tist? S\u00fdnt ver\u00f0ur \u00ed Samkomuh\u00fasinu \u00e1 sunnud\u00f6gum til 9. desember.<\/p>\n<p>  <!--more-->  <\/p>\n<p>N\u00e6stu s\u00fdningar:<\/p>\n<p>sunnudaginn 25. n\u00f3vember kl. 14:00 og 16:00<br \/>sunnudaginn 2. desember kl. 14:00 og 16:00<br \/>sunnudaginn 9. desember kl. 14:00 og 16:00<\/p>\n<p>Mi\u00f0asala \u00e1 midi.is<br \/>Mi\u00f0aver\u00f0 1.500.-<\/p>\n<p>Leikarar: A\u00f0albj\u00f6rg \u00c1rnad\u00f3ttir, Anna Gunnd\u00eds Gu\u00f0mundsd\u00f3ttir, Einar A\u00f0alsteinsson og Sk\u00fali Gautason<\/p>\n<p>Leikstj\u00f3rn: Sigr\u00ed\u00f0ur Eir Zophan\u00edasd\u00f3ttir<\/p>\n<p>Leikmynd, l\u00fdsing og hreyfimyndir: Egill Ingibergsson<\/p>\n<p>B\u00faningar: Helga Mj\u00f6ll Oddsd\u00f3ttir<\/p>\n<p>Svi\u00f0sma\u00f0ur: Bjarki \u00c1rnason<\/p>\n<p>Handrit og t\u00f3nlist: h\u00f3purinn<\/p>","protected":false},"excerpt":{"rendered":"<p>Leikf\u00e9lag Akureyrar frums\u00fdnir leikriti\u00f0 Ef \u00e9g v\u00e6ri j\u00f3lasveinn, sannkalla\u00f0 j\u00f3la\u00e6vint\u00fdri fyrir b\u00f6rn \u00e1 \u00f6llum aldri, \u00feann 25. n\u00f3vember nk. Sveinn J. \u00d3lason er ungur drengur \u00ed Giljask\u00f3la og \u00e1 \u00feann draum heitastan a\u00f0 vera j\u00f3lasveinn.\u00a0 Getur veri\u00f0 a\u00f0 \u00f3sk hans r\u00e6tist? S\u00fdnt ver\u00f0ur \u00ed Samkomuh\u00fasinu \u00e1 sunnud\u00f6gum til 9. desember.<\/p>","protected":false},"author":3,"featured_media":3998,"comment_status":"open","ping_status":"open","sticky":false,"template":"","format":"standard","meta":{"_et_pb_use_builder":"","_et_pb_old_content":"","_et_gb_content_width":"","footnotes":""},"categories":[187],"tags":[],"class_list":["post-3999","post","type-post","status-publish","format-standard","has-post-thumbnail","hentry","category-allar-frir","et-has-post-format-content","et_post_format-et-post-format-standard"],"_links":{"self":[{"href":"https:\/\/leiklist.is\/en\/wp-json\/wp\/v2\/posts\/3999","targetHints":{"allow":["GET"]}}],"collection":[{"href":"https:\/\/leiklist.is\/en\/wp-json\/wp\/v2\/posts"}],"about":[{"href":"https:\/\/leiklist.is\/en\/wp-json\/wp\/v2\/types\/post"}],"author":[{"embeddable":true,"href":"https:\/\/leiklist.is\/en\/wp-json\/wp\/v2\/users\/3"}],"replies":[{"embeddable":true,"href":"https:\/\/leiklist.is\/en\/wp-json\/wp\/v2\/comments?post=3999"}],"version-history":[{"count":0,"href":"https:\/\/leiklist.is\/en\/wp-json\/wp\/v2\/posts\/3999\/revisions"}],"wp:featuredmedia":[{"embeddable":true,"href":"https:\/\/leiklist.is\/en\/wp-json\/wp\/v2\/media\/3998"}],"wp:attachment":[{"href":"https:\/\/leiklist.is\/en\/wp-json\/wp\/v2\/media?parent=3999"}],"wp:term":[{"taxonomy":"category","embeddable":true,"href":"https:\/\/leiklist.is\/en\/wp-json\/wp\/v2\/categories?post=3999"},{"taxonomy":"post_tag","embeddable":true,"href":"https:\/\/leiklist.is\/en\/wp-json\/wp\/v2\/tags?post=3999"}],"curies":[{"name":"wp","href":"https:\/\/api.w.org\/{rel}","templated":true}]}}