{"id":39783,"date":"2024-02-21T12:10:55","date_gmt":"2024-02-21T12:10:55","guid":{"rendered":"https:\/\/leiklist.is\/?p=39783"},"modified":"2024-06-26T15:36:53","modified_gmt":"2024-06-26T15:36:53","slug":"leiklistarskolibil2024","status":"publish","type":"post","link":"https:\/\/leiklist.is\/en\/leiklistarskolibil2024\/","title":{"rendered":"Leiklistarsk\u00f3li B\u00cdL 2024 &#8211; Hva\u00f0 ver\u00f0ur \u00ed bo\u00f0i?"},"content":{"rendered":"<p>Leiklistarsk\u00f3li B\u00cdL ver\u00f0ur haldinn a\u00f0 Reykjum \u00ed Hr\u00fatafir\u00f0i dagana 15. \u2013 23. j\u00fan\u00ed \u00ed sumar. \u00cd bo\u00f0i ver\u00f0a 4 n\u00e1mskei\u00f0; <strong>Leiklist I<\/strong> \u00ed umsj\u00f3n \u00c1g\u00fastu Sk\u00falad\u00f3ttur, <strong>Leikritun I<\/strong> \u00ed umsj\u00f3n Karls \u00c1g\u00fasts \u00dalfssonar, <strong>Leikstj\u00f3rn IV<\/strong> sem Jenn\u00fd Vala Arn\u00f3rsd\u00f3ttir st\u00fdrir og \u00a0S\u00e9rn\u00e1mskei\u00f0 fyrir leikara \u00ed umsj\u00f3n R\u00fanars Gu\u00f0brandssonar. Einnig ver\u00f0ur bo\u00f0i\u00f0 upp \u00e1 <strong>H\u00f6funda \u00ed heims\u00f3kn<\/strong>. Opna\u00f0 ver\u00f0ur fyrir ums\u00f3knir 1. mars n\u00e6stkomandi.<\/p>\n<p><a href=\"https:\/\/leiklist.is\/en\/leiklistarskoli-bil-2024\/\">Sj\u00e1 n\u00e1nari uppl\u00fdsingar h\u00e9r<\/a>.<\/p>","protected":false},"excerpt":{"rendered":"<p>Leiklistarsk\u00f3li B\u00cdL ver\u00f0ur haldinn a\u00f0 Reykjum \u00ed Hr\u00fatafir\u00f0i dagana 15. \u2013 23. j\u00fan\u00ed \u00ed sumar. \u00cd bo\u00f0i ver\u00f0a 4 n\u00e1mskei\u00f0; Leiklist I \u00ed umsj\u00f3n \u00c1g\u00fastu Sk\u00falad\u00f3ttur, Leikritun I \u00ed umsj\u00f3n Karls \u00c1g\u00fasts \u00dalfssonar, Leikstj\u00f3rn IV sem Jenn\u00fd Vala Arn\u00f3rsd\u00f3ttir st\u00fdrir og \u00a0S\u00e9rn\u00e1mskei\u00f0 fyrir leikara \u00ed umsj\u00f3n R\u00fanars Gu\u00f0brandssonar. Einnig ver\u00f0ur bo\u00f0i\u00f0 upp \u00e1 H\u00f6funda \u00ed [&hellip;]<\/p>\n","protected":false},"author":3,"featured_media":19882,"comment_status":"closed","ping_status":"closed","sticky":false,"template":"","format":"standard","meta":{"_et_pb_use_builder":"","_et_pb_old_content":"","_et_gb_content_width":"","footnotes":""},"categories":[187,190],"tags":[],"class_list":["post-39783","post","type-post","status-publish","format-standard","has-post-thumbnail","hentry","category-allar-frir","category-skn","et-has-post-format-content","et_post_format-et-post-format-standard"],"_links":{"self":[{"href":"https:\/\/leiklist.is\/en\/wp-json\/wp\/v2\/posts\/39783","targetHints":{"allow":["GET"]}}],"collection":[{"href":"https:\/\/leiklist.is\/en\/wp-json\/wp\/v2\/posts"}],"about":[{"href":"https:\/\/leiklist.is\/en\/wp-json\/wp\/v2\/types\/post"}],"author":[{"embeddable":true,"href":"https:\/\/leiklist.is\/en\/wp-json\/wp\/v2\/users\/3"}],"replies":[{"embeddable":true,"href":"https:\/\/leiklist.is\/en\/wp-json\/wp\/v2\/comments?post=39783"}],"version-history":[{"count":0,"href":"https:\/\/leiklist.is\/en\/wp-json\/wp\/v2\/posts\/39783\/revisions"}],"wp:featuredmedia":[{"embeddable":true,"href":"https:\/\/leiklist.is\/en\/wp-json\/wp\/v2\/media\/19882"}],"wp:attachment":[{"href":"https:\/\/leiklist.is\/en\/wp-json\/wp\/v2\/media?parent=39783"}],"wp:term":[{"taxonomy":"category","embeddable":true,"href":"https:\/\/leiklist.is\/en\/wp-json\/wp\/v2\/categories?post=39783"},{"taxonomy":"post_tag","embeddable":true,"href":"https:\/\/leiklist.is\/en\/wp-json\/wp\/v2\/tags?post=39783"}],"curies":[{"name":"wp","href":"https:\/\/api.w.org\/{rel}","templated":true}]}}