{"id":397,"date":"2005-11-03T00:17:38","date_gmt":"2005-11-03T00:17:38","guid":{"rendered":"http:\/\/wp.leiklist.is\/?p=397"},"modified":"2005-11-03T00:17:38","modified_gmt":"2005-11-03T00:17:38","slug":"fot-rumsgu","status":"publish","type":"post","link":"https:\/\/leiklist.is\/en\/fot-rumsgu\/","title":{"rendered":"F\u00f3tbrot \u00e1 frums\u00fdningu"},"content":{"rendered":"<p>\u00c1 frums\u00fdningu Leikf&eacute;lags Sau&eth;\u00e1rkr\u00f3ks&#8230; <!--more--> <img loading=\"lazy\" decoding=\"async\" src=\"http:\/\/www.leiklist.is\/10\/images\/stories\/Adildarfelog\/Nordur\/Saudarkrokur\/fraenkur.jpg\" width=\"200\" height=\"150\" style=\"float: right;\" hspace=\"6\" alt=\"Image\" title=\"Image\" border=\"0\" \/>\u00c1 frums\u00fdningu Leikf&eacute;lags Sau&eth;\u00e1rkr\u00f3ks \u00e1 Jens og risaferskjan sl. f&ouml;studag var&eth; ein leikkonan, Rakel R&ouml;gnvaldsd\u00f3ttir fyrir &thorn;v\u00ed \u00f3l\u00e1ni a&eth; br\u00e1ka svo illa \u00e1 s&eacute;r annan f\u00f3tinn a&eth; afl\u00fdsa &thorn;urfti &thorn;remur s\u00fdningum sem vera \u00e1ttu &thorn;\u00e1 um helgina. A&eth; mati l&aelig;knis ver&eth;ur h\u00fan &thorn;\u00f3 or&eth;in n\u00f3gu g\u00f3&eth; til a&eth; leika um n&aelig;stu helgi og &aelig;tti ekki a&eth; koma a&eth; s&ouml;k &thorn;\u00f3 a&eth; pers\u00f3nan hennar (Bry&eth;ja, hin andstyggilega fr&aelig;nka s&ouml;guhetjunnar Jens) &thorn;urfi a&eth; sty&eth;jast vi&eth; staf.<\/p>\n<p> \u00d3happi&eth; \u00e1tti s&eacute;r sta&eth; fyrir hl&eacute; eftir Bry&eth;ja haf&eth;i \u00e1samt systur sinni Breddu af gefnu tilefni veri&eth; kramin af risaferskjunni en samt sem \u00e1&eth;ur \u00e1tti Rakel eftir a&eth; sinna nokkrum baksvi&eth;sverkum auk &thorn;ess a&eth; dansa og syngja lokas&ouml;ng leikritsins sem h\u00fan ger&eth;i \u00ed gegnum s\u00e1rsaukan \u00e1n &thorn;ess a&eth; \u00e1horfendur yr&eth;u nokkurs varir. &THORN;etta ver&eth;ur hins vegar l\u00edklega \u00ed s\u00ed&eth;asta skipti sem eiginma&eth;ur hennar segir &bdquo;break a leg&ldquo; fyrir frums\u00fdningu.<\/p>\n<p> Tveimur s\u00fdningum hefur veri&eth; b&aelig;tt vi&eth; \u00ed sta&eth; &thorn;eirra sem fella &thorn;urfti ni&eth;ur. &THORN;&aelig;r ver&eth;a mi&eth;vikudaginn 16. n\u00f3vember kl. 18:00 og sunnudaginn 20. n\u00f3vember kl. 17:00. S\u00fdnt er \u00ed Bifr&ouml;st og mi&eth;aver&eth; er 1.500 kr.<\/p>","protected":false},"excerpt":{"rendered":"<p>\u00c1 frums\u00fdningu Leikf&eacute;lags Sau&eth;\u00e1rkr\u00f3ks&#8230;<\/p>","protected":false},"author":3,"featured_media":0,"comment_status":"open","ping_status":"open","sticky":false,"template":"","format":"standard","meta":{"_et_pb_use_builder":"","_et_pb_old_content":"","_et_gb_content_width":"","footnotes":""},"categories":[187],"tags":[],"class_list":["post-397","post","type-post","status-publish","format-standard","hentry","category-allar-frir","et-doesnt-have-format-content","et_post_format-et-post-format-standard"],"_links":{"self":[{"href":"https:\/\/leiklist.is\/en\/wp-json\/wp\/v2\/posts\/397","targetHints":{"allow":["GET"]}}],"collection":[{"href":"https:\/\/leiklist.is\/en\/wp-json\/wp\/v2\/posts"}],"about":[{"href":"https:\/\/leiklist.is\/en\/wp-json\/wp\/v2\/types\/post"}],"author":[{"embeddable":true,"href":"https:\/\/leiklist.is\/en\/wp-json\/wp\/v2\/users\/3"}],"replies":[{"embeddable":true,"href":"https:\/\/leiklist.is\/en\/wp-json\/wp\/v2\/comments?post=397"}],"version-history":[{"count":0,"href":"https:\/\/leiklist.is\/en\/wp-json\/wp\/v2\/posts\/397\/revisions"}],"wp:attachment":[{"href":"https:\/\/leiklist.is\/en\/wp-json\/wp\/v2\/media?parent=397"}],"wp:term":[{"taxonomy":"category","embeddable":true,"href":"https:\/\/leiklist.is\/en\/wp-json\/wp\/v2\/categories?post=397"},{"taxonomy":"post_tag","embeddable":true,"href":"https:\/\/leiklist.is\/en\/wp-json\/wp\/v2\/tags?post=397"}],"curies":[{"name":"wp","href":"https:\/\/api.w.org\/{rel}","templated":true}]}}