{"id":3967,"date":"2012-11-05T09:16:11","date_gmt":"2012-11-05T09:16:11","guid":{"rendered":"http:\/\/wp.leiklist.is\/?p=3967"},"modified":"2012-11-05T09:16:11","modified_gmt":"2012-11-05T09:16:11","slug":"gamli-maeurinn-a-fjalirnar-ae-nyju","status":"publish","type":"post","link":"https:\/\/leiklist.is\/en\/gamli-maeurinn-a-fjalirnar-ae-nyju\/","title":{"rendered":"Gamli ma\u00f0urinn \u00e1 fjalirnar a\u00f0 n\u00fdju"},"content":{"rendered":"<p>Br\u00fa\u00f0uheimar me\u00f0 Bernd Ogrodnik br\u00fa\u00f0ulistamann \u00ed fararbroddi, settu upp s\u00fdninguna Gamli ma\u00f0urinn og hafi\u00f0 \u00e1 Listah\u00e1t\u00ed\u00f0 \u00ed vor \u00ed samvinnu vi\u00f0 \u00dej\u00f3\u00f0leikh\u00fasi\u00f0. S\u00fdningin f\u00e9kk fr\u00e1b\u00e6rar vi\u00f0t\u00f6kur og var s\u00fdningum h\u00e6tt fyrir fullu h\u00fasi \u00ed sumarbyrjun. En n\u00fa er Bernd m\u00e6ttur heim til \u00cdslands til a\u00f0 f\u00e6ra Gamla manninn og hafi\u00f0 upp a\u00f0 n\u00fdju \u00ed \u00dej\u00f3\u00f0leikh\u00fasinu og gefst n\u00fa f\u00f3lki t\u00e6kif\u00e6ri \u00e1 a\u00f0 bera \u00feennan gullmola augum. Fyrstu s\u00fdningar fara fram \u00feann 7. og 8. n\u00f3vember og a\u00f0eins ver\u00f0ur um takmarka\u00f0an s\u00fdningarfj\u00f6lda er a\u00f0 r\u00e6\u00f0a.<\/p>\n<p>  <!--more-->  \u00c1 \u00feeim t\u00edma sem fr\u00e1 er li\u00f0inn hefur margt drifi\u00f0 \u00e1 daga Bernds br\u00fa\u00f0ulistamanns. Hann hefur dvali\u00f0 a\u00f0 mestu vestur \u00ed Kanada \u00fear sem hann frums\u00fdndi P\u00e9tur og \u00falfinn \u00e1 ensku fyrir vesturfara og a\u00f0ra vestanmenn. Kanadab\u00faar voru ekki s\u00ed\u00f0ur hrifnir af \u00feessari einst\u00f6ku og fallegu s\u00fdningu en \u00cdslendingar hafa veri\u00f0 og eru enn. N\u00fdlega s\u00fdndi Bernd s\u00f6mu s\u00fdningu \u00ed samvinnu vi\u00f0 Sinf\u00f3n\u00eduhlj\u00f3msveit \u00cdslands \u00ed Eldborgarsal H\u00f6rpu fyrir fullu h\u00fasi af \u00e1n\u00e6g\u00f0um b\u00f6rnum, foreldrum og \u00f6\u00f0rum vandam\u00f6nnum.<\/p>\n<p>Bernd hefur einnig hafi\u00f0 samstarf vi\u00f0 \u00d3peruna \u00ed Vancouver \u00ed Kanada, en \u00fear er unni\u00f0 a\u00f0 uppsetningu T\u00f6fraflautunnar eftir Amadeus Mozart \u00e1 vorm\u00e1nu\u00f0um og mun Bernd vinna br\u00fa\u00f0ur fyrir \u00f3peruuppf\u00e6rsluna. \u00deetta \u00e1 einstaklega skemmtilega vi\u00f0 \u00fear sem Bernd sm\u00ed\u00f0a\u00f0i einnig br\u00fa\u00f0urnar sem voru nota\u00f0ar \u00ed uppf\u00e6rslu \u00cdslensku \u00d3perunnar \u00e1 T\u00f6fraflautunni \u00e1 s\u00ed\u00f0asta \u00e1ri en T\u00f6fraflautan var fyrsta verk \u00d3perunnar \u00ed n\u00fdjum heimkynnum s\u00ednum \u00ed T\u00f3nlistarh\u00fasinu H\u00f6rpu.<\/p>\n<p>Samhli\u00f0a s\u00fdningunni ver\u00f0ur lj\u00f3smyndas\u00fdningin \u201eGamli ma\u00f0urinn, fr\u00e1 upphafi til enda\u201c sett upp \u00ed forsal K\u00falunnar \u00fear sem s\u00fdningin fer fram. Myndirnar t\u00f3k \u00deorkell \u00deorkelsson lj\u00f3smyndari, allt fr\u00e1 \u00fev\u00ed a\u00f0 hugmyndin kvikna\u00f0i hj\u00e1 Bernd um a\u00f0 setja upp \u00feessa s\u00fdningu eftir s\u00f6gu meistarans Ernest Hemingway og \u00fear til s\u00fdningin var frums\u00fdnd s\u00ed\u00f0astli\u00f0i\u00f0 vor. <\/p>\n<p>\u00a0<\/p>","protected":false},"excerpt":{"rendered":"<p>Br\u00fa\u00f0uheimar me\u00f0 Bernd Ogrodnik br\u00fa\u00f0ulistamann \u00ed fararbroddi, settu upp s\u00fdninguna Gamli ma\u00f0urinn og hafi\u00f0 \u00e1 Listah\u00e1t\u00ed\u00f0 \u00ed vor \u00ed samvinnu vi\u00f0 \u00dej\u00f3\u00f0leikh\u00fasi\u00f0. S\u00fdningin f\u00e9kk fr\u00e1b\u00e6rar vi\u00f0t\u00f6kur og var s\u00fdningum h\u00e6tt fyrir fullu h\u00fasi \u00ed sumarbyrjun. En n\u00fa er Bernd m\u00e6ttur heim til \u00cdslands til a\u00f0 f\u00e6ra Gamla manninn og hafi\u00f0 upp a\u00f0 n\u00fdju \u00ed \u00dej\u00f3\u00f0leikh\u00fasinu [&hellip;]<\/p>\n","protected":false},"author":3,"featured_media":3792,"comment_status":"open","ping_status":"open","sticky":false,"template":"","format":"standard","meta":{"_et_pb_use_builder":"","_et_pb_old_content":"","_et_gb_content_width":"","footnotes":""},"categories":[187],"tags":[],"class_list":["post-3967","post","type-post","status-publish","format-standard","has-post-thumbnail","hentry","category-allar-frir","et-has-post-format-content","et_post_format-et-post-format-standard"],"_links":{"self":[{"href":"https:\/\/leiklist.is\/en\/wp-json\/wp\/v2\/posts\/3967","targetHints":{"allow":["GET"]}}],"collection":[{"href":"https:\/\/leiklist.is\/en\/wp-json\/wp\/v2\/posts"}],"about":[{"href":"https:\/\/leiklist.is\/en\/wp-json\/wp\/v2\/types\/post"}],"author":[{"embeddable":true,"href":"https:\/\/leiklist.is\/en\/wp-json\/wp\/v2\/users\/3"}],"replies":[{"embeddable":true,"href":"https:\/\/leiklist.is\/en\/wp-json\/wp\/v2\/comments?post=3967"}],"version-history":[{"count":0,"href":"https:\/\/leiklist.is\/en\/wp-json\/wp\/v2\/posts\/3967\/revisions"}],"wp:featuredmedia":[{"embeddable":true,"href":"https:\/\/leiklist.is\/en\/wp-json\/wp\/v2\/media\/3792"}],"wp:attachment":[{"href":"https:\/\/leiklist.is\/en\/wp-json\/wp\/v2\/media?parent=3967"}],"wp:term":[{"taxonomy":"category","embeddable":true,"href":"https:\/\/leiklist.is\/en\/wp-json\/wp\/v2\/categories?post=3967"},{"taxonomy":"post_tag","embeddable":true,"href":"https:\/\/leiklist.is\/en\/wp-json\/wp\/v2\/tags?post=3967"}],"curies":[{"name":"wp","href":"https:\/\/api.w.org\/{rel}","templated":true}]}}