{"id":39603,"date":"2023-11-29T16:12:25","date_gmt":"2023-11-29T16:12:25","guid":{"rendered":"https:\/\/leiklist.is\/?p=39603"},"modified":"2024-02-16T09:11:48","modified_gmt":"2024-02-16T09:11:48","slug":"brodir-minn-ljonshjarta-hja-leikfelagi-horgdaela","status":"publish","type":"post","link":"https:\/\/leiklist.is\/en\/brodir-minn-ljonshjarta-hja-leikfelagi-horgdaela\/","title":{"rendered":"Br\u00f3\u00f0ir minn Lj\u00f3nshjarta hj\u00e1 Leikf\u00e9lagi H\u00f6rgd\u00e6la"},"content":{"rendered":"<div class=\"page\" title=\"Page 1\">\n<div class=\"section\">\n<div class=\"layoutArea\">\n<div class=\"column\">\n<p>Leikfe\u0301lag Ho\u0308rgd\u00e6la hefur a\u0301kve\u00f0i\u00f0 a\u00f0 setja upp leikriti\u00f0 Bro\u0301\u00f0ur minn Ljo\u0301nshjarta i\u0301 leikstjo\u0301rn Kolbru\u0301nar Lilju Gu\u00f0nado\u0301ttur og stefnt er a\u00f0 \u00fevi\u0301 a\u00f0 frumsy\u0301na i\u0301 mars. Leikfe\u0301lagi\u00f0 \u00e6tlar a\u00f0 vera me\u00f0 vinnustofur fyrir Bro\u0301\u00f0ur minn Ljo\u0301nshjarta. Vinnustofurnar munu fara fram fimmtudaginn 30. no\u0301vember fra\u0301 kl. 20:00 fyrir allan aldur og si\u0301\u00f0an sunnudaginn 3. desember fra\u0301 15:00-18:00 sem eru \u00e6tla\u00f0ar eru fyrir 10-16 a\u0301ra. Skra\u0301ning i\u0301 vinnustofurnar fara fram a\u0301 heimasi\u0301\u00f0u leikfe\u0301lagsins, <a href=\"http:\/\/leikhorg.is\">leikhorg.is<\/a>.<\/p>\n<p>\u00dea\u00f0 hefur lengi veri\u00f0 a\u0301hugi fyrir \u00fevi\u0301 innan fe\u0301lagsins a\u00f0 setja \u00feetta verk upp og nu\u0301 er loksins komi\u00f0 a\u00f0 \u00fevi\u0301. Bro\u0301\u00f0ir minn Ljo\u0301nshjarta er eftir Astrid Lindgren. Astrid er einn \u00feekktasti barnabo\u0301kaho\u0308fund heims en hennar \u00feekktustu verk eru b\u00e6kurnar um Li\u0301nu langsokk, Emil i\u0301 Kattholti, Ronju r\u00e6ningjado\u0301ttur og Kalla a\u0301 \u00feakinu. Sagan segir fra\u0301 br\u00e6\u00f0runum Karli og Jo\u0301natan sem hittast aftur, eftir stutta jar\u00f0neska dvo\u0308l, i\u0301 landinu Nangijala, \u00fear sem so\u0308gur eru sag\u00f0ar vi\u00f0 var\u00f0eldana. Li\u0301fi\u00f0 i\u0301 Kirsuberjadal mo\u0301tast af grimma Riddaranum \u00deengli, sem a\u0301samt eldspu\u0301andi drekanum Ko\u0308tlu r\u00e6\u00f0ur \u00fear ri\u0301kjum og valda \u00feau skelfingu hvar sem \u00feau koma. Karl og Jo\u0301natan, sem kalla\u00f0ir eru br\u00e6\u00f0urnir Ljo\u0301nshjarta, a\u0301kve\u00f0a a\u00f0 berjast vi\u00f0 hinn grimma \u00deengil og svartkl\u00e6ddu Riddarana hans.<\/p>\n<p>Leikfe\u0301lag Ho\u0308rgd\u00e6la sy\u0301nir a\u0301vallt si\u0301nar sy\u0301ningar i\u0301 fe\u0301lagsheimilinu Melum i\u0301 Ho\u0308rga\u0301rsveit. I\u0301 vetur ver\u00f0ur engin breyting a\u0301 \u00fevi\u0301.<br \/>\n\u201eVi\u00f0 erum alveg o\u0301tru\u0301lega spennt fyrir \u00feessari uppf\u00e6rslu og mikill hugur i\u0301 fo\u0301lki. Si\u0301\u00f0ustu tvo\u0308 a\u0301r eftir Covid ho\u0308fum vi\u00f0 sett upp tv\u00e6r fra\u0301b\u00e6rar sy\u0301ningar, I\u0301 fylgd me\u00f0 fullor\u00f0num og Stelpuhelgi og vi\u00f0to\u0308kurnar vi\u00f0 \u00feeim voru hreint u\u0301t sagt fra\u0301b\u00e6rar. Vonandi ho\u0308ldum vi\u00f0 a\u0301fram a\u0301 \u00feeim no\u0301tum me\u00f0 \u00feessari sy\u0301ningu.\u201c segir Fanney Valsdo\u0301ttir forma\u00f0ur leikfe\u0301lagsins.<\/p>\n<p>Kolbru\u0301n Lilja Gu\u00f0nado\u0301ttir mun leiksty\u0301ra verkinu en hu\u0301n hefur mikla reynslu u\u0301r leiklistarheiminum og leiksty\u0301r\u00f0i Fo\u0301lkinu i\u0301 blokkinni hja\u0301 Freyvangsleikhu\u0301sinu si\u0301\u00f0asta vetur. \u00deetta er i\u0301 fyrsta skipti sem hu\u0301n leiksty\u0301rir hja\u0301 Leikfe\u0301lagi Ho\u0308rgd\u00e6la en \u00feo\u0301 ekki i\u0301 fyrsta skipti sem hu\u0301n kemur a\u0301 Mela \u00fear sem hu\u0301n le\u0301k i\u0301 Gauragangi a\u0301ri\u00f0 2019. \u201e\u00deetta er o\u0301neitanlega mikil a\u0301skorun, e\u0301g hef alveg si\u0301\u00f0an e\u0301g fo\u0301r fyrst i\u0301 leikhu\u0301s a\u0301 Bro\u0301\u00f0ir minn Ljo\u0301nshjarta a\u0301ri\u00f0 1998 veri\u00f0 o\u0301tru\u0301lega hrifin af \u00feessu verki. E\u0301g le\u0301k i\u0301 \u00fevi\u0301 a\u0301ri\u00f0 2014 og er nu\u0301 a\u00f0 leiksty\u0301ra \u00fevi\u0301 og spenningurinn er mikill\u201c segir leikstjo\u0301rinn Kolbru\u0301n Lilja.<\/p>\n<p>&nbsp;<\/p>\n<\/div>\n<\/div>\n<\/div>\n<\/div>","protected":false},"excerpt":{"rendered":"<p>Leikfe\u0301lag Ho\u0308rgd\u00e6la hefur a\u0301kve\u00f0i\u00f0 a\u00f0 setja upp leikriti\u00f0 Bro\u0301\u00f0ur minn Ljo\u0301nshjarta i\u0301 leikstjo\u0301rn Kolbru\u0301nar Lilju Gu\u00f0nado\u0301ttur og stefnt er a\u00f0 \u00fevi\u0301 a\u00f0 frumsy\u0301na i\u0301 mars. Leikfe\u0301lagi\u00f0 \u00e6tlar a\u00f0 vera me\u00f0 vinnustofur fyrir Bro\u0301\u00f0ur minn Ljo\u0301nshjarta. Vinnustofurnar munu fara fram fimmtudaginn 30. no\u0301vember fra\u0301 kl. 20:00 fyrir allan aldur og si\u0301\u00f0an sunnudaginn 3. desember fra\u0301 15:00-18:00 [&hellip;]<\/p>\n","protected":false},"author":3,"featured_media":39604,"comment_status":"closed","ping_status":"closed","sticky":false,"template":"","format":"standard","meta":{"_et_pb_use_builder":"","_et_pb_old_content":"","_et_gb_content_width":"","footnotes":""},"categories":[187],"tags":[],"class_list":["post-39603","post","type-post","status-publish","format-standard","has-post-thumbnail","hentry","category-allar-frir","et-has-post-format-content","et_post_format-et-post-format-standard"],"_links":{"self":[{"href":"https:\/\/leiklist.is\/en\/wp-json\/wp\/v2\/posts\/39603","targetHints":{"allow":["GET"]}}],"collection":[{"href":"https:\/\/leiklist.is\/en\/wp-json\/wp\/v2\/posts"}],"about":[{"href":"https:\/\/leiklist.is\/en\/wp-json\/wp\/v2\/types\/post"}],"author":[{"embeddable":true,"href":"https:\/\/leiklist.is\/en\/wp-json\/wp\/v2\/users\/3"}],"replies":[{"embeddable":true,"href":"https:\/\/leiklist.is\/en\/wp-json\/wp\/v2\/comments?post=39603"}],"version-history":[{"count":0,"href":"https:\/\/leiklist.is\/en\/wp-json\/wp\/v2\/posts\/39603\/revisions"}],"wp:featuredmedia":[{"embeddable":true,"href":"https:\/\/leiklist.is\/en\/wp-json\/wp\/v2\/media\/39604"}],"wp:attachment":[{"href":"https:\/\/leiklist.is\/en\/wp-json\/wp\/v2\/media?parent=39603"}],"wp:term":[{"taxonomy":"category","embeddable":true,"href":"https:\/\/leiklist.is\/en\/wp-json\/wp\/v2\/categories?post=39603"},{"taxonomy":"post_tag","embeddable":true,"href":"https:\/\/leiklist.is\/en\/wp-json\/wp\/v2\/tags?post=39603"}],"curies":[{"name":"wp","href":"https:\/\/api.w.org\/{rel}","templated":true}]}}