{"id":39465,"date":"2023-10-30T19:02:57","date_gmt":"2023-10-30T19:02:57","guid":{"rendered":"https:\/\/leiklist.is\/?p=39465"},"modified":"2023-11-16T13:37:45","modified_gmt":"2023-11-16T13:37:45","slug":"rui-og-stui-i-tungunum","status":"publish","type":"post","link":"https:\/\/leiklist.is\/en\/rui-og-stui-i-tungunum\/","title":{"rendered":"R\u00fai og St\u00fai \u00ed Tungunum"},"content":{"rendered":"<p>Laugardaginn 21. okt\u00f3ber sl. frums\u00fdndi Leikdeild Ungmennaf\u00e9lags Biskupstungna barna og fj\u00f6lskylduleikriti\u00f0 R\u00daI og ST\u00daI eftir \u00fe\u00e1 Sk\u00fala R\u00fanar Hilmarsson og \u00d6rn Alexandersson \u00ed leikstj\u00f3rn \u00d3lafs Jens Sigur\u00f0arsonar.<\/p>\n<p>\u00deetta er \u00f6flug fj\u00f6lskyldus\u00fdning sem h\u00f6f\u00f0ar til allra aldursh\u00f3pa og heldur athygli allan t\u00edmann, sem er galdur barnas\u00fdninga!<\/p>\n<p>\u00c9g var m\u00e6ttur \u00e1 frums\u00fdninguna. \u00dea\u00f0 er alltaf s\u00e9rst\u00f6k stemning \u00e1 frums\u00fdningum. Spenna og eftirv\u00e6nting \u00ed loftinu og \u00e1horfendah\u00f3purinn oftar en ekki tengdur s\u00fdningarh\u00f3pnum meira en a\u00f0rir \u00e1horfendah\u00f3par. \u00deetta \u00fe\u00fdddi a\u00f0 \u00e1horfendah\u00f3purinn var verulega blanda\u00f0ur \u00f6llum aldursh\u00f3pum.<\/p>\n<p>Um lei\u00f0 og s\u00fdningin h\u00f3fst var athyglin vakin. S\u00f6gusvi\u00f0i\u00f0 er l\u00edti\u00f0 samf\u00e9lag me\u00f0 \u00f3tr\u00falega skemmtilegum einstaklingum sem hver sinnir s\u00ednu hlutverki \u00ed samf\u00e9laginu af krafti.<span class=\"Apple-converted-space\">\u00a0<\/span><\/p>\n<p>S\u00fdningin hefst \u00e1 \u00f6rl\u00edtlum \u00edb\u00faafundi \u00fear sem sveitarstj\u00f3rinn tilkynnir n\u00fdjustu<span class=\"Apple-converted-space\">\u00a0 <\/span>breytingar \u00ed samf\u00e9laginu. \u00dear me\u00f0 er sett \u00ed gang atbur\u00f0ar\u00e1s sem vindur upp \u00e1 sig og lei\u00f0ir verki\u00f0 \u00e1fram.<\/p>\n<p>Leikgle\u00f0in og krafturinn sem er \u00ed \u00feessum leikh\u00f3p umvefur salinn um lei\u00f0 og s\u00fdningin hefst. \u00deetta er \u00f6flugur kjarni sem \u00fearna er og heldur uppi \u00f6flugu starfi \u00e1hugaleiklistarinnar sem er d\u00fdrm\u00e6t \u00ed \u00f6llum samf\u00e9l\u00f6gum.<\/p>\n<p>R\u00fai og St\u00fai eru \u00ed h\u00f6ndum Run\u00f3lfs og Sigurj\u00f3ns. \u00deeir eru n\u00e1nast allan t\u00edmann \u00e1 svi\u00f0inu og krafturinn og einbeitingin \u00ed \u00feeim f\u00e9l\u00f6gum er \u00f3tr\u00faleg. \u00dea\u00f0 er alltaf au\u00f0velt a\u00f0 ofleika sl\u00edka karaktera en \u00feeir \u00fer\u00e6\u00f0a \u00feetta af stakri snilld og lj\u00e1 \u00feessum<span class=\"Apple-converted-space\">\u00a0 <\/span>pers\u00f3num hl\u00fdleika og einl\u00e6gni. Kraftmiklir og alltaf \u00e1 fer\u00f0 og flugi.<\/p>\n<p>Bergsteinn er leikinn af Eyr\u00fanu \u00d3sk. Bergsteinn er \u00f3tr\u00falega undirgefinn pers\u00f3na og er a\u00f0sto\u00f0arma\u00f0ur sveitastj\u00f3rans. Eyr\u00fanu t\u00f3kst a\u00f0 vekja<span class=\"Apple-converted-space\">\u00a0 <\/span>sam\u00fa\u00f0 me\u00f0<span class=\"Apple-converted-space\">\u00a0 <\/span>Bergsteini og s\u00fdna \u00f3\u00f6ryggi og kv\u00ed\u00f0a og anna\u00f0 sem hrj\u00e1\u00f0i \u00feennan undirgefna emb\u00e6ttismann. Vi\u00f0kv\u00e6m og g\u00f3\u00f0 t\u00falkun.<\/p>\n<p>\u00cdris Blandon leikur pr\u00f3fessorinn. Afar vi\u00f0kv\u00e6m pers\u00f3na, utan vi\u00f0 sig, hefur s\u00edna s\u00fdn \u00e1 samf\u00e9lagi\u00f0 og breytir henni ekki. \u00cdris fer mj\u00f6g vel me\u00f0 \u00feetta hlutverk og heldur s\u00e9rst\u00f6kum karktereinkennum pr\u00f3fessorsins allan t\u00edmann og skapar skemmtilega pers\u00f3nu.<\/p>\n<p>Hannes \u00d6rn Blandon leikur sveitarstj\u00f3rann sem r\u00e6\u00f0ur \u00f6llu og heldur \u00f6llum \u00fer\u00e1\u00f0um \u00ed hendi s\u00e9r. Sveitrstj\u00f3rinn er afar lifandi \u00ed h\u00f6ndum Hannesar sem n\u00e6r a\u00f0 s\u00fdna yfirl\u00e6ti hans og sm\u00e1 hroka \u00ed t\u00falkun sinni.<\/p>\n<p>Hlutverk kr\u00e1kunnar er \u00ed h\u00f6ndum Kristr\u00fanar. H\u00fan s\u00fdnir \u00f3tr\u00falega m\u00fdkt og aga \u00ed hreyfingum kr\u00e1kunnar. H\u00fan sv\u00edfur hlj\u00f3\u00f0laust um svi\u00f0i\u00f0 og kr\u00e1kan er n\u00e1nast raunveruleg. Kr\u00e1kan er verulega virk \u00ed atbur\u00f0arr\u00e1sinni og birtist \u00e1 \u00f6gurstundum \u00ed atbur\u00f0arr\u00e1sinni.<\/p>\n<p>Bergur Tj\u00f6rfi leikur \u00fej\u00f3finn. \u00deetta er vandme\u00f0fari\u00f0 hlutverk sem Bergur skilar af s\u00e9r af fagmennsku. Hann var \u00f6ruggur \u00ed<span class=\"Apple-converted-space\">\u00a0 <\/span>t\u00falkun sinni og gaman a\u00f0 sj\u00e1 \u00feennan unga leikara \u00e1 svi\u00f0inu.<span class=\"Apple-converted-space\">\u00a0<\/span><\/p>\n<p>Mar\u00eda D\u00f6gg leikur Hallger\u00f0i, eiginkonu Bergsteins og n\u00e6r vel a\u00f0 t\u00falka st\u00f6\u00f0u hennar \u00ed \u00feessu litla samf\u00e9lagi. Skemmtileg pers\u00f3nusk\u00f6pun.<\/p>\n<p>A\u00f0alhei\u00f0ur fer vel me\u00f0 hlutverk sjoppustelpunnar sem t\u00e6tir \u00ed sig s\u00e6lg\u00e6ti\u00f0 af \u00e1fergju.<\/p>\n<p>Frumsamin t\u00f3nlist Stef\u00e1ns \u00deorleifssonar kemur skemmtilega inn \u00ed s\u00fdninguna og litar hana.<\/p>\n<p>\u00dear sem s\u00fdningin sn\u00fdst um v\u00e9l \u00feeirra R\u00faa og St\u00faa er h\u00fan leikmyndin \u00ed s\u00fdningunni. Mj\u00f6g skemmtilega ger\u00f0 og samanstendur af m\u00f6rgum skemmtilegum h\u00f3lfum og t\u00f6kkum og sveifum sem vekja athygli \u00e1horfenda. L\u00fdsing og hlj\u00f3\u00f0 \u00ed g\u00f3\u00f0um h\u00f6ndum Unnar Malin.<\/p>\n<p>Leikstj\u00f3ranum \u00d3lafi Jens tekst vel a\u00f0 virkja orku leikh\u00f3psins og setja \u00e1 svi\u00f0 \u00f6fluga s\u00fdningu. Hann \u00feekkir \u00feennan h\u00f3p, hefur starfa\u00f0 me\u00f0 honum \u00e1\u00f0ur.<\/p>\n<p>\u00c9g skemmti m\u00e9r vel \u00e1 \u00feessari \u00f6flugu s\u00fdningu. \u00c9g ber mikla vir\u00f0ingu fyrir \u00fev\u00ed f\u00f3lki sem heldur uppi \u00f6flugu \u00e1hugaleiklistarstarfi \u00ed s\u00ednum sveitarf\u00e9l\u00f6gum og enn og aftur k\u00e6rar \u00feakkir og gangi ykkur vel.<\/p>\n<p>Magn\u00fas J. Magn\u00fasson.<\/p>\n<p><span class=\"Apple-converted-space\">\u00a0<\/span><\/p>","protected":false},"excerpt":{"rendered":"<p>Laugardaginn 21. okt\u00f3ber sl. frums\u00fdndi Leikdeild Ungmennaf\u00e9lags Biskupstungna barna og fj\u00f6lskylduleikriti\u00f0 R\u00daI og ST\u00daI eftir \u00fe\u00e1 Sk\u00fala R\u00fanar Hilmarsson og \u00d6rn Alexandersson \u00ed leikstj\u00f3rn \u00d3lafs Jens Sigur\u00f0arsonar. \u00deetta er \u00f6flug fj\u00f6lskyldus\u00fdning sem h\u00f6f\u00f0ar til allra aldursh\u00f3pa og heldur athygli allan t\u00edmann, sem er galdur barnas\u00fdninga! \u00c9g var m\u00e6ttur \u00e1 frums\u00fdninguna. \u00dea\u00f0 er alltaf s\u00e9rst\u00f6k stemning [&hellip;]<\/p>\n","protected":false},"author":3,"featured_media":39466,"comment_status":"closed","ping_status":"closed","sticky":false,"template":"","format":"standard","meta":{"_et_pb_use_builder":"","_et_pb_old_content":"","_et_gb_content_width":"","footnotes":""},"categories":[186],"tags":[],"class_list":["post-39465","post","type-post","status-publish","format-standard","has-post-thumbnail","hentry","category-gagnrdinn","et-has-post-format-content","et_post_format-et-post-format-standard"],"_links":{"self":[{"href":"https:\/\/leiklist.is\/en\/wp-json\/wp\/v2\/posts\/39465","targetHints":{"allow":["GET"]}}],"collection":[{"href":"https:\/\/leiklist.is\/en\/wp-json\/wp\/v2\/posts"}],"about":[{"href":"https:\/\/leiklist.is\/en\/wp-json\/wp\/v2\/types\/post"}],"author":[{"embeddable":true,"href":"https:\/\/leiklist.is\/en\/wp-json\/wp\/v2\/users\/3"}],"replies":[{"embeddable":true,"href":"https:\/\/leiklist.is\/en\/wp-json\/wp\/v2\/comments?post=39465"}],"version-history":[{"count":0,"href":"https:\/\/leiklist.is\/en\/wp-json\/wp\/v2\/posts\/39465\/revisions"}],"wp:featuredmedia":[{"embeddable":true,"href":"https:\/\/leiklist.is\/en\/wp-json\/wp\/v2\/media\/39466"}],"wp:attachment":[{"href":"https:\/\/leiklist.is\/en\/wp-json\/wp\/v2\/media?parent=39465"}],"wp:term":[{"taxonomy":"category","embeddable":true,"href":"https:\/\/leiklist.is\/en\/wp-json\/wp\/v2\/categories?post=39465"},{"taxonomy":"post_tag","embeddable":true,"href":"https:\/\/leiklist.is\/en\/wp-json\/wp\/v2\/tags?post=39465"}],"curies":[{"name":"wp","href":"https:\/\/api.w.org\/{rel}","templated":true}]}}