{"id":3945,"date":"2012-10-15T10:41:27","date_gmt":"2012-10-15T10:41:27","guid":{"rendered":"http:\/\/wp.leiklist.is\/?p=3945"},"modified":"2012-10-15T10:41:27","modified_gmt":"2012-10-15T10:41:27","slug":"lifie-i-landinu-tjoearsoegur-a-dalvik","status":"publish","type":"post","link":"https:\/\/leiklist.is\/en\/lifie-i-landinu-tjoearsoegur-a-dalvik\/","title":{"rendered":"L\u00edfi\u00f0 \u00ed landinu &#8211; \u00fej\u00f3\u00f0ars\u00f6gur \u00e1 Dalv\u00edk"},"content":{"rendered":"<p \/>Leiklistarh\u00f3pur unglingadeildar Dalv\u00edkursk\u00f3la frums\u00fdnir n\u00fdtt leikverk mi\u00f0vikudaginn 24. okt\u00f3ber n\u00e6stkomandi \u00ed Ung\u00f3. Nefnist \u00fea\u00f0 verk L\u00edfi\u00f0 \u00ed landinu &#8211; \u00fej\u00f3\u00f0ars\u00f6gur. H\u00f6fundar eru Arnar S\u00edmonarson, sem jafnframt leikst\u00fdrir, og leikh\u00f3purinn. Dalv\u00edkursk\u00f3li og Leikf\u00e9lag Dalv\u00edkur eru n\u00fa enn og aftur \u00ed samstarfi \u00ed tengslum vi\u00f0 leiklistarvinnu me\u00f0 unglingum \u00ed Dalv\u00edkurbygg\u00f0. Er \u00feetta \u00e1ttunda \u00e1ri\u00f0 sem samstarf af \u00feessu tagi er teki\u00f0 upp.  <!--more-->  <\/p>\n<p>Arnar segir a\u00f0 verki\u00f0 s\u00e9 unni\u00f0 \u00fat fr\u00e1 skapandi hugmyndavinnu. Nemendur vinna eftir handriti sem er \u00ed st\u00f6\u00f0ugri endursko\u00f0un og till\u00f6gur \u00feeirra eru teknar til greina um \u00fatf\u00e6rslur og breytingar, ef \u00feurfa \u00feykir. Verki\u00f0 fjallar um okkur sem \u00fej\u00f3\u00f0, einkenni okkar og s\u00e9rst\u00f6\u00f0u og fari\u00f0 er fram og aftur \u00ed t\u00edma og r\u00fami. Verki\u00f0 er fj\u00f6rugt og skemmtilegt og h\u00e6fir \u00f6llum aldursh\u00f3pum. Arnar segir a\u00f0 nemendah\u00f3purinn s\u00e9 almennt \u00e1hugasamur og s\u00fdni mikinn dugna\u00f0.<\/p>\n<p>Leiklist er kennd sem valgrein \u00ed 8.,9. og 10. bekk \u00ed Dalv\u00edkursk\u00f3la og hvorki fleiri n\u00e9 f\u00e6rri 40 nemendur s\u00e6kja \u00feessa faggrein \u00ed vetur. Alls koma a\u00f0 uppf\u00e6rslunni a\u00f0 \u00feessu sinni um 46 ungmenni. \u00a0<br \/>Lei\u00f0beinandi leikh\u00f3psins og leikstj\u00f3ri uppf\u00e6rslunnar er Arnar S\u00edmonarson, kennari og samf\u00e9lags\u00fej\u00e1lfi.<br \/>\u00c6ft er s\u00ed\u00f0degis og \u00e1 kv\u00f6ldin alla virka daga. \u00c6fingar hafa sta\u00f0i\u00f0 yfir fr\u00e1 \u00ed byrjun september. Leikf\u00e9lag Dalv\u00edkur leggur fram \u00e6fingarh\u00fasn\u00e6\u00f0i til afnota \u00ed 6 vikur fyrir \u00feessa vinnu, endurgjaldslaust og f\u00e9lagsmenn, auk foreldra nemenda a\u00f0sto\u00f0a auk \u00feess var\u00f0andi b\u00faninga, leikmuni og fleira.<\/p>\n<p>\u00c1\u00e6tla\u00f0ar eru 8 s\u00fdningar \u00e1 verkinu:<br \/>Mi\u00f0vikudagur 24. okt\u00f3ber Kl. 20.00 Frums\u00fdning<br \/>Fimmtudaginn 25. okt\u00f3ber Kl. 18.00 2 .s\u00fdning<br \/>\u00deri\u00f0judaginn 30. okt\u00f3ber Kl. 20.00 3. s\u00fdning<br \/>Mi\u00f0vikudaginn 31. okt\u00f3ber Kl. 20.00 4. s\u00fdning<br \/>Fimmtudaginn 1. n\u00f3vember Kl. 18.00 5. s\u00fdning<br \/>F\u00f6studaginn 2. n\u00f3vember Kl. 18.00 6. s\u00fdning<br \/>Laugardaginn 3. n\u00f3vember Kl. 15.00 7. S\u00fdning<br \/>Laugardaginn 3. n\u00f3vember Kl. 18.00 8. s\u00fdning<\/p>\n<p>Sk\u00fali L\u00f3renz Tryggvason s\u00e9r um lj\u00f3savinnu og hlj\u00f3\u00f0, Kristj\u00e1n Gu\u00f0mundsson og Aron \u00d3skarsson sj\u00e1 um almenna t\u00e6knivinnu og Gu\u00f0n\u00fd \u00d3lafsd\u00f3ttir hannar leikskr\u00e1. F\u00e9lagar \u00ed LD a\u00f0sto\u00f0a vi\u00f0 b\u00faninga og framkv\u00e6md \u00e1 \u00e6fingum.<\/p>\n<p>Umsj\u00f3n me\u00f0 mi\u00f0as\u00f6lu er \u00ed h\u00f6ndum Lov\u00edsu Mar\u00edu Sigurgeirsd\u00f3ttir \u00ed s\u00edma 865 3158.<\/p>","protected":false},"excerpt":{"rendered":"<p>Leiklistarh\u00f3pur unglingadeildar Dalv\u00edkursk\u00f3la frums\u00fdnir n\u00fdtt leikverk mi\u00f0vikudaginn 24. okt\u00f3ber n\u00e6stkomandi \u00ed Ung\u00f3. Nefnist \u00fea\u00f0 verk L\u00edfi\u00f0 \u00ed landinu &#8211; \u00fej\u00f3\u00f0ars\u00f6gur. H\u00f6fundar eru Arnar S\u00edmonarson, sem jafnframt leikst\u00fdrir, og leikh\u00f3purinn. Dalv\u00edkursk\u00f3li og Leikf\u00e9lag Dalv\u00edkur eru n\u00fa enn og aftur \u00ed samstarfi \u00ed tengslum vi\u00f0 leiklistarvinnu me\u00f0 unglingum \u00ed Dalv\u00edkurbygg\u00f0. Er \u00feetta \u00e1ttunda \u00e1ri\u00f0 sem samstarf af [&hellip;]<\/p>\n","protected":false},"author":3,"featured_media":3944,"comment_status":"open","ping_status":"open","sticky":false,"template":"","format":"standard","meta":{"_et_pb_use_builder":"","_et_pb_old_content":"","_et_gb_content_width":"","footnotes":""},"categories":[187],"tags":[],"class_list":["post-3945","post","type-post","status-publish","format-standard","has-post-thumbnail","hentry","category-allar-frir","et-has-post-format-content","et_post_format-et-post-format-standard"],"_links":{"self":[{"href":"https:\/\/leiklist.is\/en\/wp-json\/wp\/v2\/posts\/3945","targetHints":{"allow":["GET"]}}],"collection":[{"href":"https:\/\/leiklist.is\/en\/wp-json\/wp\/v2\/posts"}],"about":[{"href":"https:\/\/leiklist.is\/en\/wp-json\/wp\/v2\/types\/post"}],"author":[{"embeddable":true,"href":"https:\/\/leiklist.is\/en\/wp-json\/wp\/v2\/users\/3"}],"replies":[{"embeddable":true,"href":"https:\/\/leiklist.is\/en\/wp-json\/wp\/v2\/comments?post=3945"}],"version-history":[{"count":0,"href":"https:\/\/leiklist.is\/en\/wp-json\/wp\/v2\/posts\/3945\/revisions"}],"wp:featuredmedia":[{"embeddable":true,"href":"https:\/\/leiklist.is\/en\/wp-json\/wp\/v2\/media\/3944"}],"wp:attachment":[{"href":"https:\/\/leiklist.is\/en\/wp-json\/wp\/v2\/media?parent=3945"}],"wp:term":[{"taxonomy":"category","embeddable":true,"href":"https:\/\/leiklist.is\/en\/wp-json\/wp\/v2\/categories?post=3945"},{"taxonomy":"post_tag","embeddable":true,"href":"https:\/\/leiklist.is\/en\/wp-json\/wp\/v2\/tags?post=3945"}],"curies":[{"name":"wp","href":"https:\/\/api.w.org\/{rel}","templated":true}]}}