{"id":39399,"date":"2023-10-04T10:33:57","date_gmt":"2023-10-04T10:33:57","guid":{"rendered":"https:\/\/leiklist.is\/?p=39399"},"modified":"2023-10-16T11:44:28","modified_gmt":"2023-10-16T11:44:28","slug":"halaleikhopurinn-raedur-leikstjora","status":"publish","type":"post","link":"https:\/\/leiklist.is\/en\/halaleikhopurinn-raedur-leikstjora\/","title":{"rendered":"Halaleikh\u00f3purinn r\u00e6\u00f0ur leikstj\u00f3ra"},"content":{"rendered":"<p>Halaleikh\u00f3purinn hefur r\u00e1\u00f0i\u00f0 P\u00e9tur Eggerz til a\u00f0 leikst\u00fdra leikh\u00f3pnum \u00ed vetur. Skrifa\u00f0 var undir samninginn \u00e1 almennum f\u00e9lagsfundi \u00ed Halanum \u00feann 26. sept. Veri\u00f0 er a\u00f0 sko\u00f0a \u00fdmis leikrit og ver\u00f0ur \u00fea\u00f0 kynnt \u00feegar \u00fea\u00f0 ver\u00f0ur \u00e1kve\u00f0i\u00f0.<span class=\"Apple-converted-space\">\u00a0<\/span><\/p>\n<p>P\u00e9tur Eggerz er f\u00e6ddur og uppalinn \u00ed Reykjav\u00edk, lengst af \u00ed Brei\u00f0holtinu. Eftir n\u00e1m \u00ed b\u00f3kmenntafr\u00e6\u00f0i vi\u00f0 H\u00e1sk\u00f3la \u00cdslands nam hann leiklist \u00ed Lund\u00fanum og \u00fatskrifa\u00f0ist \u00fea\u00f0an 1984. Hann hefur teki\u00f0 \u00fe\u00e1tt \u00ed leiks\u00fdningum hj\u00e1 Leikf\u00e9lagi Akureyrar, \u00dej\u00f3\u00f0leikh\u00fasinu, Al\u00fe\u00fd\u00f0uleikh\u00fasinu, Leikf\u00e9lagi Reykjav\u00edkur og v\u00ed\u00f0ar. Honum hefur einnig brug\u00f0i\u00f0 reglulega fyrir \u00ed kvikmyndum og sj\u00f3nvarpi. \u00de\u00e1 vann hann um hr\u00ed\u00f0 vi\u00f0 dagskr\u00e1rger\u00f0 \u00e1 R\u00e1s 1.<\/p>\n<p>P\u00e9tur var einn stofnenda M\u00f6guleikh\u00fassins \u00e1ri\u00f0 1990 og starfa\u00f0i \u00fear \u00ed n\u00e6r \u00ferj\u00e1 \u00e1ratugi sem leikari, leikstj\u00f3ri og h\u00f6fundur. Me\u00f0al verka sem hann vann fyrir M\u00f6guleikh\u00fasi\u00f0 m\u00e1 t.d. nefna Eldklerkinn, einleik sem fjallar um s\u00e9ra J\u00f3n Steingr\u00edmsson. \u00de\u00e1 hefur hann \u00e1samt Gu\u00f0na Franzsyni s\u00e9\u00f0 um heims\u00f3knir \u00edslensku j\u00f3lasveinana \u00ed \u00dej\u00f3\u00f0minjasafni\u00f0 allt fr\u00e1 \u00e1rinu 1995.<\/p>\n<p>P\u00e9tur er einnig mennta\u00f0ur lei\u00f0s\u00f6guma\u00f0ur og hefur gegnum t\u00ed\u00f0ina \u00fev\u00e6lst talsvert me\u00f0 fer\u00f0amenn um landi\u00f0.<\/p>","protected":false},"excerpt":{"rendered":"<p>Halaleikh\u00f3purinn hefur r\u00e1\u00f0i\u00f0 P\u00e9tur Eggerz til a\u00f0 leikst\u00fdra leikh\u00f3pnum \u00ed vetur. Skrifa\u00f0 var undir samninginn \u00e1 almennum f\u00e9lagsfundi \u00ed Halanum \u00feann 26. sept. Veri\u00f0 er a\u00f0 sko\u00f0a \u00fdmis leikrit og ver\u00f0ur \u00fea\u00f0 kynnt \u00feegar \u00fea\u00f0 ver\u00f0ur \u00e1kve\u00f0i\u00f0.\u00a0 P\u00e9tur Eggerz er f\u00e6ddur og uppalinn \u00ed Reykjav\u00edk, lengst af \u00ed Brei\u00f0holtinu. Eftir n\u00e1m \u00ed b\u00f3kmenntafr\u00e6\u00f0i vi\u00f0 H\u00e1sk\u00f3la [&hellip;]<\/p>\n","protected":false},"author":3,"featured_media":39400,"comment_status":"closed","ping_status":"closed","sticky":false,"template":"","format":"standard","meta":{"_et_pb_use_builder":"","_et_pb_old_content":"","_et_gb_content_width":"","footnotes":""},"categories":[187],"tags":[],"class_list":["post-39399","post","type-post","status-publish","format-standard","has-post-thumbnail","hentry","category-allar-frir","et-has-post-format-content","et_post_format-et-post-format-standard"],"_links":{"self":[{"href":"https:\/\/leiklist.is\/en\/wp-json\/wp\/v2\/posts\/39399","targetHints":{"allow":["GET"]}}],"collection":[{"href":"https:\/\/leiklist.is\/en\/wp-json\/wp\/v2\/posts"}],"about":[{"href":"https:\/\/leiklist.is\/en\/wp-json\/wp\/v2\/types\/post"}],"author":[{"embeddable":true,"href":"https:\/\/leiklist.is\/en\/wp-json\/wp\/v2\/users\/3"}],"replies":[{"embeddable":true,"href":"https:\/\/leiklist.is\/en\/wp-json\/wp\/v2\/comments?post=39399"}],"version-history":[{"count":0,"href":"https:\/\/leiklist.is\/en\/wp-json\/wp\/v2\/posts\/39399\/revisions"}],"wp:featuredmedia":[{"embeddable":true,"href":"https:\/\/leiklist.is\/en\/wp-json\/wp\/v2\/media\/39400"}],"wp:attachment":[{"href":"https:\/\/leiklist.is\/en\/wp-json\/wp\/v2\/media?parent=39399"}],"wp:term":[{"taxonomy":"category","embeddable":true,"href":"https:\/\/leiklist.is\/en\/wp-json\/wp\/v2\/categories?post=39399"},{"taxonomy":"post_tag","embeddable":true,"href":"https:\/\/leiklist.is\/en\/wp-json\/wp\/v2\/tags?post=39399"}],"curies":[{"name":"wp","href":"https:\/\/api.w.org\/{rel}","templated":true}]}}