{"id":3919,"date":"2012-10-01T11:54:18","date_gmt":"2012-10-01T11:54:18","guid":{"rendered":"http:\/\/wp.leiklist.is\/?p=3919"},"modified":"2012-10-01T11:54:18","modified_gmt":"2012-10-01T11:54:18","slug":"unglingastarf-leikfelags-kopavogs-ae-hefjast","status":"publish","type":"post","link":"https:\/\/leiklist.is\/en\/unglingastarf-leikfelags-kopavogs-ae-hefjast\/","title":{"rendered":"Unglingastarf Leikf\u00e9lags K\u00f3pavogs a\u00f0 hefjast"},"content":{"rendered":"<p \/>N\u00fa l\u00ed\u00f0ur a\u00f0 \u00fev\u00ed a\u00f0 starf unglingadeildarinnar hefjist af fullum \u00feunga. \u00c1stbj\u00f6rg Rut J\u00f3nsd\u00f3ttir, Adda Rut, hefur veri\u00f0 r\u00e1\u00f0in til a\u00f0 lei\u00f0beina kr\u00f6kkunum. Adda Rut er \u00feaulreynd \u00ed leiklistastarfi me\u00f0 b\u00f6rnum og unglingum, m.a. hefur h\u00fas starfa\u00f0 hj\u00e1 Leynileikh\u00fasinu, \u00cdTR, sk\u00f3lum Hjallastefnunnar og fleirum. Kynningarfundur er bo\u00f0a\u00f0ur \u00ed kv\u00f6ld 1. okt\u00f3ber\u00a0 kl. 17. Vinnan byrjar svo \u00ed annarri viku okt\u00f3ber og er gert r\u00e1\u00f0 fyrir a\u00f0 h\u00f3purinn hittist \u00ferisvar sinnum \u00ed viku. Ekki er b\u00fai\u00f0 a\u00f0 negla ni\u00f0ur vi\u00f0fangsefni en stefnt er a\u00f0 frums\u00fdningu um mi\u00f0jan n\u00f3vember.  <!--more-->  <\/p>\n<p>Leikf\u00e9lag K\u00f3pavogs hefur haldi\u00f0 \u00fati Unglingadeild \u00ed m\u00f6rg \u00e1r og er aldurinn a\u00f0 jafna\u00f0i mi\u00f0a\u00f0ur efstu tvo bekki grunnsk\u00f3la og fyrstu tvo \u00ed framhaldssk\u00f3la. Sett er upp 1 leiks\u00fdning \u00e1 \u00e1ri hi\u00f0 minnsta og ef a\u00f0st\u00e6\u00f0ur leyfa eru haldin n\u00e1mskei\u00f0.<\/p>\n<p>Leikf\u00e9lagi\u00f0 hefur undanfarin \u00e1r s\u00e9rh\u00e6ft sig \u00ed skapandi h\u00f3pvinnu og er l\u00f6g\u00f0 \u00e1hersla \u00e1 a\u00f0 unglingadeild tileinki s\u00e9r a\u00f0fer\u00f0ir og vinnubr\u00f6g\u00f0 \u00fev\u00ed tengd. \u00c1hugasamir unglingar geta sent p\u00f3st \u00e1 <a href=\"mailto:stjorn@kopleik.is.\">stjorn@kopleik.is.<\/a><\/p>","protected":false},"excerpt":{"rendered":"<p>N\u00fa l\u00ed\u00f0ur a\u00f0 \u00fev\u00ed a\u00f0 starf unglingadeildarinnar hefjist af fullum \u00feunga. \u00c1stbj\u00f6rg Rut J\u00f3nsd\u00f3ttir, Adda Rut, hefur veri\u00f0 r\u00e1\u00f0in til a\u00f0 lei\u00f0beina kr\u00f6kkunum. Adda Rut er \u00feaulreynd \u00ed leiklistastarfi me\u00f0 b\u00f6rnum og unglingum, m.a. hefur h\u00fas starfa\u00f0 hj\u00e1 Leynileikh\u00fasinu, \u00cdTR, sk\u00f3lum Hjallastefnunnar og fleirum. Kynningarfundur er bo\u00f0a\u00f0ur \u00ed kv\u00f6ld 1. okt\u00f3ber\u00a0 kl. 17. Vinnan byrjar [&hellip;]<\/p>\n","protected":false},"author":3,"featured_media":3918,"comment_status":"open","ping_status":"open","sticky":false,"template":"","format":"standard","meta":{"_et_pb_use_builder":"","_et_pb_old_content":"","_et_gb_content_width":"","footnotes":""},"categories":[187],"tags":[],"class_list":["post-3919","post","type-post","status-publish","format-standard","has-post-thumbnail","hentry","category-allar-frir","et-has-post-format-content","et_post_format-et-post-format-standard"],"_links":{"self":[{"href":"https:\/\/leiklist.is\/en\/wp-json\/wp\/v2\/posts\/3919","targetHints":{"allow":["GET"]}}],"collection":[{"href":"https:\/\/leiklist.is\/en\/wp-json\/wp\/v2\/posts"}],"about":[{"href":"https:\/\/leiklist.is\/en\/wp-json\/wp\/v2\/types\/post"}],"author":[{"embeddable":true,"href":"https:\/\/leiklist.is\/en\/wp-json\/wp\/v2\/users\/3"}],"replies":[{"embeddable":true,"href":"https:\/\/leiklist.is\/en\/wp-json\/wp\/v2\/comments?post=3919"}],"version-history":[{"count":0,"href":"https:\/\/leiklist.is\/en\/wp-json\/wp\/v2\/posts\/3919\/revisions"}],"wp:featuredmedia":[{"embeddable":true,"href":"https:\/\/leiklist.is\/en\/wp-json\/wp\/v2\/media\/3918"}],"wp:attachment":[{"href":"https:\/\/leiklist.is\/en\/wp-json\/wp\/v2\/media?parent=3919"}],"wp:term":[{"taxonomy":"category","embeddable":true,"href":"https:\/\/leiklist.is\/en\/wp-json\/wp\/v2\/categories?post=3919"},{"taxonomy":"post_tag","embeddable":true,"href":"https:\/\/leiklist.is\/en\/wp-json\/wp\/v2\/tags?post=3919"}],"curies":[{"name":"wp","href":"https:\/\/api.w.org\/{rel}","templated":true}]}}