{"id":3913,"date":"2012-09-26T09:21:50","date_gmt":"2012-09-26T09:21:50","guid":{"rendered":"http:\/\/wp.leiklist.is\/?p=3913"},"modified":"2012-09-26T09:21:50","modified_gmt":"2012-09-26T09:21:50","slug":"afmaelisveislan-a-akureyri","status":"publish","type":"post","link":"https:\/\/leiklist.is\/en\/afmaelisveislan-a-akureyri\/","title":{"rendered":"Afm\u00e6lisveislan \u00e1 Akureyri"},"content":{"rendered":"<p>Afm\u00e6lisveislan eftir Harold Pinter \u00ed leikstj\u00f3rn Gu\u00f0j\u00f3ns Pedersen er \u00e1 lei\u00f0inni nor\u00f0ur og ver\u00f0ur s\u00fdnd \u00e1 svi\u00f0i Samkomuh\u00fassins f\u00f6studagskv\u00f6ldi\u00f0 27. og laugardagskv\u00f6ldi\u00f0 28. september kl. 20:00, einnig \u00e1 sunnudaginn 29. september kl. 16:00. \u00deessi s\u00fdning \u00dej\u00f3\u00f0leikh\u00fassins skartar landsli\u00f0sleikurunum Ingvari E. Sigur\u00f0ssyni, Kristbj\u00f6rgu Kjeld, Erlingi G\u00edslasyni, Birni Thors, Eggerti \u00deorleifssyni og \u00de\u00f3runni \u00d6rnu Kristj\u00e1nsd\u00f3ttur. S\u00fdningin hlaut 7 tilnefningar til Gr\u00edmunnar s.l vor og hreppti \u00ferenn ver\u00f0laun. \u00d6rf\u00e1ir mi\u00f0ar eru lausir.<\/p>\n<p>  <!--more-->  Stanley er fremur framtakslaus ungur ma\u00f0ur, sem vir\u00f0ist \u00e1\u00f0ur hafa unni\u00f0 fyrir s\u00e9r sem p\u00edan\u00f3leikari. Hann dvelur \u00e1 ni\u00f0urn\u00edddu gistih\u00fasi \u00ed litlum b\u00e6 vi\u00f0 sj\u00e1vars\u00ed\u00f0una \u00ed Bretlandi og er dekra\u00f0ur af eiginkonu gistih\u00faseigandans. Skyndilega er honum kippt \u00fat \u00far \u00feessari ver\u00f6ld \u00feegar tveir dularfullir menn birtast til a\u00f0 \u201erefsa\u201c honum fyrir gl\u00e6pi sem \u00f3lj\u00f3st er hverjir eru. Afm\u00e6lisveisla sem eiginkona gistih\u00faseigandans heldur fyrir Stanley ver\u00f0ur vettvangur martra\u00f0arkenndar\u00a0 en veislan breytist sm\u00e1m saman \u00ed sannkalla\u00f0a martr\u00f6\u00f0. <\/p>\n<p>\u00a0<\/p>","protected":false},"excerpt":{"rendered":"<p>Afm\u00e6lisveislan eftir Harold Pinter \u00ed leikstj\u00f3rn Gu\u00f0j\u00f3ns Pedersen er \u00e1 lei\u00f0inni nor\u00f0ur og ver\u00f0ur s\u00fdnd \u00e1 svi\u00f0i Samkomuh\u00fassins f\u00f6studagskv\u00f6ldi\u00f0 27. og laugardagskv\u00f6ldi\u00f0 28. september kl. 20:00, einnig \u00e1 sunnudaginn 29. september kl. 16:00. \u00deessi s\u00fdning \u00dej\u00f3\u00f0leikh\u00fassins skartar landsli\u00f0sleikurunum Ingvari E. Sigur\u00f0ssyni, Kristbj\u00f6rgu Kjeld, Erlingi G\u00edslasyni, Birni Thors, Eggerti \u00deorleifssyni og \u00de\u00f3runni \u00d6rnu Kristj\u00e1nsd\u00f3ttur. S\u00fdningin hlaut [&hellip;]<\/p>\n","protected":false},"author":3,"featured_media":3754,"comment_status":"open","ping_status":"open","sticky":false,"template":"","format":"standard","meta":{"_et_pb_use_builder":"","_et_pb_old_content":"","_et_gb_content_width":"","footnotes":""},"categories":[187],"tags":[],"class_list":["post-3913","post","type-post","status-publish","format-standard","has-post-thumbnail","hentry","category-allar-frir","et-has-post-format-content","et_post_format-et-post-format-standard"],"_links":{"self":[{"href":"https:\/\/leiklist.is\/en\/wp-json\/wp\/v2\/posts\/3913","targetHints":{"allow":["GET"]}}],"collection":[{"href":"https:\/\/leiklist.is\/en\/wp-json\/wp\/v2\/posts"}],"about":[{"href":"https:\/\/leiklist.is\/en\/wp-json\/wp\/v2\/types\/post"}],"author":[{"embeddable":true,"href":"https:\/\/leiklist.is\/en\/wp-json\/wp\/v2\/users\/3"}],"replies":[{"embeddable":true,"href":"https:\/\/leiklist.is\/en\/wp-json\/wp\/v2\/comments?post=3913"}],"version-history":[{"count":0,"href":"https:\/\/leiklist.is\/en\/wp-json\/wp\/v2\/posts\/3913\/revisions"}],"wp:featuredmedia":[{"embeddable":true,"href":"https:\/\/leiklist.is\/en\/wp-json\/"}],"wp:attachment":[{"href":"https:\/\/leiklist.is\/en\/wp-json\/wp\/v2\/media?parent=3913"}],"wp:term":[{"taxonomy":"category","embeddable":true,"href":"https:\/\/leiklist.is\/en\/wp-json\/wp\/v2\/categories?post=3913"},{"taxonomy":"post_tag","embeddable":true,"href":"https:\/\/leiklist.is\/en\/wp-json\/wp\/v2\/tags?post=3913"}],"curies":[{"name":"wp","href":"https:\/\/api.w.org\/{rel}","templated":true}]}}