{"id":38666,"date":"2023-03-24T12:18:22","date_gmt":"2023-03-24T12:18:22","guid":{"rendered":"https:\/\/leiklist.is\/?p=38666"},"modified":"2023-04-05T09:18:35","modified_gmt":"2023-04-05T09:18:35","slug":"saumastofan-a-hofsosi","status":"publish","type":"post","link":"https:\/\/leiklist.is\/en\/saumastofan-a-hofsosi\/","title":{"rendered":"Saumastofan \u00e1 Hofs\u00f3si"},"content":{"rendered":"<div>Leikf\u00e9lag Hofs\u00f3ss frums\u00fdnir <strong>Saumastofuna<\/strong> eftir Kjartan Ragnarsson \u00ed H\u00f6f\u00f0aborg \u00e1 Hofs\u00f3si laugardaginn 25. mars kl. 20:30. Leikstj\u00f3ri er Mar\u00eda Sigur\u00f0ard\u00f3ttir.<\/div>\n<div>Saumastofan er leikrit me\u00f0 s\u00f6ngvum sem frums\u00fdnt var \u00e1ri\u00f0 1975, \u00ed tilefni kvenna\u00e1rsins. Leikriti\u00f0 er skrifa\u00f0 sem \u00e1deila \u00e1 \u00fej\u00f3\u00f0f\u00e9lagi\u00f0 \u00e1 s\u00ednum t\u00edma og er sta\u00f0a konunnar mi\u00f0punktur \u00e1deilunnar. Verki\u00f0 segir fr\u00e1 degi \u00ed l\u00edfi starfsf\u00f3lks \u00e1 saumastofu en ein kvennanna \u00e1 afm\u00e6li og sl\u00e1 \u00fe\u00e6r upp veislu \u00ed tilefni \u00feess. Velt er upp \u00fdmsum spurningum um st\u00f6\u00f0u konunnar, svo sem launamismun kynjanna, fe\u00f0raveldi\u00f0, \u00feri\u00f0ju vaktina og anna\u00f0 sem enn er \u00ed brennidepli. \u00a0\u00deannig \u00e1 verki\u00f0, \u00fer\u00e1tt fyrir a\u00f0 \u00fea\u00f0 s\u00e9 ekki alveg n\u00fdtt af n\u00e1linni, vel vi\u00f0 enn \u00ed dag og hefur \u00fea\u00f0 rata\u00f0 reglulega \u00e1 fjalirnar hj\u00e1 \u00e1hugaleikf\u00e9l\u00f6gum landsins. En \u00fer\u00e1tt fyrir a\u00f0 undirt\u00f3nninn s\u00e9 alvarlegur er \u00e1vallt stutt \u00ed gamani\u00f0 svo heims\u00f3kn \u00ed H\u00f6f\u00f0aborg \u00e6tti a\u00f0 geta or\u00f0i\u00f0 hin besta skemmtun.<\/div>\n<div><\/div>\n<div>Hlutverkin \u00ed leikritinu eru n\u00edu talsins en auk \u00feess koma um 20 manns a\u00f0 s\u00fdningunni \u00e1 einn e\u00f0a annan h\u00e1tt.<\/div>\n<div>S\u00fdningar ver\u00f0a sem h\u00e9r segir:<\/div>\n<div>Frums\u00fdning &#8211; laugardag 25. mars kl. 20:30<\/div>\n<div>2. s\u00fdning &#8211; sunnudag 26. mars kl. 20:30<\/div>\n<div>3. s\u00fdning &#8211; \u00feri\u00f0judag 28. mars kl. 20:30<\/div>\n<div>4. s\u00fdning &#8211; laugardag 1. apr\u00edlkl. 20:30<\/div>\n<div>5. s\u00fdning &#8211; m\u00e1nudag 3. apr\u00edl kl. 20:30<\/div>\n<div>6. s\u00fdning \u00a0&#8211; fimmtudag 6. apr\u00edl, sk\u00edrdag kl. 15:00<\/div>\n<div>7. s\u00fdning &#8211; fimmtudag 6. apr\u00edl, sk\u00edrdag kl. 22:00<\/div>\n<div>8. s\u00fdning &#8211; laugardag 8. apr\u00edl kl. 20:30<\/div>\n<div>Lokas\u00fdning &#8211; f\u00f6studag 14. apr\u00edl kl. 20:30<\/div>\n<div><\/div>\n<div>Mi\u00f0aver\u00f0:\u2028Fullor\u00f0nir 3.500 kr.<\/div>\n<div>Ellil\u00edfeyris\u00feegar 3.000 kr.<\/div>\n<div>B\u00f6rn 6-14 \u00e1ra 2.500 kr.<\/div>\n<div>Mi\u00f0apantanir eru \u00ed s\u00edma 834-6153<\/div>","protected":false},"excerpt":{"rendered":"<p>Leikf\u00e9lag Hofs\u00f3ss frums\u00fdnir Saumastofuna eftir Kjartan Ragnarsson \u00ed H\u00f6f\u00f0aborg \u00e1 Hofs\u00f3si laugardaginn 25. mars kl. 20:30. Leikstj\u00f3ri er Mar\u00eda Sigur\u00f0ard\u00f3ttir. Saumastofan er leikrit me\u00f0 s\u00f6ngvum sem frums\u00fdnt var \u00e1ri\u00f0 1975, \u00ed tilefni kvenna\u00e1rsins. Leikriti\u00f0 er skrifa\u00f0 sem \u00e1deila \u00e1 \u00fej\u00f3\u00f0f\u00e9lagi\u00f0 \u00e1 s\u00ednum t\u00edma og er sta\u00f0a konunnar mi\u00f0punktur \u00e1deilunnar. Verki\u00f0 segir fr\u00e1 degi \u00ed l\u00edfi [&hellip;]<\/p>\n","protected":false},"author":3,"featured_media":38667,"comment_status":"closed","ping_status":"closed","sticky":false,"template":"","format":"standard","meta":{"_et_pb_use_builder":"","_et_pb_old_content":"","_et_gb_content_width":"","footnotes":""},"categories":[187,213],"tags":[],"class_list":["post-38666","post","type-post","status-publish","format-standard","has-post-thumbnail","hentry","category-allar-frir","category-vikupostur","et-has-post-format-content","et_post_format-et-post-format-standard"],"_links":{"self":[{"href":"https:\/\/leiklist.is\/en\/wp-json\/wp\/v2\/posts\/38666","targetHints":{"allow":["GET"]}}],"collection":[{"href":"https:\/\/leiklist.is\/en\/wp-json\/wp\/v2\/posts"}],"about":[{"href":"https:\/\/leiklist.is\/en\/wp-json\/wp\/v2\/types\/post"}],"author":[{"embeddable":true,"href":"https:\/\/leiklist.is\/en\/wp-json\/wp\/v2\/users\/3"}],"replies":[{"embeddable":true,"href":"https:\/\/leiklist.is\/en\/wp-json\/wp\/v2\/comments?post=38666"}],"version-history":[{"count":0,"href":"https:\/\/leiklist.is\/en\/wp-json\/wp\/v2\/posts\/38666\/revisions"}],"wp:featuredmedia":[{"embeddable":true,"href":"https:\/\/leiklist.is\/en\/wp-json\/wp\/v2\/media\/38667"}],"wp:attachment":[{"href":"https:\/\/leiklist.is\/en\/wp-json\/wp\/v2\/media?parent=38666"}],"wp:term":[{"taxonomy":"category","embeddable":true,"href":"https:\/\/leiklist.is\/en\/wp-json\/wp\/v2\/categories?post=38666"},{"taxonomy":"post_tag","embeddable":true,"href":"https:\/\/leiklist.is\/en\/wp-json\/wp\/v2\/tags?post=38666"}],"curies":[{"name":"wp","href":"https:\/\/api.w.org\/{rel}","templated":true}]}}