{"id":38639,"date":"2023-03-13T16:42:16","date_gmt":"2023-03-13T16:42:16","guid":{"rendered":"https:\/\/leiklist.is\/?p=38639"},"modified":"2023-03-16T09:00:58","modified_gmt":"2023-03-16T09:00:58","slug":"rocky-horror-a-isafirdi","status":"publish","type":"post","link":"https:\/\/leiklist.is\/en\/rocky-horror-a-isafirdi\/","title":{"rendered":"Rocky Horror \u00e1 \u00cdsafir\u00f0i"},"content":{"rendered":"<p class=\"\">S\u00f6ngleikurinn Rocky Horror \u00ed uppsetningu Leikf\u00e9lags Menntask\u00f3lans \u00e1 \u00cdsafir\u00f0i var frums\u00fdndur 10.mars sl. \u00ed Edinborgarh\u00fasinu \u00ed leikstj\u00f3rn Gunnars Gunnsteinssonar. Vi\u00f0t\u00f6kur voru fr\u00e1b\u00e6rar og uppselt alla helgina. \u00dea\u00f0 er takmarka\u00f0ur s\u00fdningart\u00edmi en s\u00ed\u00f0asta s\u00fdning ver\u00f0ur f\u00f6studaginn 17. mars.<\/p>\n<p class=\"\">S\u00f6ngleikurinn var fyrst frums\u00fdndur 1974 og hefur noti\u00f0 gr\u00ed\u00f0arlegra vins\u00e6lda og \u00feekkja flestir l\u00f6gin \u00far verkinu. S\u00f6gu\u00fer\u00e1\u00f0urinn er \u00e1 \u00fe\u00e1 lei\u00f0 a\u00f0 n\u00fdtr\u00falofa\u00f0 par, Brad og Janet lenda \u00ed \u00f3g\u00f6ngum \u00e1 lei\u00f0 sinni a\u00f0 hitta gamlan vin. Rennandi blaut og k\u00f6ld ramba \u00feau \u00e1 drungalegan kastala. \u00deeim er bo\u00f0i\u00f0 inn og eftir \u00fea\u00f0 ver\u00f0ur ekki aftur sn\u00fai\u00f0. H\u00fasb\u00f3ndinn er ekkert venjulegur og allt hyski\u00f0 hans hverju \u00f6\u00f0ru skr\u00fdtnara. \u00dea\u00f0 sem \u00feau ver\u00f0a vitni a\u00f0 \u00feessa n\u00f3tt mun breyta \u00feeim varanlega, forbo\u00f0nir \u00e1vextir, losti og girnd sv\u00edfa yfir v\u00f6tnum.<\/p>\n<p class=\"\">Mi\u00f0asala er \u00e1 <a href=\"https:\/\/tix.is\/is\/event\/14948\/rocky-horror-show\/\">tix.is<\/a><\/p>","protected":false},"excerpt":{"rendered":"<p>S\u00f6ngleikurinn Rocky Horror \u00ed uppsetningu Leikf\u00e9lags Menntask\u00f3lans \u00e1 \u00cdsafir\u00f0i var frums\u00fdndur 10.mars sl. \u00ed Edinborgarh\u00fasinu \u00ed leikstj\u00f3rn Gunnars Gunnsteinssonar. Vi\u00f0t\u00f6kur voru fr\u00e1b\u00e6rar og uppselt alla helgina. \u00dea\u00f0 er takmarka\u00f0ur s\u00fdningart\u00edmi en s\u00ed\u00f0asta s\u00fdning ver\u00f0ur f\u00f6studaginn 17. mars. S\u00f6ngleikurinn var fyrst frums\u00fdndur 1974 og hefur noti\u00f0 gr\u00ed\u00f0arlegra vins\u00e6lda og \u00feekkja flestir l\u00f6gin \u00far verkinu. S\u00f6gu\u00fer\u00e1\u00f0urinn er [&hellip;]<\/p>\n","protected":false},"author":3,"featured_media":38642,"comment_status":"closed","ping_status":"closed","sticky":false,"template":"","format":"standard","meta":{"_et_pb_use_builder":"","_et_pb_old_content":"","_et_gb_content_width":"","footnotes":""},"categories":[187,213],"tags":[],"class_list":["post-38639","post","type-post","status-publish","format-standard","has-post-thumbnail","hentry","category-allar-frir","category-vikupostur","et-has-post-format-content","et_post_format-et-post-format-standard"],"_links":{"self":[{"href":"https:\/\/leiklist.is\/en\/wp-json\/wp\/v2\/posts\/38639","targetHints":{"allow":["GET"]}}],"collection":[{"href":"https:\/\/leiklist.is\/en\/wp-json\/wp\/v2\/posts"}],"about":[{"href":"https:\/\/leiklist.is\/en\/wp-json\/wp\/v2\/types\/post"}],"author":[{"embeddable":true,"href":"https:\/\/leiklist.is\/en\/wp-json\/wp\/v2\/users\/3"}],"replies":[{"embeddable":true,"href":"https:\/\/leiklist.is\/en\/wp-json\/wp\/v2\/comments?post=38639"}],"version-history":[{"count":0,"href":"https:\/\/leiklist.is\/en\/wp-json\/wp\/v2\/posts\/38639\/revisions"}],"wp:featuredmedia":[{"embeddable":true,"href":"https:\/\/leiklist.is\/en\/wp-json\/wp\/v2\/media\/38642"}],"wp:attachment":[{"href":"https:\/\/leiklist.is\/en\/wp-json\/wp\/v2\/media?parent=38639"}],"wp:term":[{"taxonomy":"category","embeddable":true,"href":"https:\/\/leiklist.is\/en\/wp-json\/wp\/v2\/categories?post=38639"},{"taxonomy":"post_tag","embeddable":true,"href":"https:\/\/leiklist.is\/en\/wp-json\/wp\/v2\/tags?post=38639"}],"curies":[{"name":"wp","href":"https:\/\/api.w.org\/{rel}","templated":true}]}}