{"id":3832,"date":"2012-06-22T11:34:30","date_gmt":"2012-06-22T11:34:30","guid":{"rendered":"http:\/\/wp.leiklist.is\/?p=3832"},"modified":"2012-06-22T11:34:30","modified_gmt":"2012-06-22T11:34:30","slug":"leikfelagie-synir-leitar-leikara-i-sumar","status":"publish","type":"post","link":"https:\/\/leiklist.is\/en\/leikfelagie-synir-leitar-leikara-i-sumar\/","title":{"rendered":"Leikf\u00e9lagi\u00f0 S\u00fdnir leitar leikara \u00ed sumar"},"content":{"rendered":"<p \/>Leikf\u00e9lagi\u00f0 S\u00fdnir hyggst s\u00fdna \u00fatileiks\u00fdningu \u00ed Elli\u00f0a\u00e1rdal um mi\u00f0jan j\u00fal\u00ed, samansetta \u00far nokkrum stuttum leikverkum sem fl\u00e9tta\u00f0 ver\u00f0ur saman \u00ed heildst\u00e6\u00f0a s\u00fdningu. Leikf\u00e9lagi\u00f0 augl\u00fdsir eftir \u00e1hugas\u00f6mum leikurum, til a\u00f0 taka \u00fe\u00e1tt \u00ed s\u00fdningunni. Fyrsti hittingur ver\u00f0ur sunnudagskv\u00f6ldi\u00f0 24. j\u00fan\u00ed kl. 20. ver\u00f0ur hann vi\u00f0 g\u00f6mlu rafst\u00f6\u00f0ina \u00ed Elli\u00f0a\u00e1rdal (sj\u00e1 mynd). Uppsetningu leikf\u00e9lagsins \u00e1 Sj\u00f6 sam\u00far\u00e6um, sem fyrirhugu\u00f0 var \u00ed sumar, hefur af \u00fdmsum \u00e1st\u00e6\u00f0um veri\u00f0 fresta\u00f0 til n\u00e6sta sumars.  <!--more-->  <\/p>\n<p>Teki\u00f0 skal fram a\u00f0 hvert verk ver\u00f0ur stutt og nokkrir leikstj\u00f3rar munu skipta verkunum \u00e1 milli s\u00edn \u00feannig a\u00f0 \u00e6fingar er au\u00f0velt skipuleggja \u00e6fingar svo \u00f6llum henti. S\u00fdningart\u00edmabili\u00f0 ver\u00f0ur einnig mj\u00f6g stutt, a\u00f0eins ein vika. \u00c1hugasamir geta sent p\u00f3st \u00e1 netfangi\u00f0 <a href=\"mailto:leikfelagid.synir@gmail.com\">leikfelagid.synir@gmail.com<\/a><\/p>\n<p>Leikf\u00e9lagi\u00f0 S\u00fdnir hefur sett upp s\u00fdningar n\u00e1nast \u00e1 hverju \u00e1ri s\u00ed\u00f0an \u00fea\u00f0 var stofna\u00f0 1998, velflestar \u00fatileiks\u00fdningar s\u00fdndar \u00e1 sumrin. \u00deetta hafa v\u00e6\u00f0i veri\u00f0 stuttverkas\u00fdningar og s\u00fdningar \u00ed fullri lengd (t.d. Draumur \u00e1 J\u00f3nsmessun\u00f3tt eftir Shakespeare og M\u00e1furinn eftir Chekhov).<\/p>","protected":false},"excerpt":{"rendered":"<p>Leikf\u00e9lagi\u00f0 S\u00fdnir hyggst s\u00fdna \u00fatileiks\u00fdningu \u00ed Elli\u00f0a\u00e1rdal um mi\u00f0jan j\u00fal\u00ed, samansetta \u00far nokkrum stuttum leikverkum sem fl\u00e9tta\u00f0 ver\u00f0ur saman \u00ed heildst\u00e6\u00f0a s\u00fdningu. Leikf\u00e9lagi\u00f0 augl\u00fdsir eftir \u00e1hugas\u00f6mum leikurum, til a\u00f0 taka \u00fe\u00e1tt \u00ed s\u00fdningunni. Fyrsti hittingur ver\u00f0ur sunnudagskv\u00f6ldi\u00f0 24. j\u00fan\u00ed kl. 20. ver\u00f0ur hann vi\u00f0 g\u00f6mlu rafst\u00f6\u00f0ina \u00ed Elli\u00f0a\u00e1rdal (sj\u00e1 mynd). Uppsetningu leikf\u00e9lagsins \u00e1 Sj\u00f6 sam\u00far\u00e6um, [&hellip;]<\/p>\n","protected":false},"author":3,"featured_media":3831,"comment_status":"open","ping_status":"open","sticky":false,"template":"","format":"standard","meta":{"_et_pb_use_builder":"","_et_pb_old_content":"","_et_gb_content_width":"","footnotes":""},"categories":[187],"tags":[],"class_list":["post-3832","post","type-post","status-publish","format-standard","has-post-thumbnail","hentry","category-allar-frir","et-has-post-format-content","et_post_format-et-post-format-standard"],"_links":{"self":[{"href":"https:\/\/leiklist.is\/en\/wp-json\/wp\/v2\/posts\/3832","targetHints":{"allow":["GET"]}}],"collection":[{"href":"https:\/\/leiklist.is\/en\/wp-json\/wp\/v2\/posts"}],"about":[{"href":"https:\/\/leiklist.is\/en\/wp-json\/wp\/v2\/types\/post"}],"author":[{"embeddable":true,"href":"https:\/\/leiklist.is\/en\/wp-json\/wp\/v2\/users\/3"}],"replies":[{"embeddable":true,"href":"https:\/\/leiklist.is\/en\/wp-json\/wp\/v2\/comments?post=3832"}],"version-history":[{"count":0,"href":"https:\/\/leiklist.is\/en\/wp-json\/wp\/v2\/posts\/3832\/revisions"}],"wp:featuredmedia":[{"embeddable":true,"href":"https:\/\/leiklist.is\/en\/wp-json\/"}],"wp:attachment":[{"href":"https:\/\/leiklist.is\/en\/wp-json\/wp\/v2\/media?parent=3832"}],"wp:term":[{"taxonomy":"category","embeddable":true,"href":"https:\/\/leiklist.is\/en\/wp-json\/wp\/v2\/categories?post=3832"},{"taxonomy":"post_tag","embeddable":true,"href":"https:\/\/leiklist.is\/en\/wp-json\/wp\/v2\/tags?post=3832"}],"curies":[{"name":"wp","href":"https:\/\/api.w.org\/{rel}","templated":true}]}}