{"id":38130,"date":"2022-10-10T16:13:56","date_gmt":"2022-10-10T16:13:56","guid":{"rendered":"https:\/\/leiklist.is\/?p=38130"},"modified":"2023-02-15T09:13:56","modified_gmt":"2023-02-15T09:13:56","slug":"althjodaahugaleikhushatidin-i-debrecen-2023","status":"publish","type":"post","link":"https:\/\/leiklist.is\/en\/althjodaahugaleikhushatidin-i-debrecen-2023\/","title":{"rendered":"Al\u00fej\u00f3\u00f0a\u00e1hugaleikh\u00fash\u00e1t\u00ed\u00f0in \u00ed Debrecen 2023"},"content":{"rendered":"<p>Opna\u00f0 hefur veri\u00f0 fyrir ums\u00f3knir \u00e1 Al\u00fej\u00f3\u00f0legu \u00e1hugaleiklistarh\u00e1t\u00ed\u00f0ina sem haldin ver\u00f0ur \u00ed Debrecen \u00ed Ungverjalandi dagana 19.-25.<span class=\"Apple-converted-space\">\u00a0 <\/span>j\u00fan\u00ed 2023. \u00deema h\u00e1t\u00ed\u00f0arinnar er <strong>Fri\u00f0ur<\/strong>. Finna m\u00e1 <a href=\"https:\/\/www.aitaiata.net\/debrecen-2023-2\/\">reglur h\u00e1t\u00ed\u00f0arinnar h\u00e9r<\/a>.<span class=\"Apple-converted-space\">\u00a0<\/span><\/p>\n<p>\u00d3ska\u00f0 er eftir s\u00fdningum sem eru ekki lengri en 60 m\u00edn\u00fatur \u00fe\u00f3 undantekningu megi gera vegna s\u00fdninga sem teljast s\u00e9rlega athyglisver\u00f0ar. T\u00edminn til uppsetningar s\u00fdningar og fr\u00e1gangs skal ekki vera lengri en 30 m\u00edn\u00fatur. Allt a\u00f0 12 manna h\u00f3par f\u00e1 gistingu, f\u00e6\u00f0i og fer\u00f0ir innanlands fr\u00edtt.<span class=\"Apple-converted-space\">\u00a0<\/span><\/p>\n<p>T\u00edmam\u00f6rk ums\u00f3kna eru 31. okt\u00f3ber 2022.<span class=\"Apple-converted-space\">\u00a0<\/span><a href=\"https:\/\/docs.google.com\/forms\/d\/e\/1FAIpQLSfkki0J_tciEaCFafnaGC0haa7tGD-HaOvNaejuHBnd3dORBQ\/viewform\">Ums\u00f3knir skal senda inn h\u00e9r<\/a>. N\u00e1nari uppl\u00fdsingar veitir \u00dej\u00f3nustumi\u00f0st\u00f6\u00f0 B\u00cdL \u00ed\u00a0<a href=\"mailto:info@leiklist.is\">info@leiklist.is<\/a> e\u00f0a \u00ed s\u00edma 551-6974.<\/p>","protected":false},"excerpt":{"rendered":"<p>Opna\u00f0 hefur veri\u00f0 fyrir ums\u00f3knir \u00e1 Al\u00fej\u00f3\u00f0legu \u00e1hugaleiklistarh\u00e1t\u00ed\u00f0ina sem haldin ver\u00f0ur \u00ed Debrecen \u00ed Ungverjalandi dagana 19.-25.\u00a0 j\u00fan\u00ed 2023. \u00deema h\u00e1t\u00ed\u00f0arinnar er Fri\u00f0ur. Finna m\u00e1 reglur h\u00e1t\u00ed\u00f0arinnar h\u00e9r.\u00a0 \u00d3ska\u00f0 er eftir s\u00fdningum sem eru ekki lengri en 60 m\u00edn\u00fatur \u00fe\u00f3 undantekningu megi gera vegna s\u00fdninga sem teljast s\u00e9rlega athyglisver\u00f0ar. T\u00edminn til uppsetningar s\u00fdningar og fr\u00e1gangs [&hellip;]<\/p>\n","protected":false},"author":3,"featured_media":38131,"comment_status":"closed","ping_status":"closed","sticky":false,"template":"","format":"standard","meta":{"_et_pb_use_builder":"","_et_pb_old_content":"","_et_gb_content_width":"","footnotes":""},"categories":[187,213],"tags":[],"class_list":["post-38130","post","type-post","status-publish","format-standard","has-post-thumbnail","hentry","category-allar-frir","category-vikupostur","et-has-post-format-content","et_post_format-et-post-format-standard"],"_links":{"self":[{"href":"https:\/\/leiklist.is\/en\/wp-json\/wp\/v2\/posts\/38130","targetHints":{"allow":["GET"]}}],"collection":[{"href":"https:\/\/leiklist.is\/en\/wp-json\/wp\/v2\/posts"}],"about":[{"href":"https:\/\/leiklist.is\/en\/wp-json\/wp\/v2\/types\/post"}],"author":[{"embeddable":true,"href":"https:\/\/leiklist.is\/en\/wp-json\/wp\/v2\/users\/3"}],"replies":[{"embeddable":true,"href":"https:\/\/leiklist.is\/en\/wp-json\/wp\/v2\/comments?post=38130"}],"version-history":[{"count":0,"href":"https:\/\/leiklist.is\/en\/wp-json\/wp\/v2\/posts\/38130\/revisions"}],"wp:featuredmedia":[{"embeddable":true,"href":"https:\/\/leiklist.is\/en\/wp-json\/wp\/v2\/media\/38131"}],"wp:attachment":[{"href":"https:\/\/leiklist.is\/en\/wp-json\/wp\/v2\/media?parent=38130"}],"wp:term":[{"taxonomy":"category","embeddable":true,"href":"https:\/\/leiklist.is\/en\/wp-json\/wp\/v2\/categories?post=38130"},{"taxonomy":"post_tag","embeddable":true,"href":"https:\/\/leiklist.is\/en\/wp-json\/wp\/v2\/tags?post=38130"}],"curies":[{"name":"wp","href":"https:\/\/api.w.org\/{rel}","templated":true}]}}