{"id":3811,"date":"2012-05-30T10:15:06","date_gmt":"2012-05-30T10:15:06","guid":{"rendered":"http:\/\/wp.leiklist.is\/?p=3811"},"modified":"2012-05-30T10:15:06","modified_gmt":"2012-05-30T10:15:06","slug":"petur-gautur-i-tjoeleikhusinu-a-listahatie","status":"publish","type":"post","link":"https:\/\/leiklist.is\/en\/petur-gautur-i-tjoeleikhusinu-a-listahatie\/","title":{"rendered":"P\u00e9tur Gautur \u00ed \u00dej\u00f3\u00f0leikh\u00fasinu \u00e1 Listah\u00e1t\u00ed\u00f0"},"content":{"rendered":"<p \/>Mi\u00f0vikudaginn 30. ma\u00ed kl. 19.30 ver\u00f0ur \u00e1 St\u00f3ra svi\u00f0i \u00dej\u00f3\u00f0leikh\u00fassins s\u00fdnd gestas\u00fdning fr\u00e1 Sviss, ver\u00f0launauppsetning \u00deorleifs Arnarssonar me\u00f0 Luzerner Theater \u00e1 hinu klass\u00edska verki Ibsens, P\u00e9tri Gaut. S\u00fdningin\u00a0 er li\u00f0ur \u00e1 Listah\u00e1t\u00ed\u00f0 \u00ed Reykjav\u00edk og ver\u00f0ur a\u00f0eins s\u00fdnd \u00feessi eina s\u00fdning. \u00a0S\u00fdningin er leikin \u00e1 \u00fe\u00fdsku me\u00f0 \u00edslenskum texta.  <!--more-->  <\/p>\n<p>S\u00fdningin var frums\u00fdnd \u00ed Luzern \u00ed Sviss hausti\u00f0 2010 og f\u00e9kk strax fr\u00e1b\u00e6rar vi\u00f0t\u00f6kur. Uppsetningin var \u00ed lok leik\u00e1rsins valin besta \u00fe\u00fdskum\u00e6landi s\u00fdning \u00e1rsins \u00e1 Nachtkritik.de af gagnr\u00fdnendum og \u00e1horfendum. P\u00e9tur Gautur er \u00edslenskum \u00e1horfendum a\u00f0 g\u00f3\u00f0u kunnur. \u00deetta mikla verk um leitina a\u00f0 sj\u00e1lfum s\u00e9r \u00ed barningi l\u00edfsins, um l\u00edfslygina og \u00ferj\u00f3skuna \u00ed blekkingunni \u00e1 miki\u00f0 erindi vi\u00f0 \u00cdsland um \u00feessar mundir.<\/p>\n<p>\u00deorleifur \u00d6rn lauk leiklistarn\u00e1mi fr\u00e1 LH\u00cd og leikstj\u00f3rnarn\u00e1mi fr\u00e1 Ernst Busch leiklistarsk\u00f3lanum \u00ed Berl\u00edn \u00e1ri\u00f0 2005 og hefur s\u00ed\u00f0an \u00fe\u00e1 vaki\u00f0 athygli sem leikstj\u00f3ri \u00ed hinum \u00fe\u00fdskum\u00e6landi heimi, \u00e1 \u00cdslandi og v\u00ed\u00f0ar. Leikh\u00f3purinn er svissneskur\u00a0 en \u00fer\u00edr \u00edslenskir listamenn unnu a\u00f0 s\u00fdningunni me\u00f0 \u00deorleifi \u00ed Sviss, \u00feau Vytautas Narbutas leikmyndah\u00f6fundur, Filipp\u00eda I. El\u00edsd\u00f3ttir b\u00faningah\u00f6fundur og S\u00edmon Birgisson sem s\u00e1 um v\u00edde\u00f3 og hlj\u00f3\u00f0.<\/p>\n<p>Gestas\u00fdningin P\u00e9tur Gautur er samstarfsverkefni Listah\u00e1t\u00ed\u00f0ar \u00ed Reykjav\u00edk og \u00dej\u00f3\u00f0leikh\u00fassins.<\/p>\n<p>Mi\u00f0aver\u00f0 er 3.500 kr.<\/p>","protected":false},"excerpt":{"rendered":"<p>Mi\u00f0vikudaginn 30. ma\u00ed kl. 19.30 ver\u00f0ur \u00e1 St\u00f3ra svi\u00f0i \u00dej\u00f3\u00f0leikh\u00fassins s\u00fdnd gestas\u00fdning fr\u00e1 Sviss, ver\u00f0launauppsetning \u00deorleifs Arnarssonar me\u00f0 Luzerner Theater \u00e1 hinu klass\u00edska verki Ibsens, P\u00e9tri Gaut. S\u00fdningin\u00a0 er li\u00f0ur \u00e1 Listah\u00e1t\u00ed\u00f0 \u00ed Reykjav\u00edk og ver\u00f0ur a\u00f0eins s\u00fdnd \u00feessi eina s\u00fdning. \u00a0S\u00fdningin er leikin \u00e1 \u00fe\u00fdsku me\u00f0 \u00edslenskum texta.<\/p>","protected":false},"author":3,"featured_media":3810,"comment_status":"open","ping_status":"open","sticky":false,"template":"","format":"standard","meta":{"_et_pb_use_builder":"","_et_pb_old_content":"","_et_gb_content_width":"","footnotes":""},"categories":[187],"tags":[],"class_list":["post-3811","post","type-post","status-publish","format-standard","has-post-thumbnail","hentry","category-allar-frir","et-has-post-format-content","et_post_format-et-post-format-standard"],"_links":{"self":[{"href":"https:\/\/leiklist.is\/en\/wp-json\/wp\/v2\/posts\/3811","targetHints":{"allow":["GET"]}}],"collection":[{"href":"https:\/\/leiklist.is\/en\/wp-json\/wp\/v2\/posts"}],"about":[{"href":"https:\/\/leiklist.is\/en\/wp-json\/wp\/v2\/types\/post"}],"author":[{"embeddable":true,"href":"https:\/\/leiklist.is\/en\/wp-json\/wp\/v2\/users\/3"}],"replies":[{"embeddable":true,"href":"https:\/\/leiklist.is\/en\/wp-json\/wp\/v2\/comments?post=3811"}],"version-history":[{"count":0,"href":"https:\/\/leiklist.is\/en\/wp-json\/wp\/v2\/posts\/3811\/revisions"}],"wp:featuredmedia":[{"embeddable":true,"href":"https:\/\/leiklist.is\/en\/wp-json\/"}],"wp:attachment":[{"href":"https:\/\/leiklist.is\/en\/wp-json\/wp\/v2\/media?parent=3811"}],"wp:term":[{"taxonomy":"category","embeddable":true,"href":"https:\/\/leiklist.is\/en\/wp-json\/wp\/v2\/categories?post=3811"},{"taxonomy":"post_tag","embeddable":true,"href":"https:\/\/leiklist.is\/en\/wp-json\/wp\/v2\/tags?post=3811"}],"curies":[{"name":"wp","href":"https:\/\/api.w.org\/{rel}","templated":true}]}}