{"id":38100,"date":"2022-09-26T13:52:52","date_gmt":"2022-09-26T13:52:52","guid":{"rendered":"https:\/\/leiklist.is\/?p=38100"},"modified":"2022-09-26T14:08:18","modified_gmt":"2022-09-26T14:08:18","slug":"fundargerd-framhaldsadalfundar-reykjavik-17-sept-2022","status":"publish","type":"post","link":"https:\/\/leiklist.is\/en\/fundargerd-framhaldsadalfundar-reykjavik-17-sept-2022\/","title":{"rendered":"Fundarger\u00f0 framhaldsa\u00f0alfundar Reykjav\u00edk 17. sept. 2022"},"content":{"rendered":"<h4><b>A\u00f0alfundur Bandalags \u00edslenskra leikf\u00e9laga 2022<\/b><\/h4>\n<h5><b>1. Fundarsetning. Kosning 2ja fundarstj\u00f3ra og 2ja fundarritara, sem taka \u00feegar til starfa. L\u00f6gm\u00e6ti fundarins kanna\u00f0.<span class=\"Apple-converted-space\">\u00a0<\/span><\/b><\/h5>\n<p>Gu\u00f0finna Gunnarsd\u00f3ttir forma\u00f0ur Bandalagsins setur \u00feennan framhalds a\u00f0alfund vi\u00f0 72. a\u00f0alfund B\u00cdL.<\/p>\n<p>H\u00fan b\u00fd\u00f0ur alla velkomna.<span class=\"Apple-converted-space\">\u00a0<\/span><\/p>\n<p>Gu\u00f0finna stingur upp \u00e1 F. Ella Hafli\u00f0asyni sem fundarstj\u00f3ra og J\u00f3nhei\u00f0i \u00cdsleifsd\u00f3ttur sem fundarritara.<span class=\"Apple-converted-space\">\u00a0<\/span><\/p>\n<p>Elli bi\u00f0ur um k\u00f6nnun \u00e1 l\u00f6gm\u00e6ti fundar.<\/p>\n<p>D\u00fdrleif segir a\u00f0<span class=\"Apple-converted-space\">\u00a0 <\/span>borist hafi sj\u00f6 kj\u00f6rbr\u00e9f fr\u00e1 sj\u00f6 f\u00e9l\u00f6gum og b\u00fai\u00f0 s\u00e9 a\u00f0 kanna l\u00f6gm\u00e6ti fundar og hann s\u00e9 l\u00f6glegur.<\/p>\n<h5><b>2. Kj\u00f6rnefnd afgrei\u00f0ir kj\u00f6rbr\u00e9f og afhendir atkv\u00e6\u00f0aspj\u00f6ld, sk\u00fdrir st\u00f6\u00f0u m\u00e1la var\u00f0andi stj\u00f3rnarkj\u00f6r og augl\u00fdsir eftir till\u00f6gum.<span class=\"Apple-converted-space\">\u00a0<\/span><\/b><\/h5>\n<p>D\u00fdrleif les upp \u00feau leikf\u00e9l\u00f6g sem eiga atkv\u00e6\u00f0isr\u00e9tt \u00e1 fundinum og deilir \u00fat atkv\u00e6\u00f0aspj\u00f6ldum. \u00dea\u00f0 eru sj\u00f6 f\u00e9l\u00f6g me\u00f0 atkv\u00e6\u00f0i \u00e1 fundinum. Fj\u00f6gur f\u00e9l\u00f6g eru me\u00f0 fulltr\u00faa \u00e1 sta\u00f0num en \u00ferj\u00fa f\u00e9l\u00f6g eru me\u00f0 fulltr\u00faa \u00e1 Zoom.<\/p>\n<p>B\u00fai\u00f0 er a\u00f0 kj\u00f3sa \u00ed stj\u00f3rn fyrir \u00e1ri\u00f0 og \u00feess vegna er ekki \u00fe\u00f6rf \u00e1 a\u00f0 augl\u00fdsa eftir till\u00f6gum og frambo\u00f0um.<\/p>\n<p>Elli \u00fatsk\u00fdrir hvernig atkv\u00e6\u00f0agrei\u00f0sla fer fram \u00e1 fundinum. \u00deeir sem eru a\u00f0 sta\u00f0num r\u00e9tta upp s\u00edn spj\u00f6ld, en \u00feeir sem taka \u00fe\u00e1tt \u00e1 zoom f\u00e1 upp atkv\u00e6\u00f0agrei\u00f0slu \u00e1 zoom \u00fear sem \u00feeir geta greitt atkv\u00e6\u00f0i.<span class=\"Apple-converted-space\">\u00a0<\/span><\/p>\n<p>Ef f\u00f3lk \u00e1 Zoom vill taka til m\u00e1ls \u00fe\u00e1 er h\u00e6gt r\u00e9tta upp hendi me\u00f0 \u201creaction\u201d \u00e1 zoom.<\/p>\n<h5><b>3. Fundarger\u00f0 s\u00ed\u00f0asta a\u00f0alfundar afgreidd.<span class=\"Apple-converted-space\">\u00a0<\/span><\/b><\/h5>\n<p>Fundarstj\u00f3ri bendir \u00e1 a\u00f0 a\u00f0alfundarger\u00f0 s\u00ed\u00f0asta fundar s\u00e9 a\u00f0gengileg \u00e1 vefnum og hlekk \u00e1 hana var deilt me\u00f0 fundarbo\u00f0i og a\u00f0 fulltr\u00faar \u00e6ttu a\u00f0 hafa haft t\u00e6kif\u00e6ri til a\u00f0 kynna s\u00e9r hana og kallar eftir athugasemdum.<\/p>\n<p>Engar athugasemdir og fundarger\u00f0 s\u00ed\u00f0asta a\u00f0alfundar er afgreidd samhlj\u00f3\u00f0a.<\/p>\n<h5><b>4. Framkv\u00e6mdastj\u00f3ri leggur fram endursko\u00f0a\u00f0a reikninga s\u00ed\u00f0asta \u00e1rs og sk\u00fdrir \u00fe\u00e1.<span class=\"Apple-converted-space\">\u00a0<\/span><\/b><\/h5>\n<p>Elli b\u00fd\u00f0ur<b> <\/b>Her\u00f0i a\u00f0 kynna reikninga s\u00ed\u00f0asta \u00e1rs.<\/p>\n<p>H\u00f6r\u00f0ur deilir \u00fat \u00fatprentu\u00f0um reikningum \u00e1 sta\u00f0num og \u00feeir sem eru \u00e1 zoom geta sko\u00f0a\u00f0 reikninga \u00e1 vefnum.<\/p>\n<p>Hann talar um a\u00f0 kynnt hafi veri\u00f0 dr\u00f6g a\u00f0 reikningum \u00ed vor en \u00e6tlar a\u00f0 fara yfir \u00feetta aftur.<\/p>\n<p>Hann fer yfir reikninga \u00e1 skj\u00e1num \u00fev\u00ed skjali\u00f0 \u00e1 vefnum inniheldur ekki rekstrar reikninginn, \u00fea\u00f0 ver\u00f0ur lei\u00f0r\u00e9tt strax eftir fund.<span class=\"Apple-converted-space\">\u00a0<\/span><\/p>\n<h5><b>5. Umr\u00e6\u00f0ur um sk\u00fdrslu stj\u00f3rnar og afgrei\u00f0sla reikninga.<span class=\"Apple-converted-space\">\u00a0<\/span><\/b><\/h5>\n<p>Fundarstj\u00f3ri opnar umr\u00e6\u00f0ur um reikninga bandalagsins.<span class=\"Apple-converted-space\">\u00a0<\/span><\/p>\n<p>Engar spurningar e\u00f0a athugasemdir eru vi\u00f0 \u00e1rsreikning \u00feannig a\u00f0 fundarstj\u00f3ri setur \u00ed gang atkv\u00e6\u00f0agrei\u00f0slu \u00e1 zoom (3 f\u00e9l\u00f6g) og \u00feeir sem eru \u00e1 sta\u00f0num (4 f\u00e9l\u00f6g) grei\u00f0a atkv\u00e6\u00f0i \u00fear.<\/p>\n<p>\u00c1rsreikningur er sam\u00feykktur me\u00f0 \u00f6llum greiddum atkv\u00e6\u00f0um.<\/p>\n<h5><b>6. \u00d6nnur m\u00e1l<\/b><\/h5>\n<p>Fundarstj\u00f3ri opnar umr\u00e6\u00f0ur um \u00f6nnur m\u00e1l.<\/p>\n<p>H\u00f6r\u00f0ur stingur upp \u00e1 a\u00f0 gaman v\u00e6ri a\u00f0 heyra \u00ed \u00fe\u00e1tttakendum \u00e1 fundinum og fundurinn tekur vel \u00ed \u00fea\u00f0.<\/p>\n<p>Arnar fr\u00e1 Leikf\u00e9lagi H\u00fana\u00feings Vestra byrjar. Ekkert er komi\u00f0 af sta\u00f0 en \u00feau eru a\u00f0 byrja \u00e1 vinnu \u00ed sambandi vi\u00f0 s\u00f6ngleik eftir \u00c1rmann Gu\u00f0mundsson sem bygg\u00f0ur er \u00e1 l\u00f6gum Gunna \u00de\u00f3r\u00f0ar. \u00c1\u00e6tlu\u00f0 er frums\u00fdning um p\u00e1skana. \u00deau stefna \u00e1 a\u00f0 setja upp minni j\u00f3la s\u00fdningu.<\/p>\n<p>Sigga L\u00e1ra b\u00fd\u00f0st til a\u00f0 frums\u00fdna n\u00fdja k\u00e6rastan. Valgeir Skagfj\u00f6r\u00f0 er a\u00f0 setja upp Gulleyjuna me\u00f0 leikf\u00e9lagi Flj\u00f3tsdalsh\u00e9r\u00f0s og stefnt \u00e1 frums\u00fdningu \u00ed okt\u00f3ber\/n\u00f3vember. L\u00edklega leikger\u00f0 eftir Karl \u00c1g\u00fast og Sigur\u00f0 Sigurj\u00f3nsson.<\/p>\n<p>Steinunn fr\u00e1 Leikf\u00e9lagi Flateyrar. \u00deau stefndu \u00e1 a\u00f0 setja upp s\u00fdningu \u00ed haust. Nokkrir leikstj\u00f3rar hafa h\u00e6tt vi\u00f0 en n\u00fana vir\u00f0ist \u00fea\u00f0 vera a\u00f0 gl\u00e6\u00f0ast \u00fear sem \u00feau eru \u00ed vi\u00f0r\u00e6\u00f0um vi\u00f0 leikstj\u00f3ra og stefna \u00e1 s\u00fdningu \u00ed vetur.<\/p>\n<p>J\u00f3nhei\u00f0ur segir fr\u00e1 \u00fev\u00ed a\u00f0 miklar framkv\u00e6mdir s\u00e9u \u00ed gangi og fyrirhuga\u00f0ar \u00ed litla leikh\u00fasinu \u00e1 Selfossi og \u00feessvegna hefur frestast a\u00f0 plana haust og vetur en \u00fea\u00f0 er fundur eftir helgi og eftir \u00fea\u00f0 sk\u00fdrist hva\u00f0 ver\u00f0ur h\u00e6gt a\u00f0 gera \u00ed haust og vetur. LS stefnir \u00e1 a\u00f0 taka \u00fe\u00e1tt \u00ed menningarm\u00e1nu\u00f0inum okt\u00f3ber og svo er fyrirhuga\u00f0 a\u00f0 halda einhver n\u00e1mskei\u00f0 og stefnt \u00e1 s\u00fdningu eftir \u00e1ram\u00f3t.<\/p>\n<p>\u00de\u00f3rfr\u00ed\u00f0ur segir fr\u00e1 a\u00f0 Leikf\u00e9lag Nor\u00f0fjar\u00f0ar hefur ekki gert neitt s\u00ed\u00f0an COvid, vegna \u00feess a\u00f0 \u00fea\u00f0 myndi<span class=\"Apple-converted-space\">\u00a0 <\/span>h\u00f3fst en \u00feau stefna \u00e1 s\u00fdningu \u00ed vetur og ver\u00f0a \u00ed samstafi vi\u00f0 j\u00f3lasveinana um j\u00f3lin. B\u00fai\u00f0 er a\u00f0 taka rafmagni\u00f0 \u00ed f\u00e9lagsheimilinu sem ver\u00f0ur b\u00fab\u00f3t fyrir \u00feau. \u00deau reka leikf\u00e9lagi\u00f0 \u00e1 n\u00falli og geyma aldrei pening.<\/p>\n<p>\u00c1sa Hildur fr\u00e1 Halaleikh\u00f3pnum segir fr\u00e1 \u00fev\u00ed a\u00f0 \u00feau hafi veri\u00f0 a\u00f0 \u00e6fa verk \u00ed tv\u00f6 \u00e1r og stefna \u00e1 a\u00f0 s\u00fdna Obbos\u00ed Eldgos eftir Sigr\u00fanu Valbergs \u00ed vetur.<\/p>\n<p>Lilja fr\u00e1 LH segir fr\u00e1 \u00fev\u00ed a\u00f0 l\u00edti\u00f0 s\u00e9 a\u00f0 fr\u00e9tta. Stj\u00f3rnin stefnir \u00e1 fund flj\u00f3tlega til a\u00f0 plana haust og vetur. M\u00f6gulega g\u00e6tu \u00feau fengi\u00f0 inni hj\u00e1 karlak\u00f3rnum \u00derestir en \u00fea\u00f0 er ekki komi\u00f0 \u00e1 hreint. \u00deau eru enn\u00fe\u00e1 h\u00fasn\u00e6\u00f0islaus og halda \u00e1fram a\u00f0 berjast fyrir \u00fev\u00ed en \u00fea\u00f0 er mikill \u00e1hugi \u00e1 a\u00f0 halda starfinu \u00e1fram a\u00f0 skipuleggja n\u00e1mskei\u00f0 til a\u00f0 halda starfi leikf\u00e9lagsins \u00e1 lofti og sinni \u00feeim n\u00fdli\u00f0um sem hafa \u00e1huga \u00e1 a\u00f0 starfa \u00ed leikf\u00e9lagi. Virkni er lykilatri\u00f0i til a\u00f0 f\u00e1 h\u00fasn\u00e6\u00f0i.<\/p>\n<p>Sigr\u00fan talar um a\u00f0 leikf\u00e9lagi\u00f0 S\u00fdnir hafi ekki haft fund \u00ed haust en \u00fea\u00f0 hefur veri\u00f0 umr\u00e6\u00f0a um a\u00f0 skipuleggja stuttverkah\u00e1t\u00ed\u00f0 x fara nor\u00f0ur og x koma su\u00f0ur.<\/p>\n<p>Sigr\u00fan talar um a\u00f0 Leikf\u00e9lag K\u00f3pavogs s\u00e9 a\u00f0 \u00e6fa tvo \u00fe\u00e6tti eftir Dario F\u00f3. \u00c6fingar er \u00ed gangi og ver\u00f0ur frums\u00fdnt 30. Okt\u00f3ber.<\/p>\n<p>D\u00fdrleif talar um a\u00f0 Hugleikur s\u00e9 a\u00f0 stefna \u00e1 a\u00f0 setja upp stuttverkadagskr\u00e1 me\u00f0 verkum eftir J\u00fal\u00edu Hannam, v\u00e6ntanlega s\u00fdning 4.-5. n\u00f3v.<span class=\"Apple-converted-space\">\u00a0 <\/span>\u00deessi hugmynd kvikna\u00f0 eftir a\u00f0 \u00de\u00f3runn stj\u00f3rna\u00f0i stuttverka dagskr\u00e1 me\u00f0 eigin verkum \u00ed vor. \u00de\u00e1 datt J\u00faliu \u00ed hug a\u00f0 gera svipa\u00f0 \u00ed tilefni a\u00f0 sj\u00f6tugs afm\u00e6li s\u00ednu. \u00deau hafa h\u00fasn\u00e6\u00f0i til \u00e6finga en reksturinn kostar og \u00fea\u00f0 f\u00e1st engir styrkir fr\u00e1 Reykjav\u00edkurborg og \u00fea\u00f0 kostar millj\u00f3n \u00e1 \u00e1ri a\u00f0 reka \u00e6fingah\u00fasn\u00e6\u00f0i\u00f0. Reykjav\u00edkurborg hefur ekki komi\u00f0 til m\u00f3ts vi\u00f0 f\u00e9lagi\u00f0 me\u00f0 fasteignagj\u00f6ldin. H\u00f6fundah\u00f3pur hittist og stefnt er \u00e1 s\u00fdningu eftir \u00e1ram\u00f3t. D\u00fdrleif er a\u00f0 taka til og henda allskonar d\u00f3ti sem ekki er nota\u00f0 lengur. Stefnt er \u00e1 t\u00f3man \u00e6fingasal svo h\u00e6gt s\u00e9 a\u00f0 leigja \u00e6fingar\u00fdmi til sj\u00e1lfst\u00e6\u00f0ra leikh\u00f3pa.<span class=\"Apple-converted-space\">\u00a0<\/span><\/p>\n<p>Elli kallar eftir fleiri \u00f6\u00f0rum m\u00e1lum.<\/p>\n<p>H\u00f6r\u00f0ur segir fr\u00e1 \u00fev\u00ed a\u00f0 b\u00fai\u00f0 s\u00e9 a\u00f0 skr\u00e1 Bandalag \u00edslenskra leikf\u00e9laga \u00e1 almannaheilla skr\u00e1 \u00feannig a\u00f0 n\u00fa er h\u00e6gt a\u00f0 styrkja Bandalagi\u00f0 og hann stingur upp \u00e1 a\u00f0 leikf\u00e9l\u00f6gin geti gert \u00fea\u00f0 sama. Hann segir fr\u00e1 \u00fev\u00ed a\u00f0 tillaga hafi komi\u00f0 fram og<span class=\"Apple-converted-space\">\u00a0<\/span><\/p>\n<p>\u00de\u00f3rfr\u00ed\u00f0ur kve\u00f0ur s\u00e9r hlj\u00f3\u00f0s og spyr hvort b\u00fai\u00f0 s\u00e9 a\u00f0 taka \u00e1kv\u00f6r\u00f0un um hvar n\u00e6sti a\u00f0alfundur ver\u00f0ur haldinn \u00fev\u00ed \u00fea\u00f0 kom bo\u00f0 fr\u00e1 leikf\u00e9lagi Nor\u00f0fjar\u00f0ar. Gu\u00f0finna svara a\u00f0 ekki s\u00e9 b\u00fai\u00f0 a\u00f0 r\u00e6\u00f0a \u00feetta til hl\u00fdtar \u00e1 stj\u00f3rnarfundi \u00fear sem \u00fea\u00f0 komu fram tv\u00f6 tilbo\u00f0 um n\u00e6sta a\u00f0alfundasta\u00f0 og \u00fea\u00f0 komi jafnvel til greina a\u00f0 skipta \u00feessu \u00e1 milli \u00e1ra \u00feannig a\u00f0 vi\u00f0 ver\u00f0um \u00ed Freyvangi anna\u00f0 \u00e1ri\u00f0 og \u00e1 Nor\u00f0fir\u00f0i hitt \u00e1ri\u00f0.<\/p>\n<p>Ella hlakkar til a\u00f0 koma \u00e1 tvo sta\u00f0i \u00e1 n\u00e6sta \u00e1ri og stingur upp \u00e1 a\u00f0 nota B\u00cdL b\u00edlinn. Hann kemur svo me\u00f0 fyrirspurn um h\u00fasn\u00e6\u00f0ism\u00e1l Bandalagsins. H\u00f6r\u00f0ur svara \u00fevi a\u00f0 uppi s\u00e9 pattsta\u00f0a milli eiganda h\u00fasn\u00e6\u00f0isins og Reykjav\u00edkurborgar en vi\u00f0 \u00feurfum a\u00f0 vera vi\u00f0 \u00f6llu b\u00fain og g\u00e6tum \u00feurft a\u00f0 finna n\u00fdtt h\u00fasn\u00e6\u00f0i me\u00f0 stuttum fyrirvara. Gu\u00f0finna talar um a\u00f0 h\u00fasn\u00e6\u00f0iskaup s\u00e9u ekki v\u00e6nleg eins og sta\u00f0an er \u00e1 marka\u00f0i \u00ed dag.<\/p>\n<p>Sigr\u00ed\u00f0ur kve\u00f0ur s\u00e9r hlj\u00f3\u00f0s og talar um a\u00f0 m\u00f6gulega g\u00e6ti veri\u00f0 hugmynd a\u00f0 kaupa sm\u00e1h\u00fdsi og f\u00e1 a\u00f0 setja \u00fea\u00f0 einhverssta\u00f0ar. Fundur \u00feakkar fyrir g\u00f3\u00f0a hugmynd og r\u00e6\u00f0ir \u00feetta a\u00f0eins \u00e1fram. \u00deetta ver\u00f0ur sko\u00f0a\u00f0 eins og anna\u00f0 \u00ed sambandi vi\u00f0 h\u00fasn\u00e6\u00f0ism\u00e1ls.<\/p>\n<p>Elli spyr hvort a\u00f0rir vilji segja eitthva\u00f0 og Sigr\u00ed\u00f0ru L\u00e1ra frums\u00fdnir n\u00fdja k\u00e6rastan.<span class=\"Apple-converted-space\">\u00a0<\/span><\/p>\n<p>Gu\u00f0finna \u00feakkar fundarstj\u00f3ra, fundarritara, kj\u00f6rnefnd og framkv\u00e6mdastj\u00f3ra fyrir skipulagi\u00f0 og \u00f6llum fyrir komuna.<\/p>\n<p>H\u00fan \u00feakkar k\u00e6rlega fyrir g\u00f3\u00f0an fund, hvetur f\u00f3lk til a\u00f0 leika meira og hafa samband ef eitthva\u00f0 er og sl\u00edtur fundi.<\/p>","protected":false},"excerpt":{"rendered":"<p>A\u00f0alfundur Bandalags \u00edslenskra leikf\u00e9laga 2022 1. Fundarsetning. Kosning 2ja fundarstj\u00f3ra og 2ja fundarritara, sem taka \u00feegar til starfa. L\u00f6gm\u00e6ti fundarins kanna\u00f0.\u00a0 Gu\u00f0finna Gunnarsd\u00f3ttir forma\u00f0ur Bandalagsins setur \u00feennan framhalds a\u00f0alfund vi\u00f0 72. a\u00f0alfund B\u00cdL. H\u00fan b\u00fd\u00f0ur alla velkomna.\u00a0 Gu\u00f0finna stingur upp \u00e1 F. Ella Hafli\u00f0asyni sem fundarstj\u00f3ra og J\u00f3nhei\u00f0i \u00cdsleifsd\u00f3ttur sem fundarritara.\u00a0 Elli bi\u00f0ur um k\u00f6nnun [&hellip;]<\/p>\n","protected":false},"author":3,"featured_media":0,"comment_status":"closed","ping_status":"closed","sticky":false,"template":"","format":"standard","meta":{"_et_pb_use_builder":"","_et_pb_old_content":"","_et_gb_content_width":"","footnotes":""},"categories":[206],"tags":[],"class_list":["post-38100","post","type-post","status-publish","format-standard","hentry","category-adalfundargerdir","et-doesnt-have-format-content","et_post_format-et-post-format-standard"],"_links":{"self":[{"href":"https:\/\/leiklist.is\/en\/wp-json\/wp\/v2\/posts\/38100","targetHints":{"allow":["GET"]}}],"collection":[{"href":"https:\/\/leiklist.is\/en\/wp-json\/wp\/v2\/posts"}],"about":[{"href":"https:\/\/leiklist.is\/en\/wp-json\/wp\/v2\/types\/post"}],"author":[{"embeddable":true,"href":"https:\/\/leiklist.is\/en\/wp-json\/wp\/v2\/users\/3"}],"replies":[{"embeddable":true,"href":"https:\/\/leiklist.is\/en\/wp-json\/wp\/v2\/comments?post=38100"}],"version-history":[{"count":0,"href":"https:\/\/leiklist.is\/en\/wp-json\/wp\/v2\/posts\/38100\/revisions"}],"wp:attachment":[{"href":"https:\/\/leiklist.is\/en\/wp-json\/wp\/v2\/media?parent=38100"}],"wp:term":[{"taxonomy":"category","embeddable":true,"href":"https:\/\/leiklist.is\/en\/wp-json\/wp\/v2\/categories?post=38100"},{"taxonomy":"post_tag","embeddable":true,"href":"https:\/\/leiklist.is\/en\/wp-json\/wp\/v2\/tags?post=38100"}],"curies":[{"name":"wp","href":"https:\/\/api.w.org\/{rel}","templated":true}]}}