{"id":38090,"date":"2022-09-23T11:53:52","date_gmt":"2022-09-23T11:53:52","guid":{"rendered":"https:\/\/leiklist.is\/?p=38090"},"modified":"2022-10-19T13:33:49","modified_gmt":"2022-10-19T13:33:49","slug":"benedikt-bualfur-i-hveragerdi","status":"publish","type":"post","link":"https:\/\/leiklist.is\/en\/benedikt-bualfur-i-hveragerdi\/","title":{"rendered":"Benedikt b\u00fa\u00e1lfur \u00ed Hverager\u00f0i"},"content":{"rendered":"<p>Leikf\u00e9lag Hverager\u00f0is var\u00f0 75 \u00e1ra fyrr \u00e1 \u00e1rinu, en f\u00e9lagi\u00f0 var stofna\u00f0 23 febr\u00faar 1947 og \u00ed\u00a0tilefni \u00feessa st\u00f3rafm\u00e6lis var \u00e1kve\u00f0i\u00f0 a\u00f0 setja upp \u00e6vint\u00fdri\u00f0 um <strong>Benedikt b\u00fa\u00e1lf<\/strong>\u00a0hinn ge\u00f0\u00feekka og \u00e6vint\u00fdri hans. Leikriti\u00f0 er unni\u00f0 upp \u00far fyrstu b\u00f3kinni um Benedikt b\u00fa\u00e1lf en h\u00f6fundur s\u00f6gunnar er \u00d3lafur Gunnar Gu\u00f0laugsson. T\u00f3nlistina samdi \u00deorvaldur Bjarni \u00deorvaldsson en s\u00f6ngtextana s\u00f6mdu \u00feau Andrea Gylfad\u00f3ttir og Karl \u00c1g\u00fast \u00dalfsson.<br \/>\nVerki\u00f0 hefst \u00e1 \u00fev\u00ed a\u00f0 D\u00edd\u00ed mannabarn rekur augun \u00ed Benedikt, \u00fear sem hann stendur n\u00fdkom \u00far ba\u00f0i me\u00f0 handkl\u00e6\u00f0i um sig mi\u00f0jan \u00ed \u00a0ba\u00f0herberginu hennar. B\u00fa\u00e1lfar eru nefnilega a\u00f0eins s\u00fdnilegir mannab\u00f6rnum \u00feegar \u00feeir eru blautir!\u00a0\u00d6rl\u00f6g b\u00fa\u00e1lfa eru me\u00f0 \u00feeim \u00f3sk\u00f6pum a\u00f0 \u00feegar \u00feeir ver\u00f0a mannab\u00f6rnum s\u00fdnilegir, \u00fe\u00e1 r\u00e1\u00f0a mannab\u00f6rnin hva\u00f0 ver\u00f0ur um \u00fe\u00e1.<br \/>\nBenedikt og D\u00eddi ver\u00f0a hinsvegar g\u00f3\u00f0ir vinir og lenda \u00ed miklum \u00e6vint\u00fdrum og mikilli h\u00e6ttu \u00ed \u00c1lfheimum. Allt fer \u00fe\u00f3 vel a\u00f0 lokum eins og vera ber \u00ed g\u00f3\u00f0um \u00e6vint\u00fdrum.<\/p>\n<p>Leikstj\u00f3ri s\u00fdningarinnar er Gunnar Gunnsteinsson. Dansh\u00f6fundar eru Maria Araceli og Baldvin Alan Torarensen. Frums\u00fdning ver\u00f0ur laugardaginn 24 sept. en <a href=\"https:\/\/tix.is\/is\/event\/14089\/benedikt-bualfur\/\">mi\u00f0asala fer fram \u00e1\u00a0TIX.IS<\/a>.\u00a0S\u00fdningar eru svo \u00e1\u00e6tla\u00f0ar \u00ed okt\u00f3ber og n\u00f3vember.<br \/>\nN\u00e1nari uppl\u00fdsingar m\u00e1 f\u00e1 \u00e1 <a href=\"https:\/\/www.facebook.com\/Leikf\u00e9lag-Hverager\u00f0is-1533083883651805\">Facebooks\u00ed\u00f0u Leikf\u00e9lagsins<\/a>.\u00a0S\u00fdnt er \u00ed Leikh\u00fasinu \u00cd Hverager\u00f0i a\u00f0 Austurm\u00f6rk 23.<\/p>\n<p>&nbsp;<\/p>\n<p>&nbsp;<\/p>\n<p>&nbsp;<\/p>","protected":false},"excerpt":{"rendered":"<p>Leikf\u00e9lag Hverager\u00f0is var\u00f0 75 \u00e1ra fyrr \u00e1 \u00e1rinu, en f\u00e9lagi\u00f0 var stofna\u00f0 23 febr\u00faar 1947 og \u00ed\u00a0tilefni \u00feessa st\u00f3rafm\u00e6lis var \u00e1kve\u00f0i\u00f0 a\u00f0 setja upp \u00e6vint\u00fdri\u00f0 um Benedikt b\u00fa\u00e1lf\u00a0hinn ge\u00f0\u00feekka og \u00e6vint\u00fdri hans. Leikriti\u00f0 er unni\u00f0 upp \u00far fyrstu b\u00f3kinni um Benedikt b\u00fa\u00e1lf en h\u00f6fundur s\u00f6gunnar er \u00d3lafur Gunnar Gu\u00f0laugsson. T\u00f3nlistina samdi \u00deorvaldur Bjarni \u00deorvaldsson en [&hellip;]<\/p>\n","protected":false},"author":3,"featured_media":38096,"comment_status":"closed","ping_status":"closed","sticky":false,"template":"","format":"standard","meta":{"_et_pb_use_builder":"","_et_pb_old_content":"","_et_gb_content_width":"","footnotes":""},"categories":[187,213],"tags":[],"class_list":["post-38090","post","type-post","status-publish","format-standard","has-post-thumbnail","hentry","category-allar-frir","category-vikupostur","et-has-post-format-content","et_post_format-et-post-format-standard"],"_links":{"self":[{"href":"https:\/\/leiklist.is\/en\/wp-json\/wp\/v2\/posts\/38090","targetHints":{"allow":["GET"]}}],"collection":[{"href":"https:\/\/leiklist.is\/en\/wp-json\/wp\/v2\/posts"}],"about":[{"href":"https:\/\/leiklist.is\/en\/wp-json\/wp\/v2\/types\/post"}],"author":[{"embeddable":true,"href":"https:\/\/leiklist.is\/en\/wp-json\/wp\/v2\/users\/3"}],"replies":[{"embeddable":true,"href":"https:\/\/leiklist.is\/en\/wp-json\/wp\/v2\/comments?post=38090"}],"version-history":[{"count":0,"href":"https:\/\/leiklist.is\/en\/wp-json\/wp\/v2\/posts\/38090\/revisions"}],"wp:featuredmedia":[{"embeddable":true,"href":"https:\/\/leiklist.is\/en\/wp-json\/wp\/v2\/media\/38096"}],"wp:attachment":[{"href":"https:\/\/leiklist.is\/en\/wp-json\/wp\/v2\/media?parent=38090"}],"wp:term":[{"taxonomy":"category","embeddable":true,"href":"https:\/\/leiklist.is\/en\/wp-json\/wp\/v2\/categories?post=38090"},{"taxonomy":"post_tag","embeddable":true,"href":"https:\/\/leiklist.is\/en\/wp-json\/wp\/v2\/tags?post=38090"}],"curies":[{"name":"wp","href":"https:\/\/api.w.org\/{rel}","templated":true}]}}