{"id":3809,"date":"2012-05-25T13:06:24","date_gmt":"2012-05-25T13:06:24","guid":{"rendered":"http:\/\/wp.leiklist.is\/?p=3809"},"modified":"2012-05-25T13:06:24","modified_gmt":"2012-05-25T13:06:24","slug":"fyrsti-samlestur-a-sjoe-samuraeum","status":"publish","type":"post","link":"https:\/\/leiklist.is\/en\/fyrsti-samlestur-a-sjoe-samuraeum\/","title":{"rendered":"Fyrsti samlestur \u00e1 Sj\u00f6 sam\u00far\u00e6um"},"content":{"rendered":"<p>\u00deri\u00f0judaginn 29. ma\u00ed kl. 20 ver\u00f0ur fyrsti samlestur \u00e1 Sj\u00f6 sam\u00far\u00e6um sem Leikf\u00e9lagi\u00f0 S\u00fdnir hyggst setja upp \u00ed Elli\u00f0a\u00e1rdal n\u00fa \u00ed sumar. Leikstj\u00f3ri og h\u00f6fundur leikger\u00f0ar er Gu\u00f0mundur Erlingsson en verki\u00f0 byggir hann \u00e1 hinni klass\u00edsku kvikmynd Akiros Kurosawa sem aftur byggir \u00e1 aldagamalli \u00fej\u00f3\u00f0s\u00f6gu. Frums\u00fdnt ver\u00f0ur um mi\u00f0jan j\u00fal\u00ed og eru allir sem \u00e1huga hafa \u00e1 a\u00f0 taka \u00fe\u00e1tt \u00ed s\u00fdningunni bo\u00f0nir hjartanlega velkomnir. Samlesturinn ver\u00f0ur a\u00f0 Eyjarsl\u00f3\u00f0 9, h\u00fasn\u00e6\u00f0i Hugleiks.<\/p>\n<p>  <!--more-->  <\/p>\n<p>Sj\u00f6 sam\u00far\u00e6ar fjallar um \u00edb\u00faa afskekkts \u00feorps sem b\u00fai\u00f0 hafa vi\u00f0 a\u00f0 r\u00e6ningjah\u00f3pur hir\u00f0i af \u00feeim alla uppskeru aftur og aftur. A\u00f0 lokum sj\u00e1 \u00feeir ekki anna\u00f0 r\u00e1\u00f0 en a\u00f0 f\u00e1 sam\u00far\u00e6a til a\u00f0 hj\u00e1lpa s\u00e9 a\u00f0 hrekja r\u00e6ningjana \u00e1 brott og tekst \u00feeim a\u00f0 safna saman skrautlegum h\u00f3p af sam\u00far\u00e6um sem er tilb\u00fainn a\u00f0 hj\u00e1lpa \u00feeim. En duga Sj\u00f6 sam\u00far\u00e6ar \u00e1 m\u00f3ti heilum r\u00e6ningjah\u00f3p?<\/p>\n<p>Gu\u00f0mundur Erlingsson er mennta\u00f0ur kvikmyndager\u00f0arma\u00f0ur og hefur undanfarin \u00e1r starfa\u00f0 me\u00f0 Hugleik \u00fear sem hann m.a. leikst\u00fdr\u00f0i verkinu Hannyr\u00f0um og hagleiksm\u00f6nnum \u00e1ri\u00f0 2010 auk \u00feess sem hann hefur leikst\u00fdrt \u00fear nokkrum stuttverkum.<\/p>\n<p>Leikf\u00e9lagi\u00f0 S\u00fdnir var stofna\u00f0 af \u00e1hugaleikurum sem s\u00f3ttu Leiklistarsk\u00f3la Bandalags \u00edslenskra leikf\u00e9laga \u00e1ri\u00f0 1997, fyrsta \u00e1ri\u00f0 sem hann starfa\u00f0i,. \u00deetta var f\u00f3lk sem kom v\u00ed\u00f0svegar a\u00f0 af landinu og hefur f\u00e9lagi\u00f0 s\u00ed\u00f0an skilgreint sem \u00feannig \u00fe\u00f3tt a\u00f0 undanf\u00f6rnu hafi starfsemin fyrst og fremst veri\u00f0 \u00e1 su\u00f0versturhorninu. Leikf\u00e9lagi\u00f0 hefur a\u00f0 mestu leyti starfa\u00f0 \u00e1 sumrin og sett upp \u00fatileiks\u00fdningar og m\u00e1 \u00fear nefna Draum \u00e1 J\u00f3nsmessun\u00f3tt Shakespeares, M\u00e1finn eftir Chekov og N\u00fdja t\u00edma eftir B\u00f6\u00f0var Gu\u00f0mundsson sem var fyrsta st\u00f3ra verkefni leikf\u00e9lagsins og var s\u00fdnt v\u00ed\u00f0svegar um landi\u00f0.<\/p>\n<p>Frekari uppl\u00fdsingar f\u00e1st hj\u00e1 Gu\u00f0mundi \u00ed s\u00edma 663 9885 e\u00f0a \u00c1rmanni \u00ed 864 4880.<\/p>\n<p>{mos_fb_discuss:2}<\/p>","protected":false},"excerpt":{"rendered":"<p>\u00deri\u00f0judaginn 29. ma\u00ed kl. 20 ver\u00f0ur fyrsti samlestur \u00e1 Sj\u00f6 sam\u00far\u00e6um sem Leikf\u00e9lagi\u00f0 S\u00fdnir hyggst setja upp \u00ed Elli\u00f0a\u00e1rdal n\u00fa \u00ed sumar. Leikstj\u00f3ri og h\u00f6fundur leikger\u00f0ar er Gu\u00f0mundur Erlingsson en verki\u00f0 byggir hann \u00e1 hinni klass\u00edsku kvikmynd Akiros Kurosawa sem aftur byggir \u00e1 aldagamalli \u00fej\u00f3\u00f0s\u00f6gu. Frums\u00fdnt ver\u00f0ur um mi\u00f0jan j\u00fal\u00ed og eru allir sem \u00e1huga [&hellip;]<\/p>\n","protected":false},"author":3,"featured_media":3808,"comment_status":"open","ping_status":"open","sticky":false,"template":"","format":"standard","meta":{"_et_pb_use_builder":"","_et_pb_old_content":"","_et_gb_content_width":"","footnotes":""},"categories":[187],"tags":[],"class_list":["post-3809","post","type-post","status-publish","format-standard","has-post-thumbnail","hentry","category-allar-frir","et-has-post-format-content","et_post_format-et-post-format-standard"],"_links":{"self":[{"href":"https:\/\/leiklist.is\/en\/wp-json\/wp\/v2\/posts\/3809","targetHints":{"allow":["GET"]}}],"collection":[{"href":"https:\/\/leiklist.is\/en\/wp-json\/wp\/v2\/posts"}],"about":[{"href":"https:\/\/leiklist.is\/en\/wp-json\/wp\/v2\/types\/post"}],"author":[{"embeddable":true,"href":"https:\/\/leiklist.is\/en\/wp-json\/wp\/v2\/users\/3"}],"replies":[{"embeddable":true,"href":"https:\/\/leiklist.is\/en\/wp-json\/wp\/v2\/comments?post=3809"}],"version-history":[{"count":0,"href":"https:\/\/leiklist.is\/en\/wp-json\/wp\/v2\/posts\/3809\/revisions"}],"wp:featuredmedia":[{"embeddable":true,"href":"https:\/\/leiklist.is\/en\/wp-json\/"}],"wp:attachment":[{"href":"https:\/\/leiklist.is\/en\/wp-json\/wp\/v2\/media?parent=3809"}],"wp:term":[{"taxonomy":"category","embeddable":true,"href":"https:\/\/leiklist.is\/en\/wp-json\/wp\/v2\/categories?post=3809"},{"taxonomy":"post_tag","embeddable":true,"href":"https:\/\/leiklist.is\/en\/wp-json\/wp\/v2\/tags?post=3809"}],"curies":[{"name":"wp","href":"https:\/\/api.w.org\/{rel}","templated":true}]}}