{"id":3804,"date":"2012-05-24T09:39:34","date_gmt":"2012-05-24T09:39:34","guid":{"rendered":"http:\/\/wp.leiklist.is\/?p=3804"},"modified":"2020-03-08T14:47:37","modified_gmt":"2020-03-08T14:47:37","slug":"aealfundur-bandalags-islenskra-leikfelaga-5-6-mai-2012","status":"publish","type":"post","link":"https:\/\/leiklist.is\/en\/aealfundur-bandalags-islenskra-leikfelaga-5-6-mai-2012\/","title":{"rendered":"A\u00f0alfundur Bandalags \u00edslenskra leikf\u00e9laga 5.-6. ma\u00ed 2012 \u00e1 \u00cdsafir\u00f0i"},"content":{"rendered":"<p style=\"text-align: center;\"><span style=\"font-size: 10pt;\"><strong>A\u00f0alfundur Bandalags \u00edslenskra leikf\u00e9laga<\/strong><\/span><br \/>\n<span style=\"font-size: 10pt;\"><strong>haldinn \u00ed Edinborgarh\u00fasinu \u00e1 \u00cdsafir\u00f0i 5.\u20136. ma\u00ed 2012<\/strong><\/span><\/p>\n<p>&nbsp;<\/p>\n<p><em><strong>1. \u00a0\u00a0 \u00a0Fundarsetning. Kosning 2ja og 2ja fundarritara, sem taka \u00feegar til starfa. L\u00f6gm\u00e6ti fundarins kanna\u00f0.<\/strong><\/em><\/p>\n<p>\u00deorgeir Tryggvason, forma\u00f0ur Bandalagsins, setti fundinn og stakk upp \u00e1 Sveinbirni Bj\u00f6rnssyni og Sturlu P\u00e1li Sturlusyni fr\u00e1 Litla leikkl\u00fabbnum sem fundarstj\u00f3rum og \u00c1rmanni Gu\u00f0mundssyni, ritara skrifstofu, og Evu Bj\u00f6rg Har\u00f0ard\u00f3ttur, Leikf\u00e9lagi Mosfellssveitar, sem fundarriturum. Sam\u00feykkt af fundinum. L\u00f6gm\u00e6ti fundarins kanna\u00f0 og sta\u00f0fest.<\/p>\n<p><em><strong>2. \u00a0\u00a0 \u00a0Kj\u00f6rnefnd afgrei\u00f0ir kj\u00f6rbr\u00e9f og afhendir atkv\u00e6\u00f0aspj\u00f6ld, sk\u00fdrir st\u00f6\u00f0u m\u00e1la var\u00f0andi stj\u00f3rnarkj\u00f6r og augl\u00fdsir eftir till\u00f6gum.<\/strong><\/em><\/p>\n<p>Kj\u00f6rnefnd, skipu\u00f0 D\u00fdrleifu J\u00f3nsd\u00f3ttur, Leikf\u00e9lagi Hafnarfjar\u00f0ar, Sigr\u00ed\u00f0i L\u00e1ru Sigurj\u00f3nsd\u00f3ttur, Hugleik og Ger\u00f0i Sigur\u00f0ard\u00f3ttur, Leikf\u00e9lagi Selfoss, afhenti atkv\u00e6\u00f0aspj\u00f6ld og kynnti st\u00f6\u00f0u m\u00e1la var\u00f0andi stj\u00f3rnarkj\u00f6r.<\/p>\n<p><em><strong>3. \u00a0\u00a0 \u00a0Menningarstefna Bandalagsins lesin og r\u00e6dd.<\/strong><\/em><\/p>\n<p>\u00der\u00fa\u00f0ur Sigur\u00f0ar, Leikf\u00e9lagi \u00d6lfuss og varastj\u00f3rn Bandalagsins, las menningarstefnuna. Engar umr\u00e6\u00f0ur.<\/p>\n<p><em><strong>4. \u00a0\u00a0 \u00a0Sta\u00f0fest inntaka n\u00fdrra f\u00e9laga, f\u00e9l\u00f6g tekin af f\u00e9lagaskr\u00e1.<\/strong><\/em><\/p>\n<p>Embla Gu\u00f0mundsd\u00f3ttir, Umf. Reykd\u00e6la og varastj\u00f3rn, kynnti a\u00f0ildarf\u00e9l\u00f6g. Leikf\u00e9lag Austur-Eyfellinga, Leikf\u00e9lag Bolungav\u00edkur og Leikf\u00e9lag Flateyrar hafa s\u00f3tt um inng\u00f6ngu og stj\u00f3rn sam\u00feykkt \u00feau. Fundurinn sta\u00f0festi innt\u00f6ku \u00feeirra. Ekkert f\u00e9lag hefur sagt sig \u00far Bandalaginu e\u00f0a veri\u00f0 teki\u00f0 af skr\u00e1 vegna \u00e1rgjaldaskulda \u00e1 leik\u00e1rinu.<\/p>\n<p><em><strong>5. \u00a0\u00a0 \u00a0Fundarger\u00f0 s\u00ed\u00f0asta a\u00f0alfundar afgreidd.<\/strong><\/em><\/p>\n<p>Fundarger\u00f0in borin upp og sam\u00feykkt.<\/p>\n<p><em><strong>6. \u00a0\u00a0 \u00a0Lagabreytingar.<\/strong><\/em><\/p>\n<p>Stj\u00f3rn f\u00f3r fram \u00e1 a\u00f0 breyting yr\u00f0i ger\u00f0 \u00e1 fundardagskr\u00e1 og lagabreytingar fluttar fram fyrir sk\u00fdrslu formanns og reikninga. \u00c1st\u00e6\u00f0an fyrir \u00fev\u00ed var s\u00fa a\u00f0 \u00fea\u00f0 \u00feurfti lagabreytingu til a\u00f0 gera \u00fea\u00f0 l\u00f6glegt a\u00f0 \u00e1rsreikningur var ger\u00f0ur af vi\u00f0urkenndum b\u00f3kara \u00ed \u00e1r, ekki l\u00f6ggiltum endursko\u00f0anda eins og hinga\u00f0 til og \u00e1tti a\u00f0 gera skv. l\u00f6gum Bandalagsins. Vilborg Valgar\u00f0sd\u00f3ttir, framkv\u00e6mdastj\u00f3ri Bandalagsins, sag\u00f0i a\u00f0 \u00fea\u00f0 v\u00e6ri helmingi \u00f3d\u00fdrara a\u00f0 l\u00e1ta vi\u00f0urkenndan b\u00f3kara setja upp reikninga en l\u00f6ggiltan endursko\u00f0anda. Breytingatill\u00f6gur ger\u00f0ar vi\u00f0 greinar 3, 7, 12 og 17 \u00ed l\u00f6gum Bandalagsins. \u00deorgeir Tryggvason ger\u00f0i grein fyrir till\u00f6gunum.<\/p>\n<p style=\"text-align: center;\"><strong>Tillaga a\u00f0 breytingum \u00e1 l\u00f6gum Bandalags \u00edslenskra leikf\u00e9laga <\/strong><br \/>\n<strong>fr\u00e1 stj\u00f3rn og varastj\u00f3rn &#8211; l\u00f6g\u00f0 fyrir a\u00f0alfund 5. ma\u00ed 2012<\/strong><\/p>\n<p>Ath. a\u00f0 vi\u00f0b\u00e6tur eru <strong>feitletra\u00f0ar<\/strong> en \u00farfellingar <em>sk\u00e1letra\u00f0ar<\/em>.<\/p>\n<p>3. grein<br \/>\nMarkmi\u00f0 Bandalagsins er a\u00f0 vinna a\u00f0 \u00fer\u00f3un og eflingu leiklistar \u00e1 \u00cdslandi.<br \/>\nMarkmi\u00f0i \u00feessu hyggst \u00fea\u00f0 n\u00e1 me\u00f0 \u00fev\u00ed:<\/p>\n<p>1. A\u00f0 stu\u00f0la a\u00f0 uppbyggingu leiklistarstarfs \u00ed \u00f6llum bygg\u00f0arl\u00f6gum landsins.<br \/>\n2. A\u00f0 gera \u00e1hugaf\u00f3lki kleift a\u00f0 afla s\u00e9r menntunar \u00ed listinni og skapa \u00fev\u00ed a\u00f0st\u00f6\u00f0u til a\u00f0 \u00feroskast \u00ed menningarlegu og faglegu tilliti.<br \/>\n3. A\u00f0 annast innkaup og s\u00f6lu \u00e1 varningi sem leiklistarstarfsemin \u00fearfnast.<br \/>\n4. A\u00f0 \u00fatvega leikverk og sj\u00e1 um fj\u00f6lritun \u00feeirra e\u00f0a \u00fatg\u00e1fu.<br \/>\n5. A\u00f0 \u00fatvega leikstj\u00f3ra\/lei\u00f0beinendur s\u00e9 \u00feess \u00f3ska\u00f0.<br \/>\n6. A\u00f0 mi\u00f0la uppl\u00fdsingum og fr\u00e6\u00f0slu \u00e1 skilvirkan h\u00e1tt.<br \/>\n7. A\u00f0 kynna starfsemi \u00edslenskra \u00e1hugaleikf\u00e9laga innan lands sem utan.<br \/>\n8. A\u00f0 \u00f6rva leikf\u00e9l\u00f6g til a\u00f0 leita n\u00fdrra lei\u00f0a \u00ed leiklistarstarfi.<\/p>\n<p>Til a\u00f0 au\u00f0velda s\u00e9r a\u00f0 n\u00e1 markmi\u00f0um s\u00ednum rekur Bandalagi\u00f0 \u00fej\u00f3nustumi\u00f0st\u00f6\u00f0 <strong>og heldur \u00fati Leiklistarvefnum.<\/strong><\/p>\n<p>7. grein<br \/>\nStj\u00f3rn Bandalagsins fer me\u00f0 \u00e6\u00f0sta vald Bandalagsins milli a\u00f0alfunda, hana skipi 5 menn, forma\u00f0ur, varaforma\u00f0ur, ritari og tveir me\u00f0stj\u00f3rnendur. \u00deeir skulu kosnir \u00e1 a\u00f0alfundi til tveggja \u00e1ra \u00ed senn, \u00feannig a\u00f0 anna\u00f0 \u00e1ri\u00f0 er kosinn forma\u00f0ur og einn stj\u00f3rnarmanna, en n\u00e6sta \u00e1r \u00fer\u00edr stj\u00f3rnarmenn. Forma\u00f0ur er kosinn s\u00e9rstaklega, en a\u00f0 \u00f6\u00f0ru leyti skiptir stj\u00f3rnin me\u00f0 s\u00e9r verkum. \u00c1 sama h\u00e1tt skal kj\u00f3sa \u00fdmist tvo e\u00f0a \u00ferj\u00e1 \u00ed fimm manna varastj\u00f3rn. Varastj\u00f3rnarmenn eru bo\u00f0a\u00f0ir \u00e1 alla stj\u00f3rnarfundi og hafa m\u00e1lfrelsi og till\u00f6gur\u00e9tt, en ekki atkv\u00e6\u00f0isr\u00e9tt nema \u00feegar \u00feeir taka s\u00e6ti \u00ed a\u00f0alstj\u00f3rn vegna forfalla a\u00f0almanna. Kosningar skulu bundnar vi\u00f0 upp\u00e1stungur. Forma\u00f0ur bo\u00f0ar til stj\u00f3rnarfunda. Halda skal minnst fj\u00f3ra stj\u00f3rnarfundi \u00e1 \u00e1ri og skulu fundarger\u00f0ir <em>sendar \u00fat til f\u00e9laganna<\/em> <strong>birtar \u00e1 Leiklistarvefnum og \u00ed \u00c1rsriti Bandalagsins.<\/strong> Fundur er l\u00f6gm\u00e6tur ef minnst \u00fer\u00edr a\u00f0almenn m\u00e6ta.<\/p>\n<p>12. grein<br \/>\nReiknings\u00e1r Bandalagsins er almanaks\u00e1ri\u00f0. Reikningar \u00feess skulu settir upp af <strong>vi\u00f0urkenndum b\u00f3kara e\u00f0a<\/strong> l\u00f6ggiltum endursko\u00f0anda og skulu \u00feeir vera tilb\u00fanir fyrir sko\u00f0unarmenn reikninga eigi s\u00ed\u00f0ar er fj\u00f3rum vikum fyrir a\u00f0alfund.<\/p>\n<p>17. grein<br \/>\nBandalagsf\u00e9l\u00f6g sem fer\u00f0ast me\u00f0 leikrit til s\u00fdninga, skulu hafa samr\u00e1\u00f0 vi\u00f0 leikf\u00e9l\u00f6g \u00e1 fyrirhugu\u00f0um s\u00fdningarst\u00f6\u00f0um, svo s\u00fdningar \u00feeirra ska\u00f0i ekki vi\u00f0komandi f\u00e9l\u00f6g. <em>\u00d3heimilt er a\u00f0 koma me\u00f0 sama verk til s\u00fdningar og veri\u00f0 er a\u00f0 \u00e6fa e\u00f0a s\u00fdna \u00e1 sta\u00f0num. <\/em>\u00cd s\u00fdningarfer\u00f0um skulu Bandalagsf\u00e9l\u00f6gin a\u00f0sto\u00f0a hvert anna\u00f0 eftir bestu getu.<\/p>\n<p><em>Stj\u00f3rn Bandalags \u00edsl. leikf\u00e9laga:\u00a0 <\/em><br \/>\n<em>\u00deorgeir Tryggvason, forma\u00f0ur<\/em><br \/>\n<em>Gu\u00f0finna Gunnarsd\u00f3ttir, varaforma\u00f0ur<\/em><br \/>\n<em>\u00d3l\u00f6f \u00de\u00f3r\u00f0ard\u00f3ttir, ritari<\/em><br \/>\n<em>Halld\u00f3r Sigurgeirsson, me\u00f0stj\u00f3rnandi<\/em><br \/>\n<em>\u00c1sa Hildur Gu\u00f0j\u00f3nsd\u00f3ttir, me\u00f0stj\u00f3rnandi<\/em><\/p>\n<p><em>Varastj\u00f3rn Bandalags \u00edsl. leikf\u00e9laga:<\/em><br \/>\n<em>Halla R\u00fan Tryggvad\u00f3ttir<\/em><br \/>\n<em>Magn\u00fas J. Magn\u00fasson<\/em><br \/>\n<em>Bernhar\u00f0 Arnarsson<\/em><br \/>\n<em>\u00der\u00fa\u00f0ur Sigur\u00f0ard\u00f3ttir<\/em><br \/>\n<em>Embla Gu\u00f0mundsd\u00f3ttir<\/em><\/p>\n<p><em>Atkv\u00e6\u00f0i greidd um hverja grein fyrir sig og \u00fe\u00e6r allar sam\u00feykktar einr\u00f3ma. L\u00f6gin \u00ed heild sinni sam\u00feykkt, einnig einr\u00f3ma.<\/em><\/p>\n<p><em><strong>7. \u00a0\u00a0 \u00a0Sk\u00fdrsla stj\u00f3rnar.<\/strong><\/em><\/p>\n<p><span style=\"text-decoration: underline;\">\u00deorgeir Tryggvason flutti sk\u00fdrslu stj\u00f3rnar.<\/span><\/p>\n<p style=\"text-align: center;\"><strong>Sk\u00fdrsla formanns Bandalags \u00edslenskra leikf\u00e9laga<\/strong><br \/>\n<strong>\u00e1 a\u00f0alfundi \u00e1 \u00cdsafir\u00f0i,\u00a0 5.\u20136. ma\u00ed 2012<\/strong><\/p>\n<p><strong>I \u2013 Stj\u00f3rn<\/strong><\/p>\n<p>\u00c1 starfs\u00e1rinu skipu\u00f0u stj\u00f3rn \u00feau:<\/p>\n<p>\u00deorgeir Tryggvason, Reykjav\u00edk, forma\u00f0ur<br \/>\nGu\u00f0finna Gunnarsd\u00f3ttir, Selfossi, varaforma\u00f0ur<br \/>\n\u00d3l\u00f6f \u00de\u00f3r\u00f0ard\u00f3ttir, Mosfellsb\u00e6, ritari<br \/>\n\u00c1sa Hildur Gu\u00f0j\u00f3nsd\u00f3ttir, Reykjav\u00edk, me\u00f0stj\u00f3rnandi<br \/>\nog Halld\u00f3r Sigurgeirsson, Eyjafjar\u00f0arsveit, me\u00f0stj\u00f3rnandi<\/p>\n<p>\u00cd varastj\u00f3rn s\u00e1tu Halla R\u00fan Tryggvad\u00f3ttir, Magn\u00fas J. Magn\u00fasson, \u00der\u00fa\u00f0ur Sigur\u00f0ar, Bernhar\u00f0 Arnarson og Embla Gu\u00f0mundsd\u00f3ttir.<\/p>\n<p>\u00cd \u00fej\u00f3nustumi\u00f0st\u00f6\u00f0inni starfa s\u00ed\u00f0an Vilborg Valgar\u00f0sd\u00f3ttir framkv\u00e6mdastj\u00f3ri og ritarinn \u00c1rmann Gu\u00f0mundsson.<\/p>\n<p>Fj\u00f3rir stj\u00f3rnarfundir voru haldnir \u00e1 \u00e1rinu, flestir \u00ed h\u00f6fu\u00f0st\u00f6\u00f0vunum \u00ed Reykjav\u00edk, en einnig \u00ed tengslum vi\u00f0 a\u00f0alfund. Stj\u00f3rnarm\u00f6nnum og starfsf\u00f3lki er \u00feakka\u00f0 fyrir g\u00f3\u00f0a og vinnusama fundi \u00e1 starfs\u00e1rinu.<\/p>\n<p><strong>II \u2013 Starfsemi f\u00e9laganna<\/strong><\/p>\n<p>\u00derj\u00e1t\u00edu og n\u00edu a\u00f0ildarf\u00e9l\u00f6g Bandalagsins sendu inn styrkums\u00f3knir fyrir alls 102 verkefni fyrir leik\u00e1ri\u00f0 2010-2011. Fullur styrkur reyndist vera 258,590 kr\u00f3nur en alls voru 17,0 m.kr til skiptanna. \u00c1rsriti\u00f0 okkar inniheldur s\u00ed\u00f0an allar frekari uppl\u00fdsingar um starfsemina. Ekki liggja fyrir t\u00f6lur um umfang starfsins \u00e1 \u00feessu leik\u00e1ri en engin \u00e1st\u00e6\u00f0a til a\u00f0 \u00e6tla anna\u00f0 en \u00fea\u00f0 s\u00e9 svipa\u00f0 og veri\u00f0 hefur. F\u00e9l\u00f6gin \u00ed Bandalaginu eru n\u00fa sext\u00edu og \u00ferj\u00fa. \u00derj\u00fa hafa b\u00e6st vi\u00f0 \u00e1 starfs\u00e1rinu, \u00f6ll endurvakin, Leikf\u00e9lag Austur-Eyfellinga og tv\u00f6 h\u00e9r \u00e1 Vestfj\u00f6r\u00f0um, Leikf\u00e9l\u00f6g Flateyrar og Bolungav\u00edkur.<\/p>\n<p>\u00c9g sag\u00f0i \u00e1\u00f0an a\u00f0 fundir stj\u00f3rnar hef\u00f0u veri\u00f0 g\u00f3\u00f0ir \u00e1 \u00e1rinu, en heldur vorum vi\u00f0 ekki \u00e1 t\u00e1num \u00e1 s\u00ed\u00f0asta \u00fathlutunarfundi. \u00deegar f\u00e9l\u00f6gum b\u00e1rust ni\u00f0urst\u00f6\u00f0urnar rak talnagl\u00f6ggur forma\u00f0ur, Silja Bj\u00f6rk Huldud\u00f3ttir hj\u00e1 Hugleik, augun \u00ed a\u00f0 ni\u00f0urst\u00f6\u00f0urnar voru ekki allskostar r\u00e9ttar. Athugun framkv\u00e6mdastj\u00f3ra leiddi \u00ed lj\u00f3s reiknisskekkju sem vanreikna\u00f0i \u00e1lagsgrei\u00f0slur vegna styttri verkefna sem a\u00f0 sj\u00e1lfs\u00f6g\u00f0u skekkti s\u00ed\u00f0an ni\u00f0urst\u00f6\u00f0ur allar. Enn og aftur bi\u00f0ur stj\u00f3rn afs\u00f6kunar \u00e1 \u00feessum mist\u00f6kum og \u00feakkar a\u00f0ildarf\u00e9l\u00f6gum fyrir sn\u00f6gg og skilningsr\u00edk vi\u00f0br\u00f6g\u00f0 \u00feegar \u00feau \u00fdmist \u00feurftu a\u00f0 endurgrei\u00f0a hluta styrksins e\u00f0a fengu \u00f6rl\u00edti\u00f0 meira. Silju \u00fe\u00f6kkum vi\u00f0 \u00e1rveknina.<\/p>\n<p><strong>III \u2013 Starfs\u00e1\u00e6tlun<\/strong><\/p>\n<p>\u00c1 s\u00ed\u00f0asta a\u00f0alfundi var a\u00f0 venju sam\u00feykkt starfs\u00e1\u00e6tlun og mun \u00e9g fara yfir hana og geta \u00feess hvernig unni\u00f0 var a\u00f0 hverjum li\u00f0 fyrir sig.<\/p>\n<p>Rekstur \u00fej\u00f3nustumi\u00f0st\u00f6\u00f0var, Leiklistarsk\u00f3la, Leiklistarvefsins og annarra fastra li\u00f0a \u00ed starfseminni.<\/p>\n<p>Fastir li\u00f0ir starfseminnar eru meira og minna \u00ed h\u00f6ndum til \u00feess kj\u00f6rinna nefnda og munu fulltr\u00faar \u00feeirra segja okkur fr\u00e1 \u00fev\u00ed undir \u00fear til ger\u00f0um li\u00f0 \u00e1 dagskr\u00e1nni.<\/p>\n<p>\u00c1 s\u00ed\u00f0asta a\u00f0alfundi var sagt fr\u00e1 \u00e1formum um a\u00f0 hefja markvissa leit a\u00f0 \u00f3d\u00fdrara h\u00fasn\u00e6\u00f0i undir starfsemina. Strax \u00fe\u00e1 um helgina var h\u00fasn\u00e6\u00f0inu \u00e1 Su\u00f0urlandsbraut sagt upp og flj\u00f3tlega fannst anna\u00f0, mun \u00f3d\u00fdrara vi\u00f0 Kleppsm\u00fdrarveg. Flutningar \u00feanga\u00f0 gengu snur\u00f0ulaust fyrir sig og h\u00fasn\u00e6\u00f0i\u00f0 smellpassar utan um starfsemina.<\/p>\n<p>\u00de\u00f3 \u00fea\u00f0 muni au\u00f0vita\u00f0 um l\u00e6gri leigu er reksturinn \u00fe\u00f3 alls ekki vi\u00f0unandi. \u00c1hersla hefur veri\u00f0 l\u00f6g\u00f0 \u00e1 \u00fea\u00f0 a\u00f0 f\u00e1 styrk til skrifstofunnar h\u00e6kka\u00f0an, enda lj\u00f3st a\u00f0 vi\u00f0 getum ekki lengi haldi\u00f0 \u00fati \u00f3breyttu \u00fej\u00f3nustustigi f\u00e1ist \u00fea\u00f0 ekki \u00ed gegn. Enn hefur ekki tekist a\u00f0 f\u00e1 h\u00fasn\u00e6\u00f0i\u00f0 \u00e1 Laugarvegi a\u00f0 fullu greitt, kaupandinn er me\u00f0 s\u00edn m\u00e1l \u00ed ferli hj\u00e1 Landsbankanum.<\/p>\n<p>A\u00f0 \u00f6\u00f0ru leyti koma rekstrarm\u00e1l \u00fej\u00f3nustumi\u00f0st\u00f6\u00f0varinnar best fram \u00ed \u00e1rsreikningum sem framkv\u00e6mdastj\u00f3ri sk\u00fdrir s\u00ed\u00f0ar \u00e1 dagskr\u00e1nni.<\/p>\n<p>Leita eftir h\u00e6kku\u00f0um framl\u00f6gum \u00far opinberum sj\u00f3\u00f0um og fr\u00e1 einkaa\u00f0ilum til starfsemi \u00e1hugaleikf\u00e9laganna og sameiginlegra verkefna.<\/p>\n<p>R\u00edkisstyrkurinn er n\u00fa 16,7 millj\u00f3nir kr. til starfsemi leikf\u00e9laganna og 3,5 millj\u00f3nir til \u00fej\u00f3nustumi\u00f0st\u00f6\u00f0varinnar. \u00cd m\u00e1lflutningi okkar gagnvart r\u00edkisvaldinu h\u00f6fum vi\u00f0 lagt meiri \u00e1herslu \u00e1 framlagi\u00f0 til hennar. Forma\u00f0ur og framkv\u00e6mdastj\u00f3ri gengu \u00e1 fund r\u00e1\u00f0herra n\u00fa \u00ed vikunni og reifu\u00f0u \u00feessi m\u00e1l og sendu \u00ed framhaldinu enn eitt br\u00e9fi\u00f0 til fj\u00e1rlaganefndar. Ekki var n\u00fa r\u00e1\u00f0herrann bjarts\u00fdn \u00e1 a\u00f0 umtalsver\u00f0ar h\u00e6kkanir litu dagsins lj\u00f3s \u00ed n\u00e6sta fj\u00e1rlagafrumvarpi, en sj\u00e1um hva\u00f0 setur.<\/p>\n<p>Um einkaa\u00f0ila er varla h\u00e6gt a\u00f0 r\u00e6\u00f0a \u00ed n\u00faverandi \u00e1rfer\u00f0i, auk \u00feess sem m\u00f6guleikarnir \u00e1 a\u00f0 s\u00e6kja f\u00e9 \u00ed \u00feeirra sj\u00f3\u00f0i einskor\u00f0ast a\u00f0 okkar mati vi\u00f0 s\u00e9rst\u00f6k verkefni, og f\u00e1 sl\u00edk hafa veri\u00f0 \u00e1 dagskr\u00e1 hj\u00e1 Bandalagi, v\u00edgam\u00f3\u00f0u eftir al\u00fej\u00f3\u00f0lega leiklistarh\u00e1t\u00ed\u00f0.<\/p>\n<p>Halda \u00e1fram samstarfi vi\u00f0 \u00dej\u00f3\u00f0leikh\u00fasi\u00f0 me\u00f0 Athyglisver\u00f0ustu \u00e1hugaleiks\u00fdningu \u00e1rsins.<\/p>\n<p>\u00deetta \u00e1g\u00e6ta samstarf gengur sinn vanagang. Freyvangsleikh\u00fasi\u00f0 hreppti hnossi\u00f0 s\u00ed\u00f0ast og s\u00fdndu hina st\u00f3rkostlegu uppf\u00e6rslu s\u00edna \u00e1 G\u00f3\u00f0a d\u00e1tanum Svejk og \u00ed kv\u00f6ld fregnum vi\u00f0 hverjir gle\u00f0ja \u00dej\u00f3\u00f0leikh\u00fasgesti \u00ed vor.<\/p>\n<p>Taka \u00fe\u00e1tt \u00ed Stuttverkah\u00e1t\u00ed\u00f0 \u00ed F\u00e6reyjum 15. okt\u00f3ber 2011<\/p>\n<p>Tv\u00f6 \u00edslensk leikf\u00e9l\u00f6g s\u00f3ttu F\u00e6reyinga heim, Hugleikur og Leiklistarf\u00e9lag Seltjarnarness. H\u00e1t\u00ed\u00f0in var haldin \u00ed Royndinni, f\u00e9lagsheimili Nolsoyinga og f\u00f3r vel fram. F\u00e6reyingar eru einstaklega skemmtilegir heim a\u00f0 s\u00e6kja og fer\u00f0in \u00ed alla sta\u00f0i stuttlig og d\u00e1samleg. \u00c1fram er \u00e1hugi fyrir \u00fev\u00ed me\u00f0al forsprakka \u00e1hugaleikh\u00fassf\u00f3lks \u00e1 Nor\u00f0url\u00f6ndunum a\u00f0 \u00fatbrei\u00f0a \u00edslenska stuttverkak\u00falt\u00farinn, \u00fe\u00f3 ekki hafi veri\u00f0 tekin \u00e1kv\u00f6r\u00f0un um a\u00f0ra sl\u00edka h\u00e1t\u00ed\u00f0 enn sem komi\u00f0 er.<\/p>\n<p>A\u00f0 b\u00e6ta handritasafn Bandalagsins, m.a. me\u00f0 \u00fev\u00ed a\u00f0 koma \u00e1 f\u00f3t h\u00f3pi Lestrarhesta.<\/p>\n<p>\u00c1rmann Gu\u00f0mundsson hefur haft veg og vanda af hrossar\u00e6ktinni og segir fr\u00e1 henni um lei\u00f0 og hann flytur sk\u00fdrslu handritanefndar.<\/p>\n<p>L\u00fdkur \u00fear me\u00f0 yfirfer\u00f0 yfir starfs\u00e1\u00e6tlun s\u00ed\u00f0asta starfs\u00e1rs.<\/p>\n<p>Af \u00f6\u00f0rum st\u00f3rum m\u00e1lum sem stj\u00f3rn hefur fengist vi\u00f0 er r\u00e9tt a\u00f0 nefna h\u00e9r tv\u00f6. \u00cd vetur var undirrita\u00f0ur formlegur samningur milli Bandalagsins og Mennta- og menningarr\u00e1\u00f0uneytisins um \u00fe\u00e1 starfsemi sem vi\u00f0 innum af hendi og hvert okkar hlutverk er. \u00deetta var \u00e1g\u00e6tt tilefni til a\u00f0 setja \u00fea\u00f0 ni\u00f0ur hva\u00f0 felst \u00ed starfsemi okkar, og \u00e1g\u00e6tt plagg til a\u00f0 r\u00f6ksty\u00f0ja a\u00f0 styrkf\u00e9 \u00fea\u00f0 sem okkur er \u00e6tla\u00f0 hr\u00f6kkvi skammt til a\u00f0 uppfylla skyldur okkar.<\/p>\n<p>\u00de\u00e1 fengum vi\u00f0 til umsagnar frumvarp til n\u00fdrra svi\u00f0slistalaga sem leysa eiga af h\u00f3lmi eldri leiklistarl\u00f6g. Vi\u00f0 ger\u00f0um athugasemd vi\u00f0 l\u00f6gin og b\u00e1\u00f0um um a\u00f0 sk\u00fdrt yr\u00f0i kve\u00f0i\u00f0 \u00e1 um a\u00f0 framl\u00f6g til okkar v\u00e6ru s\u00e9rmerkt okkur en ekki hluti af sameiginlegum framl\u00f6gum til atvinnu- og \u00e1hugamanna. \u00deessi athugasemd var tekin til greina \u00ed n\u00fdjustu \u00fatg\u00e1fu frumvarpsins, en \u00f3l\u00edklegt er tali\u00f0 a\u00f0 \u00fea\u00f0 ver\u00f0i lagt fram e\u00f0a sam\u00feykkt \u00e1 yfirstandandi \u00feingi.<\/p>\n<p><strong>IV \u2013\u00a0Erlent samstarf<\/strong><\/p>\n<p>\u00c1\u00f0ur hefur veri\u00f0 sagt fr\u00e1 stuttverkah\u00e1t\u00ed\u00f0inni \u00ed F\u00e6reyjum. Forma\u00f0ur s\u00f3tti \u00e1rsfundi NEATA og al\u00fej\u00f3\u00f0asamtakanna IATA\/AITA sem haldnir voru \u00ed tengslum vi\u00f0 leiklistarh\u00e1t\u00ed\u00f0 s\u00ed\u00f0arnefndu samtakanna \u00ed Troms\u00f6 \u00ed Noregi. Bar \u00fear helst til t\u00ed\u00f0inda a\u00f0 Hilmar Joensen fr\u00e1 F\u00e6reyjum var kj\u00f6rinn forseti NEATA og a\u00f0 \u00e1ri\u00f0 2015 ver\u00f0ur IATA-h\u00e1t\u00ed\u00f0in \u00ed Argent\u00ednu. \u00dea\u00f0 sem \u00e9g s\u00e1 af h\u00e1t\u00ed\u00f0inni \u00ed Troms\u00f6 var hef\u00f0bundi\u00f0 og pr\u00fd\u00f0ilegt, en sk\u00f6mmu eftir a\u00f0 \u00e9g yfirgaf sv\u00e6\u00f0i\u00f0 var henni sliti\u00f0 vegna atbur\u00f0anna \u00ed \u00datey og Osl\u00f3.<\/p>\n<p>Forma\u00f0ur s\u00f3tti einnig r\u00e1\u00f0stefnu \u00e1 vegum NAR \u00ed Osl\u00f3, \u00fear sem komi\u00f0 var \u00e1 framf\u00e6ri eindregnum \u00f3skum okkar a\u00f0 fer\u00f0astyrkjam\u00e1l norr\u00e6nna leikf\u00e9laga yr\u00f0u tekin f\u00f6stum t\u00f6kum, enda br\u00fdnasta hagsmunam\u00e1l til a\u00f0 erlent samstarf bl\u00f3mstri og ver\u00f0i anna\u00f0 og meira en fundarh\u00f6ld.<\/p>\n<p>Einhver hreyfing er komin \u00e1 \u00fea\u00f0 m\u00e1l, \u00fev\u00ed \u00ed vetur bau\u00f0st okkur me\u00f0 sk\u00f6mmum fyrirvara a\u00f0 senda fulltr\u00faa \u00e1 fund \u00e1 vegum Norr\u00e6nu r\u00e1\u00f0herranefndarinnar um tilh\u00f6gun styrkja til \u00e1hugalistastarfsemi \u00e1 Nor\u00f0url\u00f6ndum. Hvorki framkv\u00e6mdastj\u00f3ri n\u00e9 nokkur stj\u00f3rnarmanna \u00e1tti heimangegnt og var gripi\u00f0 til \u00feess r\u00e1\u00f0s a\u00f0 kalla til Huldu B. H\u00e1konard\u00f3ttur, sem lengi sat \u00ed stj\u00f3rn, \u00feekkir norr\u00e6nt leiklistarsamstarf vel og talar nor\u00f0urlandam\u00e1lin eins og innf\u00e6dd, til a\u00f0 sitja fundinn fyrir okkar h\u00f6nd. \u00dear kom fram eindreginn vilji me\u00f0al hagsmunaa\u00f0ila a\u00f0 f\u00e9 til a\u00f0 styrkja samstarf \u00e1hugaf\u00f3lks og sj\u00e1lfbo\u00f0ali\u00f0a \u00e1 listasvi\u00f0i ver\u00f0i \u00e1 einhvern h\u00e1tt s\u00e9rmerkt. Vi\u00f0 Vilborg hnykktum \u00e1 \u00feessu vi\u00f0 mennta- og menningarm\u00e1lar\u00e1\u00f0herra n\u00fana fyrir nokkrum d\u00f6gum. Endursko\u00f0un stendur yfir \u00e1 samstarfssamningi Nor\u00f0urlandanna \u00e1 \u00feessu svi\u00f0i og vi\u00f0 vonum a\u00f0 p\u00f3lit\u00edkusar og kerfiskallar og kellingar komist a\u00f0 gagnlegri ni\u00f0urst\u00f6\u00f0u fyrir okkur.<\/p>\n<p>N\u00e6sti st\u00f3rvi\u00f0bur\u00f0ur \u00e1 \u00feessu svi\u00f0i ver\u00f0ur svo NEATA-h\u00e1t\u00ed\u00f0in \u00ed S\u00f6nderborg \u00e1 su\u00f0ur-J\u00f3tlandi \u00ed sumar. \u00deanga\u00f0 fer fyrir \u00cdslands h\u00f6nd S\u00e1 glata\u00f0i fr\u00e1 Hugleik, handrit eftir Sigr\u00ed\u00f0i L\u00e1ru Sigurj\u00f3nsd\u00f3ttur og leikstj\u00f3ri er \u00c1g\u00fasta Sk\u00falad\u00f3ttir. Fyrir utan leiks\u00fdningar og \u00fev\u00eduml\u00edkt ver\u00f0ur \u00fearna leiksmi\u00f0ja ungli\u00f0adeildar NEATA, en \u00fear ver\u00f0a \u00fer\u00edr fulltr\u00faar fr\u00e1 \u00cdslandi, Gr\u00edma Kristj\u00e1nsd\u00f3ttir, Gu\u00f0r\u00fan S\u00f3ley Sigur\u00f0ard\u00f3ttir og fulltr\u00fai okkar \u00ed stj\u00f3rn NEATA Youth, Mar\u00eda Bj\u00f6rt \u00c1rmannsd\u00f3ttir. Og ekki m\u00e1 gleyma DigiDelight verkefninu, smi\u00f0ju og r\u00e1\u00f0stefnu um stafr\u00e6na t\u00e6kni \u00ed leikh\u00fasinu, en Litli leikkl\u00fabburinn \u00e1 \u00cdsafir\u00f0i ver\u00f0ur fulltr\u00fai \u00cdslands \u00fear og mun vafalaust mi\u00f0la hinni fram\u00farstefnulegu t\u00e6kni til okkar hinna a\u00f0 h\u00e1t\u00ed\u00f0 lokinni.<\/p>\n<p><strong>V \u2013 Lokaor\u00f0<\/strong><\/p>\n<p>\u00dea\u00f0 er eins og undanfarin \u00e1r erfitt a\u00f0 reka \u00e1hugaleikf\u00e9l\u00f6g og samt\u00f6k \u00feeirra. \u00dea\u00f0 er hins vegar fyrst og fremst skemmtilegt a\u00f0 vera \u00e1hugaleiklistarf\u00f3lk. \u00dea\u00f0 ba\u00f0 okkur enginn a\u00f0 gera \u00feetta, vi\u00f0 h\u00f6fum \u00feegar \u00f6lllu er \u00e1 botninn hvolft ekki afdr\u00e1ttarlausar skyldur vi\u00f0 neina nema okkar eigin \u00e1str\u00ed\u00f0u til a\u00f0 skapa og deila verkum okkar me\u00f0 \u00f6\u00f0rum. \u00dearna liggur styrkleiki okkar &#8211; minnumst hans reglulega, r\u00e6ktum hann og h\u00f6ldum \u00e1fram af \u00feeim krafti sem hann gefur okkur.<\/p>\n<p style=\"text-align: right;\"><em>Reykjav\u00edk 4. ma\u00ed 2012<\/em><br \/>\n<em>\u00deorgeir Tryggvason<\/em><\/p>\n<p><em><strong>8. \u00a0\u00a0 \u00a0Framkv\u00e6mdastj\u00f3ri leggur fram endursko\u00f0a\u00f0a reikninga s\u00ed\u00f0asta \u00e1rs og sk\u00fdrir \u00fe\u00e1.<\/strong><\/em><\/p>\n<p><span style=\"text-decoration: underline;\">Vilborg Valgar\u00f0sd\u00f3ttir lag\u00f0i fram reikninga s\u00ed\u00f0asta \u00e1rs og ger\u00f0i grein fyrir \u00feeim:<\/span><\/p>\n<p>Tekjutap \u00e1 milli \u00e1ranna 2010 og 2011 eru 3,6 m.kr. ef fr\u00e1 eru taldar tekjur vegna NEATA-h\u00e1t\u00ed\u00f0arinnar \u00e1 Akureyri 2010 sem voru um 11 m.kr. Mestu munar um l\u00e6kkun \u00e1 styrk fr\u00e1 r\u00edkinu um 2,6 m.kr. en alls hefur hann l\u00e6kka\u00f0 um 4,7 m.kr. fr\u00e1 \u00e1rinu 2008. Sala \u00e1 v\u00f6rum st\u00f3\u00f0 \u00fev\u00ed sem n\u00e6st \u00ed sta\u00f0 en \u201ea\u00f0rar tekjur\u201c voru 1,4 m.kr. l\u00e6gri og munar \u00fear mest um vaxtatekjur og b\u00e6tur vegna innbrots.<\/p>\n<p>Ekki t\u00f3kst a\u00f0 l\u00e6kka rekstrargj\u00f6ldin milli \u00e1ra nema um 550 \u00fe.kr. ef fr\u00e1 er talin sem \u00e1\u00f0ur kostna\u00f0ur vegna NEATA-h\u00e1t\u00ed\u00f0arinnar. H\u00fasaleiga l\u00e6kka\u00f0i \u00fe\u00f3 um 1,5 m.kr. en \u201e\u00fdmis rekstrarkostna\u00f0ur\u201c h\u00e6kkar um 200 \u00fe\u00fas. sem rekja m\u00e1 til flutninga og endurn\u00fdjunar \u00e1 b\u00fana\u00f0i sem stoli\u00f0 var \u00ed \u00e1\u00f0ur nefndu innbroti.<\/p>\n<p>Bandalagi\u00f0 \u00e1 enn \u00fatistandandi t\u00e6plega 11 m.kr. vegna s\u00f6lu h\u00fasn\u00e6\u00f0isins a\u00f0 Laugavegi 96 (uppreikna\u00f0 me\u00f0 ver\u00f0b\u00f3tum en \u00e1n vaxta). Fj\u00e1rm\u00e1l kaupandans eru \u00ed endursko\u00f0un hj\u00e1 Landsbankanum og ekki fyrirs\u00e9\u00f0 hvernig ni\u00f0ursta\u00f0an ver\u00f0ur. Hann er farinn a\u00f0 tala um a\u00f0 rifta kaupsamningnum, vi\u00f0 vonum \u00ed lengstu l\u00f6g a\u00f0 \u00fea\u00f0 gerist ekki.<\/p>\n<p>Rekstrartapi\u00f0 \u00e1ri\u00f0 2010 var 4,5 m.kr. en var kr. 7,5 m.kr. fyrir \u00e1ri\u00f0 2011. \u00deetta er \u00f3vi\u00f0unnandi sta\u00f0a og ver\u00f0ur \u00e1fram unni\u00f0 a\u00f0 l\u00e6kkun kostna\u00f0ar svo sem frekast er unnt en f\u00e1tt er or\u00f0i\u00f0 eftir til a\u00f0 skera nema laun starfsmanna.<\/p>\n<p><em><strong>9. \u00a0\u00a0 \u00a0Umr\u00e6\u00f0ur um sk\u00fdrslu stj\u00f3rnar og afgrei\u00f0sla reikninga.<\/strong><\/em><\/p>\n<p>\u00der\u00e1inn Sigvaldason, Leikf\u00e9lagi Flj\u00f3tsdalsh\u00e9ra\u00f0s, lag\u00f0i til a\u00f0 leikf\u00e9l\u00f6gin t\u00e6kju a\u00f0 s\u00e9r a\u00f0 selja \u00e1kve\u00f0i\u00f0 magn af s\u00f6gu Bandalagsins.<\/p>\n<p>Bernhar\u00f0 Arnarson, Leikf\u00e9lagi H\u00f6rgd\u00e6la og varstj\u00f3rn Bandalagsins l\u00fdsti \u00fev\u00ed yfir a\u00f0 Leikf\u00e9lag H\u00f6rgd\u00e6la \u00e6tla\u00f0i a\u00f0 kaupa 10 eint\u00f6k af s\u00f6gu Bandalagsins til a\u00f0 selja \u00e1fram til sinna f\u00e9lagsmanna og skora\u00f0i \u00e1 \u00f6nnur leikf\u00e9l\u00f6g a\u00f0 gera hi\u00f0 sama. Hann \u00feakka\u00f0i starfsm\u00f6nnum Bandalagsins fyrir g\u00f3\u00f0 st\u00f6rf \u00ed erfi\u00f0u fj\u00e1rhagslegu umhverfi.<\/p>\n<p>\u00c1rn\u00fd Leifsd\u00f3ttir, Leikf\u00e9lagi \u00d6lfuss, spur\u00f0i um hvernig fyrirkomulag styrkja \u00ed norr\u00e6nu samstarfi hef\u00f0i veri\u00f0 h\u00e9r \u00e1\u00f0ur fyrr.<\/p>\n<p>\u00deorgeir Tryggvason svara\u00f0i \u00fev\u00ed. Fyrir allnokkrum \u00e1rum f\u00e9kk NAR, norr\u00e6na \u00e1hugaleikh\u00fasr\u00e1\u00f0i\u00f0, \u00e1rlega fj\u00e1rveitingu til a\u00f0 styrkja leikh\u00f3pa til fer\u00f0alaga. \u00deegar \u00feessir styrkir l\u00f6g\u00f0ust af var \u00e1hugaf\u00f3lki v\u00edsa\u00f0 \u00e1 sameiginlega sj\u00f3\u00f0i atvinnu- og \u00e1hugamanna. Reynslan af \u00fev\u00ed var a\u00f0 \u00feeir sj\u00f3\u00f0ir eru fyrst og fremst mi\u00f0a\u00f0ir vi\u00f0 \u00fearfir atvinnumanna og engin d\u00e6mi um a\u00f0 einstakir leikh\u00f3par hafi fengi\u00f0 styrki til leikfer\u00f0a \u00far \u00feeim. \u00c1 fundinum \u00ed Kaupmannah\u00f6fn kom fram eindreginn vilji til a\u00f0 s\u00e9rmerkja me\u00f0 einhverjum h\u00e6tti fj\u00e1rmagn fyrir \u00e1hugalistaf\u00f3lk. \u00datf\u00e6rsla \u00e1 \u00fev\u00ed er \u00ed h\u00f6ndum Norr\u00e6nu r\u00e1\u00f0herranefndarinnar.<\/p>\n<p>D\u00fdrleif J\u00f3nsd\u00f3ttir sag\u00f0i a\u00f0 leikf\u00e9l\u00f6gin yr\u00f0u a\u00f0 \u00edhuga hvort \u00feau vildu halda upp i \u00f3breyttu \u00fej\u00f3nustustigi \u00e1 \u00fej\u00f3nustumi\u00f0st\u00f6\u00f0inni og a\u00f0 \u00feau yr\u00f0u a\u00f0 vera vi\u00f0b\u00fain \u00fev\u00ed a\u00f0 \u00feurfa a\u00f0 borga fyrir \u00fea\u00f0 \u00feegar efnahags\u00e1standi\u00f0 v\u00e6ri eins og \u00fea\u00f0 er.<\/p>\n<p>\u00d6rn Alexandersson, Leikf\u00e9lagi K\u00f3pavogs, sag\u00f0i a\u00f0 \u00fea\u00f0 yr\u00f0i a\u00f0 r\u00e6\u00f0a \u00feann m\u00f6guleika a\u00f0 f\u00e6kka starfsf\u00f3lki \u00ed \u00fej\u00f3nustumi\u00f0st\u00f6\u00f0, \u00ed \u00fea\u00f0 minnsta t\u00edmabundi\u00f0. S\u00fa sta\u00f0a g\u00e6ti komi\u00f0 upp a\u00f0 \u00fea\u00f0 v\u00e6ri \u00f3umfl\u00fdjanlegt.<\/p>\n<p>F. Elli Hafli\u00f0ason, Leikf\u00e9lagi Selfoss, spur\u00f0i hva\u00f0 hugmyndir stj\u00f3rn hef\u00f0i um lausn \u00e1 fj\u00e1rhagsvandanum ef ekki r\u00e6ttist \u00far flj\u00f3tlega.<\/p>\n<p>\u00deorgeir Tryggvason svara\u00f0i \u00fev\u00ed a\u00f0 hinga\u00f0 til hef\u00f0i \u00fea\u00f0 veri\u00f0 meti\u00f0 svo a\u00f0 \u00feetta v\u00e6ri spurning um a\u00f0 \u00fereyja \u00feorrann \u00e1 me\u00f0an a\u00f0 n\u00faverandi \u00e1stand gengi yfir en lj\u00f3st v\u00e6ri a\u00f0 vi\u00f0 v\u00e6rum a\u00f0 n\u00e1lgast endast\u00f6\u00f0 \u00ed \u00fev\u00ed m\u00e1li. Stj\u00f3rn \u00feyrfti \u00fev\u00ed a\u00f0 huga a\u00f0 fara a\u00f0 leita lausna.<\/p>\n<p>Sigr\u00ed\u00f0ur L\u00e1ra Sigurj\u00f3nsd\u00f3ttir velti upp \u00feeim m\u00f6guleika a\u00f0 leita beint til fyrirt\u00e6kja sem vita\u00f0 er a\u00f0 eru vel st\u00e6\u00f0.<\/p>\n<p>Soff\u00eda Ingimarsd\u00f3ttir, Leikf\u00e9lagi Flateyrar, spur\u00f0i hva\u00f0 f\u00e9l\u00f6gin greiddu \u00ed \u00e1rgjald \u00ed dag.<\/p>\n<p>Vilborg Valgar\u00f0sd\u00f3ttir svar\u00f0i \u00fev\u00ed, \u00e1rgjaldi\u00f0 2010-2011 var 50.000 kr.<\/p>\n<p><em>Reikningar sam\u00feykktir.<\/em><\/p>\n<p><em><strong>10. \u00a0\u00a0 \u00a0Sk\u00fdrslur nefnda og umr\u00e6\u00f0ur um \u00fe\u00e6r.<\/strong><\/em><\/p>\n<p><span style=\"text-decoration: underline;\">a. Vilborg Valgar\u00f0sd\u00f3ttir flutti sk\u00fdrslu vefnefndar \u00ed fjarveru Har\u00f0ar Sigur\u00f0arsonar, l\u00e9nsherra.<\/span><\/p>\n<p><span style=\"text-decoration: underline;\">\u00a0<\/span><\/p>\n<p style=\"text-align: center;\"><strong>Leiklistarvefurinn &#8211; Sk\u00fdrsla vefnefndar 2012<\/strong><br \/>\n<strong>L\u00f6g\u00f0 fram \u00e1 a\u00f0alfundi B\u00cdL \u00e1 \u00cdsafir\u00f0i 6. ma\u00ed 2012<\/strong><\/p>\n<p>A\u00f0 flestu leyti hefur vinna vi\u00f0 Leiklistarvefinn gengi\u00f0 sinn vanagang \u00e1 li\u00f0nu \u00e1ri. T\u00e6knileg vandam\u00e1l sem voru \u00e1berandi \u00e1 s\u00ed\u00f0asta \u00e1ri hafa l\u00edtt l\u00e1ti\u00f0 \u00e1 s\u00e9r kr\u00e6la og \u00fea\u00f0 litla sem upp hefur komi\u00f0, hefur veri\u00f0 leyst flj\u00f3tt og vel. \u00dea\u00f0 eina sem \u00ed raun minnisvert er, var \u00feegar ger\u00f0 var tilraun \u00ed vetur me\u00f0 l\u00e9tta \u00fatg\u00e1fu af vefnum sem hentar t\u00e6kjum \u00e1 bor\u00f0 vi\u00f0 snjalls\u00edma og spjaldt\u00f6lvur. \u00deegar vi\u00f0m\u00f3ti\u00f0 var virkja\u00f0 var\u00f0 vefurinn ofurh\u00e6gur \u00ed vinnslu svo hann var\u00f0 n\u00e1nast \u00f3starfh\u00e6fur. \u00dev\u00ed var snarlega kippt \u00ed li\u00f0inn me\u00f0 \u00fev\u00ed a\u00f0 taka umr\u00e6dda l\u00e9tt\u00fatg\u00e1fu \u00far sambandi. Sennilega hafa f\u00e1ir or\u00f0i\u00f0 varir vi\u00f0 vandam\u00e1li\u00f0 \u00fear sem uppf\u00e6rslan f\u00f3r fram utan mesta \u00e1lagst\u00edma. Hugmyndir um l\u00e9tt\u00fatg\u00e1fu af vefnum hafa veri\u00f0 settar \u00e1 \u00eds \u00fear til betri lausn finnst.<\/p>\n<p>T\u00f6luver\u00f0 vandr\u00e6\u00f0i voru me\u00f0 \u00fatsendingu fr\u00e9ttabr\u00e9fa framan af s\u00ed\u00f0asta \u00e1ri en vi\u00f0 h\u00f6fum komist fyrir \u00feau. Vikulegur fr\u00e9ttap\u00f3stur er n\u00fa sendur \u00fat til um 350 \u00e1skrifenda.<\/p>\n<p>\u00dea\u00f0 hefur \u00ed nokkurn t\u00edma veri\u00f0 draumur L\u00e9nsherra a\u00f0 koma upp almennilegu kerfi fyrir verslunina \u00e1 vefnum. Sl\u00edkt kerfi hefur n\u00fa veri\u00f0 sett upp og b\u00ed\u00f0ur \u00feess a\u00f0 starfsmenn \u00dej\u00f3nustumi\u00f0st\u00f6\u00f0var \u00e1kve\u00f0i flokkun \u00feeirra vara sem \u00ed bo\u00f0i eru. Fyrsta kasti\u00f0 er tilgangur kerfisins a\u00f0allega a\u00f0 b\u00e6ta framsetningu s\u00f6luvarnings, svo frambo\u00f0i\u00f0 s\u00e9 sk\u00fdrara og einfaldara s\u00e9 fyrir vi\u00f0skiptavini a\u00f0 sj\u00e1 hva\u00f0 er \u00ed bo\u00f0i og kynna s\u00e9r varninginn. \u00deegar flokkun hefur veri\u00f0 \u00e1kve\u00f0in ver\u00f0ur v\u00e6ntanlega hafist handa vi\u00f0 a\u00f0 setja inn uppl\u00fdsingar og myndir af v\u00f6rum og kerfi\u00f0 teki\u00f0 \u00ed notkun \u00ed kj\u00f6lfari\u00f0. Kerfi\u00f0 b\u00fd\u00f0ur upp \u00e1 a\u00f0 h\u00e6gt s\u00e9 a\u00f0 versla millili\u00f0alaust \u00e1 vefnum en til a\u00f0 byrja me\u00f0 munum vi\u00f0 b\u00ed\u00f0a me\u00f0 a\u00f0 virkja \u00feann hluta. \u00dea\u00f0 er \u00fe\u00f3 sennilegt a\u00f0 fyrr e\u00f0a s\u00ed\u00f0ar ver\u00f0ur \u00fea\u00f0 skref teki\u00f0.<\/p>\n<p>Eins og venjulega sj\u00e1 starfsmenn \u00dej\u00f3nustumi\u00f0st\u00f6\u00f0var a\u00f0 mestu leyti um a\u00f0 setja almennt efni \u00e1 vefinn en undirrita\u00f0ur er til a\u00f0sto\u00f0ar vi\u00f0 fl\u00f3knari hluti. \u00cd s\u00ed\u00f0ustu sk\u00fdrslu nefndi undirrita\u00f0ur \u00fe\u00f6rf \u00e1 a\u00f0 halda starfsdag \u00fear sem fari\u00f0 v\u00e6ri yfir \u00fdmsa \u00fe\u00e6tti. Sl\u00edkur dagur var haldinn s\u00ed\u00f0asta sumar, \u00ed m\u00fdflugumynd a\u00f0 v\u00edsu en skila\u00f0i \u00fe\u00f3 \u00fdmsu. Gott v\u00e6ri a\u00f0 halda sl\u00edka starfsdaga 1-2 tvisvar \u00e1 \u00e1ri, m.a. me\u00f0 \u00fea\u00f0 a\u00f0 markmi\u00f0i a\u00f0 starfsmenn \u00dej\u00f3nustumi\u00f0st\u00f6\u00f0var k\u00e6must betur inn \u00ed innvi\u00f0i kerfisins.\u00de\u00e1 er enn nokku\u00f0 verk \u00f3unni\u00f0 \u00ed a\u00f0 hreinsa til \u00ed og uppf\u00e6ra fastar s\u00ed\u00f0ur \u00e1 bor\u00f0 vi\u00f0 uppl\u00fdsingas\u00ed\u00f0u Leiklistarsk\u00f3lans.<\/p>\n<p>Eins og undirrita\u00f0ur kom inn \u00e1 \u00ed sk\u00fdrslu s\u00ed\u00f0asta \u00e1rs hefur emb\u00e6tti L\u00e9nsherra, \u00fe.m.t. hlutverk hans sem ritstj\u00f3ra, aldrei veri\u00f0 formlega skilgreint af h\u00e1lfu stj\u00f3rnar n\u00e9 \u00fev\u00ed m\u00f3ta\u00f0ur rammi e\u00f0a starfssvi\u00f0. Var \u00ed sk\u00fdrslunni \u00fev\u00ed beint til stj\u00f3rnar a\u00f0 taka \u00fea\u00f0 m\u00e1l til umr\u00e6\u00f0u. Stj\u00f3rn r\u00e6ddi m\u00e1li\u00f0 og f\u00f3l \u00ed raun L\u00e9nsherra \u00fea\u00f0 sj\u00e1lfum a\u00f0 skilgreina sitt eigi\u00f0 starf. \u00de\u00f3 freistingin hafi veri\u00f0 a\u00f0 allnokkur hj\u00e1 undirritu\u00f0um a\u00f0 gr\u00edpa umsvifalaust t\u00e6kif\u00e6ri\u00f0 og skipa sj\u00e1lfan sig h\u00e6str\u00e1\u00f0anda til sj\u00f3s og lands, haf\u00f0i hans innri \u00e1hugaleikari betur og mun \u00fev\u00ed reyna a\u00f0 skila einhverju vitr\u00e6nu af s\u00e9r svo flj\u00f3tt sem t\u00edmi leyfir.<\/p>\n<p>\u00c1\u00f0ur en \u00feessari sk\u00fdrslu er loki\u00f0 m\u00e1 \u00edtreka \u00fe\u00e1 \u00e1bendingu \u00far s\u00ed\u00f0ustu sk\u00fdrslu a\u00f0 n\u00fdta vefinn betur t.d. me\u00f0 \u00fev\u00ed a\u00f0 virkja almenna f\u00e9laga til a\u00f0 b\u00e6ta vi\u00f0 og uppf\u00e6ra Leikritasafni\u00f0. L\u00e9nsherra og Handritav\u00f6r\u00f0ur Bandalagsins eru ekki alveg samm\u00e1la um kosti \u00feess og \u00fea\u00f0 b\u00ed\u00f0ur \u00fev\u00ed enn. H\u00e9r vill undirrita\u00f0ur taka \u00fea\u00f0 s\u00e9rstaklega fram a\u00f0 allar \u00e1bendingar um n\u00fdjungar og \u00fea\u00f0 sem betur m\u00e1 fara \u00e1 vefnum eru vel \u00feegnar.<\/p>\n<p>\u00de\u00f3 vanagangur s\u00e9 nokku\u00f0 l\u00fdsandi fyrir starfsemina undanfari\u00f0 er Leiklistarvefurinn n\u00fa a\u00f0 n\u00e1lgast unglings\u00e1rin og hver veit nema horm\u00f3narnir fari br\u00e1tt a\u00f0 fl\u00e6\u00f0a me\u00f0 tilheyrandi tilfinningar\u00f3ti. Foreldrarnir b\u00ed\u00f0a spenntir.<\/p>\n<p>Svo l\u00fdkur sk\u00fdrslu vefnefndar.<\/p>\n<p style=\"text-align: right;\"><em>Fyrir h\u00f6nd vefnefndar <\/em><br \/>\n<em>H\u00f6r\u00f0ur Sigur\u00f0arson<\/em><\/p>\n<p><span style=\"text-decoration: underline;\">b. D\u00fdrleif J\u00f3nsd\u00f3ttir flutti sk\u00fdrslu sk\u00f3lanefndar<\/span><\/p>\n<p style=\"text-align: center;\"><strong>Sk\u00fdrsla sk\u00f3lanefndar \u00e1 a\u00f0alfundi B\u00cdL 5.-6. ma\u00ed 2012.<\/strong><\/p>\n<p>\u00dea\u00f0 voru ekki ger\u00f0ar neinar breytingar \u00e1 skipan sk\u00f3lanefndar \u00e1 \u00e1rinu, hana skipa Hrefna Fri\u00f0riksd\u00f3ttir, D\u00fdrleif J\u00f3nsd\u00f3ttir, Gunnhildur Sigur\u00f0ard\u00f3ttir, Herd\u00eds \u00deorgeirsd\u00f3ttir og Hrund \u00d3lafsd\u00f3ttir. \u00c9g vil nota \u00feetta t\u00e6kif\u00e6ri til a\u00f0 \u00feakka \u00f6llum samnefndarkonum m\u00ednum fyrir miki\u00f0 fars\u00e6lt og gott samstarf.<\/p>\n<p>Leiklistarsk\u00f3linn var settur \u00ed 15. sinn \u00feann 11. j\u00fan\u00ed 2011 a\u00f0 H\u00fanav\u00f6llum. \u00deetta var anna\u00f0 \u00e1ri\u00f0 okkar \u00e1 n\u00fdjum sta\u00f0. Eins og sagt var fr\u00e1 \u00ed fyrra \u00fe\u00e1 t\u00f3kust flutningar sk\u00f3lans fr\u00e1 bernskuheimili s\u00ednu a\u00f0 H\u00fasabakkask\u00f3la yfir til H\u00fanavallask\u00f3la alveg hreint vonum framar. \u00dea\u00f0 f\u00f3r l\u00edka lj\u00f3mandi vel um okkur \u00ed fyrra \u2013 vi\u00f0 \u00e1ttum gott samneyti vi\u00f0 sta\u00f0inn og gott samstarf vi\u00f0 starfsf\u00f3lk. S\u00e9rstaklega ber a\u00f0 \u00feakka f\u00e9l\u00f6gum \u00ed Leikf\u00e9lagi Bl\u00f6nd\u00f3ss fyrir \u00f3metanlega a\u00f0sto\u00f0 og samvinnu vi\u00f0 skipulagningu \u00f3vissufer\u00f0ar. Vi\u00f0 vonum sem fyrr a\u00f0 framhald ver\u00f0i \u00e1 \u00feessu upp\u00e1t\u00e6ki.<\/p>\n<p>Sk\u00f3lann s\u00f3ttu alls 37 nemendur sem s\u00e1tu 3 n\u00e1mskei\u00f0. \u00cd bo\u00f0i voru:<\/p>\n<p>1. Framhaldsn\u00e1mskei\u00f0 \u00ed leiklist \u2013 Leiklist II. Kennari \u00c1g\u00fasta Sk\u00falad\u00f3ttir.<br \/>\n2. Framhaldsn\u00e1mskei\u00f0 \u00ed leikstj\u00f3rn \u2013 Leikstj\u00f3rn II. Kennari Sigr\u00fan Valbergsd\u00f3ttir.<br \/>\n3. S\u00e9rn\u00e1mskei\u00f0 fyrir reyndari leikara \u2013 undir styrkri stj\u00f3rn R\u00fanars Gu\u00f0brandssonar. Upphaflega st\u00f3\u00f0 til a\u00f0 Steinunn Kn\u00fatsd\u00f3ttir h\u00e9ldi utan um \u00fea\u00f0 n\u00e1mskei\u00f0 en h\u00fan forfalla\u00f0ist, R\u00fanar hlj\u00f3p \u00ed skar\u00f0i\u00f0 og var\u00f0 enginn svikinn af \u00fev\u00ed.<\/p>\n<p>\u00de\u00e1 var h\u00f6fundum bo\u00f0i\u00f0 \u00ed heims\u00f3kn \u2013 me\u00f0 sama sni\u00f0i og \u00e1ri\u00f0 \u00e1\u00f0ur. H\u00f6fundum var sem sagt bo\u00f0i\u00f0 a\u00f0 dvelja \u00e1 sta\u00f0num vi\u00f0 skapandi skrif og bo\u00f0i\u00f0 a\u00f0 taka \u00fe\u00e1tt \u00ed skemmtilegheitum utan hef\u00f0bundinna kennslustunda. \u00deetta fyrirkomulag m\u00e6ltist vel fyrir, alls m\u00e6ttu 10 h\u00f6fundar \u00ed styttri e\u00f0a lengri t\u00edma.<\/p>\n<p>Ni\u00f0urst\u00f6\u00f0ur vi\u00f0horfsk\u00f6nnunar bentu til almennrar \u00e1n\u00e6gju me\u00f0 sk\u00f3lastarfi\u00f0. \u00dea\u00f0 ver\u00f0ur \u00fe\u00f3 kannski a\u00f0 geta \u00feess a\u00f0 nemendur kv\u00f6rtu\u00f0u nokku\u00f0 yfir matnum. \u00deetta er erfitt vi\u00f0 a\u00f0 eiga, s\u00e9rstaklega \u00feegar reynt er a\u00f0 stilla kostna\u00f0i \u00ed h\u00f3f. Sk\u00f3lanefndin \u00e1kva\u00f0 a\u00f0 bi\u00f0ja sta\u00f0arhaldara a\u00f0 taka tillit til kvartana nemenda a\u00f0 einhverju marki. \u00deetta ver\u00f0ur til \u00feess a\u00f0 sk\u00f3lagj\u00f6ldin h\u00e6kka nokku\u00f0 en r\u00e9tt a\u00f0 undirstrika a\u00f0 h\u00e6kkun m\u00e1 einnig rekja til almennra ver\u00f0lagsh\u00e6kkana.<\/p>\n<p>\u00c1ri\u00f0 2012 er starfst\u00edmi sk\u00f3lans r\u00e1\u00f0ger\u00f0ur fr\u00e1 9.-17. j\u00fan\u00ed a\u00f0 H\u00fanav\u00f6llum.<\/p>\n<p>Eins og oftast \u00e1\u00f0ur er bo\u00f0i\u00f0 upp \u00e1 \u00ferj\u00fa n\u00e1mskei\u00f0.<br \/>\n&#8211; \u00c1rni P\u00e9tur Gu\u00f0j\u00f3nsson mun kenna Leiklist I \u2013 \u00fear eru skr\u00e1\u00f0ir 18 nemendur og 4 \u00e1 bi\u00f0lista<br \/>\n&#8211; Sigr\u00fan Valbergsd\u00f3ttir b\u00fd\u00f0ur upp \u00e1 s\u00e9rn\u00e1mskei\u00f0 fyrir leikstj\u00f3ra \u2013 Leikstj\u00f3rn III. \u00c1 n\u00e1mskei\u00f0i\u00f0 eru skr\u00e1\u00f0ir alls 10 nemendur.<br \/>\n&#8211; \u00de\u00e1 ver\u00f0ur \u00ed bo\u00f0i tr\u00fa\u00f0an\u00e1mskei\u00f0 fyrir reyndari leikara. Vi\u00f0 h\u00f6f\u00f0um r\u00e1\u00f0i\u00f0 \u00c1g\u00fastu Sk\u00falad\u00f3ttur til a\u00f0 stj\u00f3rna \u00feessu, h\u00fan forfalla\u00f0ist en vi\u00f0 erum stoltar af \u00fev\u00ed a\u00f0 bj\u00f3\u00f0a H\u00f6rpu Arnard\u00f3ttur til leiks \u2013 h\u00fan kenndi vi\u00f0 sk\u00f3lann \u00e1 \u00e1rum \u00e1\u00f0ur og \u00fea\u00f0 ver\u00f0ur spennandi a\u00f0 endurn\u00fdja \u00fea\u00f0 samstarf. Ums\u00f3knarfrestur var framlengdur af \u00feessu tilefni til 30. apr\u00edl en alls eru 12 skr\u00e1\u00f0ir \u00e1 tr\u00fa\u00f0an\u00e1mskei\u00f0i\u00f0.<\/p>\n<p>A\u00f0 lokum \u00e1kv\u00e1\u00f0um vi\u00f0 a\u00f0 bj\u00f3\u00f0a h\u00f6fundum enn og aftur \u00ed heims\u00f3kn me\u00f0 sama sni\u00f0i og \u00e1\u00f0ur. Reyndar er bara 1 skr\u00e1\u00f0ur en \u00fea\u00f0 g\u00e6ti gl\u00e6\u00f0st.<\/p>\n<p>\u00deetta er sem sagt sk\u00f3linn sem vi\u00f0 bj\u00f3\u00f0um upp \u00e1 \u00ed \u00e1r. Vi\u00f0 erum sannf\u00e6r\u00f0ar um a\u00f0 \u00feetta ver\u00f0i \u00f3gleymanleg andleg n\u00e6ring fyrir hug og hjarta nemenda \u2013 og vi\u00f0 ver\u00f0um a\u00f0 vona a\u00f0 nemendur \u00ed \u00e1r l\u00e1ti s\u00e9r betur l\u00edka \u00fe\u00e1 l\u00edkamlegu n\u00e6ringu sem l\u00f6g\u00f0 ver\u00f0ur \u00e1 bor\u00f0.<\/p>\n<p>Sk\u00f3lanefndin hefur r\u00e6tt nokku\u00f0 hvort \u00fe\u00f6rf s\u00e9 \u00e1 n\u00e1mskei\u00f0um utan hins hef\u00f0bunda sumarsk\u00f3la. \u00dea\u00f0 hefur ekkert veri\u00f0 kalla\u00f0 eftir n\u00e1mskei\u00f0um enda talsvert frambo\u00f0 undanfari\u00f0 \u00e1 vegum annarra. Sk\u00f3lanefnd hvetur fundarmenn til a\u00f0 koma me\u00f0 hugmyndir ef talin er \u00e1st\u00e6\u00f0a til.<\/p>\n<p style=\"text-align: right;\"><em>f.h. sk\u00f3lanefndar<\/em><br \/>\n<em>Hrefna Fri\u00f0riksd\u00f3ttir<\/em><br \/>\n<em>D\u00fdrleif J\u00f3nsd\u00f3ttir<\/em><\/p>\n<p><span style=\"text-decoration: underline;\">c. \u00c1rmann Gu\u00f0mundsson flutti sk\u00fdrslu handritanefndar.<\/span><\/p>\n<p style=\"text-align: center;\"><strong>Sk\u00fdrsla handritasafnsnefndar leik\u00e1ri\u00f0 2011-12<\/strong><\/p>\n<p>Nefndina skipa Hrefna Fri\u00f0riksd\u00f3ttir, \u00d6rn Alexandersson og \u00c1rmann Gu\u00f0mundsson. Nefndin funda\u00f0i ekki \u00e1 \u00e1rinu en \u00e1tti samskipti \u00ed gegnum t\u00f6lvup\u00f3st.<\/p>\n<p>Eins og greint var fr\u00e1 \u00e1 s\u00ed\u00f0asta a\u00f0alfundi haf\u00f0i h\u00f3pur leiklistarstofnanna, me\u00f0 \u00dej\u00f3\u00f0leikh\u00fasi\u00f0, Borgarleikh\u00fasi\u00f0 og F\u00e9lag handritsh\u00f6funda \u00ed broddi fylkingar, frumkv\u00e6\u00f0i a\u00f0 \u00fev\u00ed a\u00f0 falast eftir \u00fev\u00ed a\u00f0 Bandalagi\u00f0 t\u00e6ki a\u00f0 s\u00e9r a\u00f0 halda utan um og mi\u00f0la, v\u00e6ri eftir \u00fev\u00ed \u00f3ska\u00f0, handritum eftir \u00edslenska h\u00f6funda \u00e1 erlendum tungum. Vinna var hafin vi\u00f0 \u00feetta, vi\u00f0 fundu\u00f0um b\u00e6\u00f0i me\u00f0 Melkorku Teklu \u00d3lafsd\u00f3ttur sem var \u00ed forsvari fyrir h\u00f3pinn, og umsj\u00f3narm\u00f6nnum vefs\u00ed\u00f0unnar okkar um \u00fatf\u00e6rslu \u00e1 \u00feessu en \u00feegar til kom bau\u00f0st F\u00e9lagi handritsh\u00f6funda a\u00f0 vera \u00ed samstarfi vi\u00f0 n\u00fdjan danskan leikritabanka og taldi hagsmunum s\u00ednum betur borgi\u00f0 \u00fear, sem a\u00f0 \u00f6llum l\u00edkindum er r\u00e9tt mat. \u00de.a.l. var\u00f0 ekkert af \u00feessu samstarfi.<\/p>\n<p>Lestrarhestaverkefni\u00f0 er komi\u00f0 \u00e1 fullan skri\u00f0 og hafa n\u00fa flestir lestrarhestar fengi\u00f0 afhentan disk me\u00f0 30 leikritum sem \u00feeir eiga a\u00f0 lesa og hinir mega eiga von \u00e1 sl\u00edkum gla\u00f0ningi \u00e1 n\u00e6stu vikum. En er \u00fe\u00f3 pl\u00e1ss fyrir fleiri \u00ed lestrarst\u00f3\u00f0inu fyrir \u00e1hugasama leikritalesendur. Er stefnt a\u00f0 \u00fev\u00ed allar skr\u00e1ningar ver\u00f0i yfirfarnar og komnar me\u00f0 \u00fatdr\u00e1tt af s\u00f6gu\u00fer\u00e6\u00f0i innan tveggja \u00e1ra.<\/p>\n<p>A\u00f0f\u00f6ng leikritasafnsins hafa veri\u00f0 me\u00f0 allra mesta m\u00f3ti \u00ed \u00e1r og munar \u00fear mest um t\u00e6plega 300 handrit sem vi\u00f0 fengum fr\u00e1 \u00datvarpsleikh\u00fasi RUV en \u00fear kenndi \u00fdmissa grasa og b\u00e6ttust \u00ed safni\u00f0 \u00ed allnokkur fj\u00f6ldi \u00e1hugaver\u00f0ra verka \u00ed safni\u00f0 og reyndar talsvert af minna \u00e1hugaver\u00f0um verkum. Auk \u00feess eigna\u00f0ist safni\u00f0 n\u00e1nast \u00f6ll verk \u00d3lafs Hauks S\u00edmonarsonar sem \u00fea\u00f0 vanta\u00f0i, \u00dej\u00f3\u00f0leikh\u00fasi\u00f0 og Leikf\u00e9lag Reykjav\u00edkur skilu\u00f0u inn s\u00ednum n\u00fdjustu verkum a\u00f0 vanda og a\u00f0 sj\u00e1lfs\u00f6g\u00f0u b\u00e6ttist talsvert af n\u00fdjum verkum, frumfluttum af okkar a\u00f0ildarf\u00e9l\u00f6gum. Alls telur \u00fev\u00ed safni\u00f0 n\u00fa r\u00famlega 3.500 titla og fj\u00f6lga\u00f0i \u00feeim um \u00e1 fimmta hundru\u00f0 \u00e1 leik\u00e1rinu. Skr\u00e1ning og sk\u00f6nnun \u00e1 \u00feessum n\u00fdju titlum mun standa eitthva\u00f0 fram eftir \u00e1ri.<\/p>\n<p style=\"text-align: right;\"><em>f.h. Handritasafnsnefndar<\/em><br \/>\n<em>\u00c1rmann Gu\u00f0mundsson<\/em><\/p>\n<p>\u00d3l\u00f6f \u00de\u00f3r\u00f0ard\u00f3ttir spur\u00f0i hvort a\u00f0 s\u00e1 fj\u00f6ldi sem skr\u00e1\u00f0ur s\u00e9 n\u00fa \u00ed sk\u00f3lann, dugi til a\u00f0 hann standi undir s\u00e9r \u00ed \u00e1r. D\u00fdrleif J\u00f3nsd\u00f3ttir hva\u00f0 svo vera.<\/p>\n<p>Ylfa Mist Helgad\u00f3ttir, Leikf\u00e9lagi Bolungarv\u00edkur, sag\u00f0i a\u00f0 kvartanir yfir mat \u00ed sk\u00f3lanum v\u00e6ru bara v\u00e6l og f\u00f3lk ver\u00f0i a\u00f0 velja \u00e1 milli \u00feess a\u00f0 halda ver\u00f0i ni\u00f0ri og f\u00e6\u00f0is sem allir v\u00e6ri \u00e1n\u00e6g\u00f0ir me\u00f0.<\/p>\n<p>Vilborg Valgar\u00f0sd\u00f3ttir sag\u00f0ist hafa gert athugun \u00e1 kostna\u00f0i vi\u00f0 samb\u00e6rilega sk\u00f3la \u00e1 Nor\u00f0url\u00f6ndum og \u00fear v\u00e6ru sk\u00f3lagj\u00f6ld alls sta\u00f0ar h\u00e6rri. H\u00fan sag\u00f0i a\u00f0 h\u00e6kkunin n\u00fana v\u00e6ri l\u00edka vegna vanmats \u00e1 kostna\u00f0i sl. 2 \u00e1r.<\/p>\n<p>F. Elli Hafli\u00f0ason sag\u00f0i vi\u00f0 \u00e6ttum kannski a\u00f0 l\u00edta \u00e1 \u00fea\u00f0 \u00feannig a\u00f0 \u00ed raun h\u00f6fum vi\u00f0 veri\u00f0 heppin hva\u00f0 ver\u00f0i\u00f0 hefur veri\u00f0 l\u00e1gt hinga\u00f0 til, s\u00e9rstaklega \u00e1 me\u00f0an vi\u00f0 vorum \u00e1 H\u00fasabakka. \u00feetta s\u00e9\u00a0 ekki d\u00fdrt mi\u00f0a\u00f0 vi\u00f0 hva\u00f0 f\u00f3lk f\u00e1i fyrir peninginn.<\/p>\n<p>\u00deorgeir Tryggvason sag\u00f0i a\u00f0 \u00fea\u00f0 eina sem hann sakna\u00f0i \u00ed sk\u00f3lastarfinu v\u00e6ri a\u00f0 bo\u00f0i\u00f0 v\u00e6ri upp\u00e1 grunnn\u00e1mskei\u00f0 \u00ed skapandi skrifum en taldi l\u00edklegt a\u00f0 \u00fea\u00f0 v\u00e6ri veri\u00f0 vinna \u00ed a\u00f0 b\u00e6ta \u00far \u00fev\u00ed. D\u00fdrleif J\u00f3nsd\u00f3ttir sta\u00f0festi a\u00f0 svo v\u00e6ri.<\/p>\n<p>D\u00fdrleif J\u00f3nsd\u00f3ttir sag\u00f0i a\u00f0 a\u00f0sta\u00f0a \u00e1 H\u00fanav\u00f6llum v\u00e6ri \u00f6ll betri en \u00e1 H\u00fasabakka og \u00fe.a.l. d\u00fdrari. H\u00fan sag\u00f0i a\u00f0 r\u00famar 8.000 kr. \u00e1 dag fyrir mat, gistingu og n\u00e1mskei\u00f0 v\u00e6ri ekki miki\u00f0.<\/p>\n<p><em><strong>11. \u00a0\u00a0 \u00a0Dr\u00f6g a\u00f0 starfs\u00e1\u00e6tlun n\u00e6sta \u00e1rs kynnt og skipa\u00f0 \u00ed starfsh\u00f3pa.<\/strong><\/em><\/p>\n<p>Gu\u00f0finna Gunnarsd\u00f3ttir kynnti till\u00f6gu stj\u00f3rnar a\u00f0 starfs\u00e1\u00e6tlun.<\/p>\n<p style=\"text-align: center;\"><strong>Starfs\u00e1\u00e6tlun Bandalags \u00edslenskra leikf\u00e9laga leik\u00e1ri\u00f0 2012-2013<\/strong><\/p>\n<p><em>Almenn starfsemi<\/em><\/p>\n<p>1. Rekstur \u00fej\u00f3nustumi\u00f0st\u00f6\u00f0var, Leiklistarsk\u00f3la, Leiklistarvefsins og annarra fastra li\u00f0a \u00ed starfseminni.<\/p>\n<p>2. Leita eftir h\u00e6kku\u00f0um framl\u00f6gum \u00far opinberum sj\u00f3\u00f0um og fr\u00e1 einkaa\u00f0ilum til starfsemi \u00e1hugaleikf\u00e9laganna og sameiginlegra verkefna.<\/p>\n<p>3. Halda \u00e1fram samstarfi vi\u00f0 \u00dej\u00f3\u00f0leikh\u00fasi\u00f0 me\u00f0 Athyglisver\u00f0ustu \u00e1hugaleiks\u00fdningu \u00e1rsins.<\/p>\n<p><em>S\u00e9rverkefni \u00e1rsins<\/em><\/p>\n<p>1. Halda n\u00e1mskei\u00f0 \u00ed marka\u00f0ssetningu og stj\u00f3rnun leikf\u00e9laga hausti\u00f0 2012.<\/p>\n<p>2. Halda ein\u00fe\u00e1ttungah\u00e1t\u00ed\u00f0 \u00ed tengslum vi\u00f0 a\u00f0alfund 2013.<\/p>\n<p>Fundargestum var skipt \u00ed fj\u00f3ra h\u00f3pa sem t\u00f3ku til starfa og kynntu svo ni\u00f0urst\u00f6\u00f0ur s\u00ednar.<\/p>\n<p>Starfsh\u00f3pur 1<\/p>\n<p><span style=\"text-decoration: underline;\">Sigr\u00ed\u00f0ur L\u00e1ra Sigurj\u00f3nsd\u00f3ttir kynnti ni\u00f0urst\u00f6\u00f0ur h\u00f3ps 1:<\/span><\/p>\n<p>H\u00f3p 1 skipu\u00f0u:<br \/>\nIng\u00f3lfur \u00de\u00f3rsson, Freyvangsleikh\u00fasinu<br \/>\n\u00c1rn\u00fd Leifsd\u00f3ttir, Lf. \u00d6lfuss<br \/>\nEva S\u00f3ley \u00deorkelsd\u00f3ttir, Ld. Umf. Skallagr\u00edms<br \/>\nHanna Margr\u00e9t Kristleifsd\u00f3ttir, Halaleikh\u00f3pnum<br \/>\nEva Bj\u00f6rg Har\u00f0ard\u00f3ttir, Lf. Mosfellssveitar<br \/>\nAnna Helga Gu\u00f0mundsd\u00f3ttir, Lf. Bolungarv\u00edkur<br \/>\nSigr\u00ed\u00f0ur L\u00e1ra Sigurj\u00f3nsd\u00f3ttir, Hugleik<\/p>\n<p><em>Almenn starfsemi<\/em><\/p>\n<p>1. Rekstur \u00fej\u00f3nustumi\u00f0st\u00f6\u00f0var, Leiklistarsk\u00f3la, Leiklistarvefsins og annarra fastra li\u00f0a \u00ed starfseminni.<\/p>\n<p>Vi\u00f0 erum ekki tilb\u00fain \u00ed \u00fe\u00e1 sker\u00f0ingu \u00e1 \u00fej\u00f3nustu \u00fej\u00f3nustumi\u00f0st\u00f6\u00f0var, sem hlytist af ni\u00f0urskur\u00f0i \u00e1 starfshlutfalli.<\/p>\n<p>2. Leita eftir h\u00e6kku\u00f0um framl\u00f6gum \u00far opinberum sj\u00f3\u00f0um og fr\u00e1 einkaa\u00f0ilum til starfsemi \u00e1hugaleikf\u00e9laganna og sameiginlegra verkefna.<\/p>\n<p>Reyna \u00fearf a\u00f0 n\u00e1 inn peningum fr\u00e1 r\u00edki eftir \u00f6\u00f0rum lei\u00f0um. T.d. \u00ed gegnum \u00fej\u00f3nustusamning vi\u00f0 Menntam\u00e1lar\u00e1\u00f0uneyti. Hefur \u00fea\u00f0 t.d. h\u00fasn\u00e6\u00f0i sem vi\u00f0 m\u00e6ttum vera \u00ed? Vi\u00f0 vildum leggja \u00e1herslu \u00e1 a\u00f0 horfa frekar \u00e1 a\u00f0 n\u00e1 inn meiri tekjum einhverssta\u00f0ar heldur en a\u00f0 skera \u00fej\u00f3nustuna ni\u00f0ur.<\/p>\n<p>R\u00e6tt um hvort a\u00f0ildarf\u00e9l\u00f6gin g\u00e6tu teki\u00f0 \u00e1 sig meiri kostna\u00f0. Spurning um a\u00f0 kl\u00edpa af verkefnastyrk e\u00f0a h\u00e6kka f\u00e9lagsgj\u00f6ld.<\/p>\n<p>Einstaklingsbundnar n\u00e1lganir \u00e1 fj\u00e1rlaganefndarmenn hafa bori\u00f0 \u00e1rangur. Reyna \u00fe\u00e6r aftur<\/p>\n<p>3. Halda \u00e1fram samstarfi vi\u00f0 \u00dej\u00f3\u00f0leikh\u00fasi\u00f0 me\u00f0 Athyglisver\u00f0ustu \u00e1hugaleiks\u00fdningu \u00e1rsins.<\/p>\n<p>J\u00c1!<\/p>\n<p><em>S\u00e9rverkefni \u00e1rsins<\/em><\/p>\n<p>1. Halda n\u00e1mskei\u00f0 \u00ed marka\u00f0ssetningu og stj\u00f3rnun leikf\u00e9laga hausti\u00f0 2012<\/p>\n<p>Stj\u00f3rn bandalagsins \u00fearf a\u00f0 gera rass\u00edu \u00ed a\u00f0 f\u00e1 fleiri f\u00e9l\u00f6g til a\u00f0 senda fulltr\u00faa \u00e1 a\u00f0alfund. Stj\u00f3rnarmenn \u00feurfa a\u00f0 hringja \u00ed f\u00f3sturf\u00e9l\u00f6g, kynna n\u00e1mskei\u00f0i\u00f0 og hvetja til \u00fe\u00e1ttt\u00f6ku.<\/p>\n<p>R\u00e6tt um augl\u00fdsinga- og marka\u00f0sm\u00e1l og almennt talin \u00fe\u00f6rf \u00e1 fj\u00f6lmi\u00f0lafulltr\u00faum \u00ed tenglsum vi\u00f0 kynningar s\u00fdninga. Kennsla \u00ed skrifum fr\u00e9ttatilkynninga v\u00e6ri gagnleg svo og handb\u00f3k um gagnr\u00fdniskrif.<\/p>\n<p>Spurning um sta\u00f0setningu n\u00e1mskei\u00f0s, \u00e1 h\u00f6fu\u00f0borgarsv\u00e6\u00f0inu e\u00f0a \u00fati \u00e1 landi?<\/p>\n<p>2. Halda ein\u00fe\u00e1ttungah\u00e1t\u00ed\u00f0 \u00ed tengslum vi\u00f0 a\u00f0alfund 2013<\/p>\n<p>Endilega hafa ein\u00fe\u00e1ttungah\u00e1t\u00ed\u00f0ir anna\u00f0 hvert \u00e1r \u00ed tengslum vi\u00f0 Bandalags\u00feing.<\/p>\n<p><span style=\"text-decoration: underline;\">\u00d6rn Alexandersson kynnti ni\u00f0urst\u00f6\u00f0ur h\u00f3ps 2<\/span><\/p>\n<p>H\u00f3p 2 skipu\u00f0u:<br \/>\nYlfa Mist Helgad\u00f3ttir, Lf. Bolungarv\u00edkur<br \/>\n\u00der\u00f6stur \u00d3lafsson, Litla leikkl\u00fabbnum<br \/>\nStefan\u00eda Bj\u00f6rnsd\u00f3ttir, Halaleikh\u00f3pnum<br \/>\nSigr\u00ed\u00f0ur Hafsteinsd\u00f3ttir, Lf. Selfoss<br \/>\nMargr\u00e9t Hildur P\u00e9tursd\u00f3ttir, Ld. Umf. Skallagr\u00edms<br \/>\n\u00d6rn Alexanderson, Lf. K\u00f3pavogs<br \/>\n\u00der\u00e1inn Sigvaldason, Lf. Flj\u00f3tsdalsh\u00e9ra\u00f0s<\/p>\n<p><em>Almenn starfsemi <\/em><\/p>\n<p>1.Rekstur \u00fej\u00f3nustumi\u00f0st\u00f6\u00f0var, Leiklistarsk\u00f3la, Leiklistarvefsins og annarra fastra li\u00f0a \u00ed starfseminni.<\/p>\n<p>\u2022 Alvarleg sta\u00f0a \u00fej\u00f3nustumi\u00f0st\u00f6\u00f0var r\u00e6dd fram og til baka, \u00fdmsar lausnir r\u00e6ddar. St\u00e6rsti kostna\u00f0arli\u00f0ur er\u00a0 launagrei\u00f0slur og \u00fev\u00ed g\u00e6ti \u00feurft a\u00f0 segja upp starfsmanni e\u00f0a breyta starfshlutfalli \u00fear sem laun eru helmingur af \u00fatgj\u00f6ldum. Allir samm\u00e1la um a\u00f0 reyna halda starfsemi \u00f3breyttri og leita annarra lei\u00f0a til a\u00f0 l\u00e6kka kostna\u00f0.<\/p>\n<p>Till\u00f6gur a\u00f0 lausn:<br \/>\n\u2022 Hvert leikf\u00e9lag f\u00e1i b\u00e6kur fyrir ca. 50.000 kr. \u00e1 f\u00e9lag, sem mundi gera samtals ca. 3.000.000 (b\u00e6kur og styrkur)<br \/>\n\u2022 H\u00e6kkun \u00e1rgjalda \u00ed 70.000 kr., bara \u00feetta eina \u00e1r. Samtals ca. 1.200.000<br \/>\n\u2022 H\u00fasaleiga hefur l\u00e6kka\u00f0 um 1.300.000 \u2013 leita a\u00f0 enn \u00f3d\u00fdrara h\u00fasn\u00e6\u00f0i?<br \/>\n\u2022 \u00ddmis rekstrarkostna\u00f0ur anna\u00f0 a\u00f0hald 500.000 kr.<br \/>\n\u2022 Samtals eru \u00feetta 6.000.000 sem dekka ca. halla \u00feessa \u00e1rs, eykur handb\u00e6rt f\u00e9 og vaxtagj\u00f6ld ver\u00f0a p\u00f3sit\u00edf.<\/p>\n<p>\u2022 S\u00e6kja t\u00f6lur um fj\u00f6lda \u00e1horfenda hj\u00e1 sk\u00f3lum og \u00f6\u00f0rum \u00e1hugas\u00fdningum til a\u00f0 f\u00e1 heildarfj\u00f6lda sem s\u00e6kja \u00e1hugas\u00fdningar \u2013 \u00feessar t\u00f6lur geta unni\u00f0 me\u00f0 okkur \u00feegar vi\u00f0 s\u00e6kjum um h\u00e6kku\u00f0 framl\u00f6g.<br \/>\n\u2022 Halda sk\u00f3lanum \u00e1fram me\u00f0 sama sni\u00f0i.<br \/>\n\u2022 Leiklistavefur &#8211; \u00c1fram me\u00f0 sama sni\u00f0i og reyna s\u00f6lu \u00e1 styrktarl\u00ednum \u00e1 vefnum.<br \/>\n\u2022 Stj\u00f3rn Bandalagsins endursko\u00f0i um mitt n\u00e6sta \u00e1r hvort segja \u00feurfi upp starfsmanni e\u00f0a breyta starfshlutfalli \u00feegar upph\u00e6\u00f0 styrks fr\u00e1 r\u00edkinu er lj\u00f3s.<\/p>\n<p>2. Leita eftir h\u00e6kku\u00f0um framl\u00f6gum \u00far opinberum sj\u00f3\u00f0um og fr\u00e1 einkaa\u00f0ilum til starfsemi \u00e1hugaleikf\u00e9laganna og sameiginlegra verkefna.<\/p>\n<p>H\u00e6kku\u00f0 framl\u00f6g \u2013 sj\u00e1 li\u00f0 1. Tillaga: A\u00f0 stj\u00f3rn Bandalagsins s\u00e6ki um a\u00f0 minnsta kosti 10 styrki til st\u00f3rra fyrirt\u00e6kja \u00e1 leik\u00e1rinu.<\/p>\n<p>3. Halda \u00e1fram samstarfi vi\u00f0 \u00dej\u00f3\u00f0leikh\u00fasi\u00f0 me\u00f0 Athyglisver\u00f0ustu \u00e1hugaleiks\u00fdningu \u00e1rsins.<\/p>\n<p>Vissulega \u00e1 a\u00f0 halda \u00e1fram samstarfi vi\u00f0 \u00dej\u00f3\u00f0leikh\u00fas en sko\u00f0a \u00feyrfti hvort h\u00e6gt er a\u00f0 minnka kostna\u00f0 t\u00edmabundi\u00f0 me\u00f0 \u00fev\u00ed a\u00f0 fulltr\u00fai valnefndarinnar komi ekki \u00e1 a\u00f0alfund heldur feli framkv\u00e6mdastj\u00f3ra Bandalagsins a\u00f0 tilkynna vali\u00f0.<\/p>\n<p><em>S\u00e9rverkefni \u00e1rsins<\/em><\/p>\n<p>1. Halda n\u00e1mskei\u00f0 \u00ed marka\u00f0ssetningu og stj\u00f3rnun leikf\u00e9laga hausti\u00f0 2012<\/p>\n<p>J\u00e1.<\/p>\n<p>2. Halda ein\u00fe\u00e1ttungah\u00e1t\u00ed\u00f0 \u00ed tengslum vi\u00f0 a\u00f0alfund 2013<\/p>\n<p>J\u00e1 og m\u00f6gulega fj\u00e1r\u00f6flunar\u00fe\u00e1tt \u00e1 sj\u00f3nvarpsst\u00f6\u00f0.<\/p>\n<p><span style=\"text-decoration: underline;\">Axel Vatnsdal kynnti ni\u00f0urst\u00f6\u00f0ur h\u00f3ps 3<\/span><\/p>\n<p>\u00cd h\u00f3pi 3 voru:<br \/>\nAxel Vatnsdal \u00far Leikf\u00e9lagi H\u00f6rgd\u00e6la<br \/>\nKatr\u00edn Ei\u00f0sd\u00f3ttir, Umf. Reykd\u00e6la<br \/>\nSigr\u00ed\u00f0ur Svavarsd\u00f3ttir, Leikf\u00e9lagi H\u00f6rgd\u00e6la<br \/>\nSoff\u00eda Ingimarsd\u00f3ttir, Leikf\u00e9lagi Flateyrar<br \/>\nF. Elli Hafli\u00f0ason, Leikf\u00e9lagi Selfossi<br \/>\nGu\u00f0r\u00fan S\u00f3ley Sigur\u00f0ard\u00f3ttir, Leikf\u00e9lagi S\u00fdni<br \/>\n\u00d3l\u00edna Adda Sigur\u00f0ard\u00f3ttir, Leikf\u00e9lagi Bolungarv\u00edkur<\/p>\n<p><em>Almenn starfsemi<\/em><\/p>\n<p>1. Rekstur \u00fej\u00f3nustumi\u00f0st\u00f6\u00f0var, Leiklistarsk\u00f3la, Leiklistarvefsins og annarra fastra li\u00f0a \u00ed starfseminni.<\/p>\n<p>Allir eru samm\u00e1la um a\u00f0 vi\u00f0 vilja halda starfinu \u00e1fram \u00ed \u00f3breyttri mynd.<\/p>\n<p>2. Leita eftir h\u00e6kku\u00f0um framl\u00f6gum \u00far opinberum sj\u00f3\u00f0um og fr\u00e1 einkaa\u00f0ilum til starfsemi \u00e1hugaleikf\u00e9laganna og sameiginlegra verkefna.<\/p>\n<p>\u2022 R\u00e6tt var um a\u00f0 hafa st\u00f3ra leiklistarskemmtun, Bj\u00f6rgum Bandalaginu. Allir gefa s\u00edna vinnu. Elli \u00e6tlar a\u00f0 tala vi\u00f0 fr\u00e6nku s\u00edna Vigd\u00edsi Finnbogad\u00f3ttir til a\u00f0 vera verndari skemmtuninar. Till\u00f6gur um a\u00f0 kj\u00f3sa nefnd sem tekur a\u00f0 s\u00e9r a\u00f0 koma \u00feessu \u00ed framkv\u00e6md.<br \/>\n\u2022 Kynna Bandalagi\u00f0, starfsemi og vinnu.<br \/>\n\u2022 Hafa landshlutaskemmtanir. Leikf\u00e9l\u00f6gin setja upp styrktars\u00fdningu.<br \/>\n\u2022 Kj\u00f3sa \u00ed fj\u00e1r\u00f6flunarnefnd til a\u00f0 hrinda hugmyndum \u00ed framkv\u00e6md.<\/p>\n<p>3. Halda \u00e1fram samstarfi vi\u00f0 \u00dej\u00f3\u00f0leikh\u00fasi\u00f0 me\u00f0 Athyglisver\u00f0ustu \u00e1hugaleiks\u00fdningu \u00e1rsins.<\/p>\n<p>Allir samm\u00e1la um a\u00f0 \u00feessi li\u00f0ur megi ekki missa s\u00edn. M\u00e6tti samt kynna \u00feetta meira \u00ed fj\u00f6lmi\u00f0lum.<\/p>\n<p><em>S\u00e9rverkefni \u00e1rsins<\/em><\/p>\n<p>1. Halda n\u00e1mskei\u00f0 \u00ed marka\u00f0ssetningu og stj\u00f3rnun leikf\u00e9laga hausti\u00f0 2012<\/p>\n<p>\u00d6llum l\u00edst vel \u00e1 \u00feennan li\u00f0, mj\u00f6g \u00fearft n\u00e1mskei\u00f0.<\/p>\n<p>2. Halda ein\u00fe\u00e1ttungah\u00e1t\u00ed\u00f0 \u00ed tengslum vi\u00f0 a\u00f0alfund 2013<\/p>\n<p>Allir fagna til\u00f6gunni um ein\u00fe\u00e1ttungah\u00e1t\u00ed\u00f0.<\/p>\n<p><span style=\"text-decoration: underline;\">Ger\u00f0ur Sigur\u00f0ard\u00f3ttir kynnti ni\u00f0urst\u00f6\u00f0ur h\u00f3ps 4<\/span><\/p>\n<p>H\u00f3p 4 skipu\u00f0u:<br \/>\nHulda Gunnarsd\u00f3ttir, Lf. \u00d6lfuss<br \/>\nGer\u00f0ur Halld\u00f3ra Sigur\u00f0ard\u00f3ttir, Lf. Selfoss<br \/>\n\u00de\u00f3rv\u00f6r Embla Gu\u00f0mundsd\u00f3ttir, Umf. Reykd\u00e6la<br \/>\n\u00der\u00fa\u00f0ur Sigur\u00f0ard\u00f3ttir, Lf. \u00d6lfuss<br \/>\n\u00der\u00f6stur J\u00f3nsson, Halaleikh\u00f3pnum<br \/>\nFanney Valsd\u00f3ttir, Lf. H\u00f6rgd\u00e6la<br \/>\nBrynhildur Sveinsd\u00f3ttir, Lf. Mosfellssveitar<\/p>\n<p><em>Almenn starfsemi<\/em><\/p>\n<p>1. Rekstur \u00fej\u00f3nustumi\u00f0st\u00f6\u00f0var, Leiklistarsk\u00f3la, Leiklistarvefsins og annarra fastra li\u00f0a \u00ed starfseminni.<\/p>\n<p>\u2022 Starfsemi \u00fej\u00f3nustumi\u00f0st\u00f6\u00f0varinnar \u00ed \u00feeirri mynd sem h\u00fan er \u00ed \u00ed dag er mj\u00f6g mikilv\u00e6g og vi\u00f0 teljum a\u00f0 \u00f6ll sker\u00f0ing \u00e1 henni muni koma ni\u00f0ur \u00e1 starfsemi leikf\u00e9laganna. Okkur finnst \u00fev\u00ed a\u00f0 hvorki megi sker\u00f0a starfsemi hennar n\u00e9 starfshlutf\u00f6ll starfsmanna. Vilborg og \u00c1rmann standa sig afskaplega vel.<br \/>\n\u2022 Leiklistarsk\u00f3linn er st\u00f3rfenglegur, vi\u00f0 bendum leikf\u00e9l\u00f6gum \u00e1 a\u00f0 hvetja me\u00f0limi til a\u00f0 s\u00e6kja hann.<br \/>\n\u2022 Vefurinn er \u00e6\u00f0i og vi\u00f0 hvetjum leikf\u00e9l\u00f6g til a\u00f0 vera dugleg a\u00f0 senda inn efni og myndir.<\/p>\n<p>2. Leita eftir h\u00e6kku\u00f0um framl\u00f6gum \u00far opinberum sj\u00f3\u00f0um og fr\u00e1 einkaa\u00f0ilum til starfsemi \u00e1hugaleikf\u00e9laganna og sameiginlegra verkefna.<\/p>\n<p>\u2022 \u00deeir sem hafa a\u00f0gang a\u00f0 \u00feingm\u00f6nnum\/me\u00f0limum \u00ed fj\u00e1rlaganefnd reyni a\u00f0 tala vi\u00f0 \u00fe\u00e1 um aukin framl\u00f6g.<br \/>\n\u2022 Settur ver\u00f0i af sta\u00f0 undirskriftalisti \u00fear sem hvert leikf\u00e9lag safnar undirskriftum me\u00f0al me\u00f0lima sinna \u00fear sem \u00f3ska\u00f0 er eftir auknum framl\u00f6gum til \u00fej\u00f3nustumi\u00f0st\u00f6\u00f0varinnar.<br \/>\n\u2022 Sett ver\u00f0i \u00e1 f\u00f3t nefnd sem leitar a\u00f0 lausnargjaldi til a\u00f0 leysa Bandalagi\u00f0 \u00far \u00feeirri g\u00edslingu sem \u00fea\u00f0 er \u00ed.<br \/>\n\u2022 Mikilv\u00e6gt er a\u00f0 s\u00fdna fram \u00e1 mikilv\u00e6gi starfsemi leikf\u00e9laga um allt land fyrir \u00edslenskt samf\u00e9lag &#8211;\u00a0 til d\u00e6mis v\u00e6ri h\u00e6gt a\u00f0 n\u00fdta \u00e1\u00e6tla\u00f0a ein\u00fe\u00e1ttungah\u00e1t\u00ed\u00f0 samhli\u00f0a n\u00e6sta a\u00f0alfundi B\u00cdL \u00ed \u00feessum tilgangi.<\/p>\n<p>3. Halda \u00e1fram samstarfi vi\u00f0 \u00dej\u00f3\u00f0leikh\u00fasi\u00f0 me\u00f0 Athyglisver\u00f0ustu \u00e1hugaleiks\u00fdningu \u00e1rsins.<\/p>\n<p>Samstarf vi\u00f0 \u00dej\u00f3\u00f0leikh\u00fasi\u00f0 me\u00f0 Athyglisver\u00f0ustu \u00e1hugaleiks\u00fdningu \u00e1rsins \u2013 endilega.<\/p>\n<p><em>S\u00e9rverkefni \u00e1rsins<\/em><\/p>\n<p>1. Halda n\u00e1mskei\u00f0 \u00ed marka\u00f0ssetningu og stj\u00f3rnun leikf\u00e9laga hausti\u00f0 2012<\/p>\n<p>V\u00e6ri m\u00f6guleiki a\u00f0 skipulagning og marka\u00f0ssetning komandi ein\u00fe\u00e1ttungah\u00e1t\u00ed\u00f0ar g\u00e6ti veri\u00f0 verkefni \u00e1 n\u00e1mskei\u00f0inu?<\/p>\n<p>2. Halda ein\u00fe\u00e1ttungah\u00e1t\u00ed\u00f0 \u00ed tengslum vi\u00f0 a\u00f0alfund 2013<\/p>\n<p>Endilega, og endilega a\u00f0 nota \u00ed \u00e1r\u00f3\u00f0urs- og marka\u00f0ssetningarskyni fyrir starfsemi leikf\u00e9laga \u00ed landinu.<\/p>\n<p><em><strong>12. \u00a0\u00a0 \u00a0Till\u00f6gur lag\u00f0ar fyrir fundinn.<\/strong><\/em><\/p>\n<p><span style=\"text-decoration: underline;\">\u00deorgeir Tryggvason lag\u00f0i til fyrir h\u00f6nd stj\u00f3rnar, breytingu \u00e1 \u00fathlutunarreglum. Hann lag\u00f0i til a\u00f0 eftirfarandi \u00e1kv\u00e6\u00f0i yr\u00f0i b\u00e6tt inn \u00ed \u00fathlutunarreglurnar:<\/span><\/p>\n<p><em>Me\u00f0 ums\u00f3knum um styrk vegna s\u00fdninga \u00e1 h\u00f6fundar\u00e9ttarv\u00f6r\u00f0u efni skal fylgja sta\u00f0festing \u00e1 a\u00f0 s\u00fdningarleyfi hafi veri\u00f0 veitt. Styrkir eru ekki veittir vegna s\u00fdninga \u00e1n leyfis r\u00e9tthafa.<\/em><\/p>\n<p>Hann r\u00f6skstuddi \u00feetta me\u00f0 \u00fev\u00ed a\u00f0 Bandalaginu v\u00e6ri ekki st\u00e6tt \u00e1 \u00fev\u00ed a\u00f0 \u00fathluta opinberu f\u00e9 til a\u00f0 stu\u00f0la a\u00f0 brotum \u00e1 h\u00f6fundar\u00e9tti.<\/p>\n<p>F. Elli Hafli\u00f0ason l\u00fdsti yfir \u00e1n\u00e6gju me\u00f0 till\u00f6guna og sag\u00f0ist \u00feekkja d\u00e6mi fr\u00e1 framhaldssk\u00f3laleikf\u00e9l\u00f6gum um a\u00f0 \u00feau hafi \u00e6tla\u00f0 setja upp verk \u00ed leyfisleysi en veri\u00f0 stoppu\u00f0 r\u00e9tt fyrir s\u00fdningar.<\/p>\n<p>Vilborg Valgar\u00f0sd\u00f3ttir sag\u00f0i a\u00f0 \u00feetta myndi engu breyta fyrir 95% leikf\u00e9laga \u00fear sem \u00feau fengju tilskilin leyfi alltaf hvort er. \u00deetta v\u00e6ri tilkomi\u00f0 vegna sv\u00f6rtu sau\u00f0anna sem k\u00e6mu \u00f3ror\u00f0i \u00e1 hina.<\/p>\n<p><em>Tillagan sam\u00feykkt me\u00f0 \u00f6llum atkv\u00e6\u00f0um.<\/em><\/p>\n<p><span style=\"text-decoration: underline;\">Vilborg Valgar\u00f0sd\u00f3ttir lag\u00f0i fyrir h\u00f6nd stj\u00f3rnar fram eftirfarandi till\u00f6gu:<\/span><\/p>\n<p><em>Stj\u00f3rn leggur til a\u00f0 1 millj\u00f3n kr. af verkefnastyrk a\u00f0ildarf\u00e9laganna ver\u00f0i l\u00e1tin ganga til reksturs \u00dej\u00f3nustumi\u00f0st\u00f6\u00f0varinnar.<\/em><\/p>\n<p>\u00d6rn Alexandersson lag\u00f0i til a\u00f0 fundurinn sam\u00feykkti till\u00f6guna, \u00fear me\u00f0 v\u00e6ri b\u00fai\u00f0 a\u00f0 n\u00e1 einni millj\u00f3n upp \u00ed fj\u00e1rlagagati\u00f0.<\/p>\n<p>Ing\u00f3lfur \u00de\u00f3rsson benti \u00e1 a\u00f0 \u00fea\u00f0 v\u00e6ri alls ekki sj\u00e1lfgefi\u00f0 a\u00f0 peningar v\u00e6ru teknir af leikf\u00e9l\u00f6gum til a\u00f0 renna sto\u00f0um undir starfsemi \u00fej\u00f3nustumi\u00f0st\u00f6\u00f0varinnar en kva\u00f0st \u00fe\u00f3 sty\u00f0ja till\u00f6guna a\u00f0 \u00feessu sinni.<\/p>\n<p>Ger\u00f0ur Sigur\u00f0ard\u00f3ttir sag\u00f0i a\u00f0 Bandalagi\u00f0 v\u00e6ri j\u00fa batter\u00ed leikf\u00e9laganna og \u00feeim b\u00e6ri \u00fev\u00ed skylda til a\u00f0 sty\u00f0ja \u00fea\u00f0 \u00feegar hart v\u00e6ri \u00e1 dalnum.<\/p>\n<p>\u00d6rn Alexandersson sag\u00f0i a\u00f0 vissulega v\u00e6ri \u00fea\u00f0 ekki sj\u00e1lfgefi\u00f0 a\u00f0 taka af styrknum til f\u00e9laganna en eins og sta\u00f0an er v\u00e6ri \u00fea\u00f0 ein af \u00feeim lausunum sem gr\u00edpa \u00feyrfti til.<\/p>\n<p><em>Tillagan sam\u00feykkt me\u00f0 \u00f6llum greiddum atkv\u00e6\u00f0um<\/em><\/p>\n<p><span style=\"text-decoration: underline;\">\u00d6rn Alexandersson lag\u00f0i fram eftirfarandi till\u00f6gu fyrir h\u00f6nd h\u00f3ps 2<\/span><\/p>\n<p><em>A\u00f0 stj\u00f3rn Bandalagsins s\u00e6ki um a.m.k. 10 styrki til st\u00f3rra fyrirt\u00e6kja \u00e1 leik\u00e1rinu.<\/em><\/p>\n<p><em>Tillagan sam\u00feykkt einr\u00f3ma<\/em><\/p>\n<p><span style=\"text-decoration: underline;\">Axel Vatnsdal lag\u00f0i fram eftirfarandi till\u00f6gu fyrir h\u00f6nd h\u00f3ps 3:<\/span><\/p>\n<p><em>Vi\u00f0 leggjum til a\u00f0\u00a0 stofnu\u00f0 ver\u00f0i fj\u00e1r\u00f6flunarnefnd til a\u00f0 finna lausnir \u00e1 fj\u00e1rhagsvanda Bandalagsins. Nefndin skal skipu\u00f0 3 a\u00f0alm\u00f6nnum og 2 til vara.<\/em><\/p>\n<p>Ing\u00f3lfur \u00de\u00f3rsson sag\u00f0ist tr\u00faa \u00fev\u00ed a\u00f0 h\u00f6fundum till\u00f6gunnar gegni gott eitt til en hann teldi a\u00f0 \u00feetta v\u00e6ri \u00ed raun \u00fea\u00f0 sem framkv\u00e6mdastj\u00f3ri og stj\u00f3rn v\u00e6ru a\u00f0 gera. Hann taldi \u00fev\u00ed \u00f3\u00fearfa a\u00f0 stofna sl\u00edka nefnd.<\/p>\n<p>Embla Gu\u00f0mundsd\u00f3ttir sag\u00f0i a\u00f0 s\u00e9r \u00fe\u00e6tti tillagan of \u00f3m\u00f3tu\u00f0 og \u00feyrfti a\u00f0 vera n\u00e1kv\u00e6mari.<\/p>\n<p>\u00deorgeir Tryggvason sag\u00f0i hann teldi a\u00f0 \u00fea\u00f0 v\u00e6ri ekki kl\u00f3kt a\u00f0 stofna nefnd sem hef\u00f0i einhverns konar vei\u00f0ileyfi \u00e1 fj\u00e1r\u00f6flun \u00f3h\u00e1\u00f0 stj\u00f3rn og framkv\u00e6mdastj\u00f3ra. Tillagan v\u00e6ri vel meint en misr\u00e1\u00f0in.<\/p>\n<p>Halld\u00f3r Sigurgeirsson sag\u00f0ist ekki sty\u00f0ja till\u00f6guna en taldi a\u00f0 \u00fea\u00f0 v\u00e6ri mikilv\u00e6gt a\u00f0 n\u00fdta s\u00e9r samb\u00f6nd, ma\u00f0ur \u00e1 mann, \u00feegar k\u00e6mi a\u00f0 fj\u00e1r\u00f6flunum.<\/p>\n<p><em>Tillagan felld me\u00f0 \u00f6llum greiddum atkv\u00e6\u00f0um.<\/em><\/p>\n<p><span style=\"text-decoration: underline;\">\u00d6rn Alexandersson lag\u00f0i fram eftirfarandi till\u00f6gu:<\/span><\/p>\n<p><em>A\u00f0 \u00f3ska eftir \u00fev\u00ed vi\u00f0 a\u00f0ildarf\u00e9l\u00f6g Bandalagsins a\u00f0 \u00feau kaupi allt a\u00f0 10 eint\u00f6k (e\u00f0a fleiri), af s\u00f6gu Bandalagsins, til a\u00f0 styrkja b\u00e1ga fj\u00e1rhagsst\u00f6\u00f0u \u00feess.<\/em><\/p>\n<p>\u00d3l\u00f6f \u00de\u00f3r\u00f0ard\u00f3ttir lag\u00f0i til a\u00f0 frekar yr\u00f0i samin \u00e1lyktun \u00fear sem leikf\u00e9l\u00f6g, sem ekki s\u00f3ttu fundin, v\u00e6ru hv\u00f6tt til a\u00f0 leysa til s\u00edn \u00e1kve\u00f0i\u00f0 magn b\u00f3ka. H\u00fan l\u00fdsti \u00fev\u00ed yfir a\u00f0 Leikf\u00e9lag Mosfellssveitar \u00e6tla\u00f0i a\u00f0 kaupa 20 eint\u00f6k og skora\u00f0i \u00e1 H\u00f6rgd\u00e6li a\u00f0 jafna. Sem \u00feeir ger\u00f0u um h\u00e6l.<\/p>\n<p><em>\u00d6rn Alexandersson dr\u00f3 till\u00f6guna til baka.<\/em><\/p>\n<p><span style=\"text-decoration: underline;\">Ger\u00f0ur Sigur\u00f0ard\u00f3ttir lag\u00f0i fram a\u00f0 eftirfarandi fyrir h\u00f6nd h\u00f3ps 4:<\/span><\/p>\n<p><em>Ef leikf\u00e9lag sendir ekki fulltr\u00faa \u00e1 a\u00f0alfund Bandalagsins, sker\u00f0ist styrkur til f\u00e9lagsins um \u00e1kve\u00f0na pr\u00f3sentut\u00f6lu.<\/em><\/p>\n<p>Till\u00f6guna r\u00f6kstuddi h\u00fan me\u00f0 a\u00f0 \u00f3sanngjarnt v\u00e6ri a\u00f0 l\u00edtill hluti leikf\u00e9laga leg\u00f0i \u00ed kostna\u00f0 og vinnu vi\u00f0 \u00fea\u00f0 mikilv\u00e6ga starf sem fram f\u00e6ri \u00e1 a\u00f0alfundi. Allir \u00e6ttu a\u00f0 leggja sitt af m\u00f6rkunum.<\/p>\n<p><span style=\"text-decoration: underline;\">Gu\u00f0r\u00fan S\u00f3ley Sigur\u00f0ard\u00f3ttir lag\u00f0i eftirfarandi breytingartill\u00f6gu fram:<\/span><\/p>\n<p><em>A\u00f0 \u00f6ll a\u00f0ildarf\u00e9l\u00f6g grei\u00f0i \u00e1kve\u00f0na upph\u00e6\u00f0 til Bandalagsins og hafi \u00fear me\u00f0 greitt pl\u00e1ss fyrir einn einstakling me\u00f0 atkv\u00e6\u00f0isr\u00e9tt \u00e1 Bandalags\u00feingi. Sendi f\u00e9lag ekki fulltr\u00faa, renni upph\u00e6\u00f0in til Bandalagsins.<\/em><\/p>\n<p>Gu\u00f0finna Gunnarsd\u00f3ttir sag\u00f0ist telja afar h\u00e6pi\u00f0 a\u00f0 binda hendur a\u00f0ildarf\u00e9laganna \u00feannig, \u00fe\u00f3tt \u00feau vilji ekki senda fulltr\u00faa \u00e1 a\u00f0alfund og l\u00fdsti andst\u00f6\u00f0u vi\u00f0 b\u00e1\u00f0ar till\u00f6gurnar.<\/p>\n<p>\u00deorgeir Tryggvason sag\u00f0i a\u00f0 svona tiil\u00f6gur hef\u00f0u komi\u00f0 fram \u00e1\u00f0ur og hann v\u00e6ri l\u00edkt og \u00e1\u00f0ur andv\u00edgur \u00feeim. \u00dea\u00f0 v\u00e6ri illm\u00f6gulegt a\u00f0 draga upph\u00e6\u00f0 af styrknum \u00fear sem hann v\u00e6ri \u00e6tla\u00f0ur til a\u00f0 styrkja listastarfsemi og \u00fev\u00ed v\u00e6ntanlega ekki vel s\u00e9\u00f0 af stj\u00f3rnv\u00f6ldum a\u00f0 \u00fea\u00f0 yr\u00f0i nota\u00f0 til a\u00f0 sekta f\u00e9l\u00f6gin auk \u00feess sem \u00fea\u00f0 yr\u00f0i fl\u00f3ki\u00f0 \u00ed framkv\u00e6md. Hina till\u00f6guna taldi hann \u00e1hugaver\u00f0ari en h\u00fan v\u00e6ri samt \u00ed raun dulin h\u00e6kkun \u00e1 \u00e1rgjaldi.<\/p>\n<p>F. Elli Hafli\u00f0ason sag\u00f0ist vera andv\u00edgur \u00feessum till\u00f6gum, hann sag\u00f0i margar \u00e1st\u00e6\u00f0ur fyrir f\u00e9l\u00f6g sendu ekki fulltr\u00faa og sumar v\u00e6ru mj\u00f6g g\u00f3\u00f0ar og gildar.<\/p>\n<p>Ing\u00f3lfur \u00de\u00f3rsson sag\u00f0ist samm\u00e1la s\u00ed\u00f0ustu r\u00e6\u00f0um\u00f6nnum, \u00fe\u00f3tt vissulega v\u00e6ri gaman a\u00f0 sj\u00e1 fleiri f\u00e9l\u00f6g \u00fe\u00e1 v\u00e6ri ekki \u00e1st\u00e6\u00f0a til a\u00f0 skattleggja \u00feau f\u00e9l\u00f6g sem ekki vildu m\u00e6ta.<\/p>\n<p>Halld\u00f3r Sigurgeirsson sag\u00f0ist hafa hringt \u00ed fj\u00f6lm\u00f6rg f\u00e9l\u00f6g \u00feegar hann var a\u00f0 reyna safna f\u00f3lki \u00ed r\u00fatu til a\u00f0 koma \u00e1 \u00feingi\u00f0 og hafa or\u00f0i\u00f0 mj\u00f6g hissa \u00e1 \u00e1hugaleysi f\u00e9laganna. Ekkert benti \u00fe\u00f3 til annars en \u00feau v\u00e6ru hin \u00e1n\u00e6g\u00f0ustu me\u00f0 frammist\u00f6\u00f0u Bandalagsins.<\/p>\n<p>Vilborg Valgar\u00f0sd\u00f3ttir rifja\u00f0i upp a\u00f0 til er kerfi sem kalla\u00f0 er f\u00f3sturf\u00e9lagakerfi\u00f0 en \u00fear er f\u00e9l\u00f6gunum skipt \u00e1 milli stj\u00f3rnarmanna sem eru s\u00ed\u00f0an tengili\u00f0ir vi\u00f0 \u00feau f\u00e9l\u00f6g sem \u00feeim er\u00a0 \u00fathluta\u00f0. \u00deetta s\u00e9 tilvali\u00f0 a\u00f0 n\u00fdta, ekki s\u00edst n\u00fa \u00feegar framundan er n\u00e1mskei\u00f0 \u00ed stj\u00f3rnun leikf\u00e9laga.<\/p>\n<p><span style=\"text-decoration: underline;\">\u00d6rn Alexandersson lag\u00f0i til a\u00f0 till\u00f6gu Gu\u00f0r\u00fanar S\u00f3leyjar yr\u00f0i v\u00edsa\u00f0 til stj\u00f3rnar en tillaga h\u00f3ps 4 felld.<\/span><\/p>\n<p><em>Tillaga h\u00f3ps 4 felld me\u00f0 \u00f6llum greiddum atkv\u00e6\u00f0um<\/em><\/p>\n<p><em>Tillaga Arnar Alexanderssonar um a\u00f0 breytingartill\u00f6gu Gu\u00f0r\u00fanar S\u00f3leyjar ver\u00f0i v\u00edsa\u00f0 til stj\u00f3rnar, sam\u00feykkt.<\/em><\/p>\n<p><em><strong>13. \u00a0\u00a0 \u00a0Starfs\u00e1\u00e6tlun afgreidd.<\/strong><\/em><\/p>\n<p><em>Tillaga stj\u00f3rnar sam\u00feykkt einr\u00f3ma.<\/em><\/p>\n<p>Starfs\u00e1\u00e6tlun Bandalagsins er \u00fev\u00ed svona:<\/p>\n<p style=\"text-align: center;\"><strong>Starfs\u00e1\u00e6tlun Bandalags \u00edslenskra leikf\u00e9laga leik\u00e1ri\u00f0 2012-2013<\/strong><\/p>\n<p><em>Almenn starfsemi<\/em><\/p>\n<p>1. Rekstur \u00fej\u00f3nustumi\u00f0st\u00f6\u00f0var, Leiklistarsk\u00f3la, Leiklistarvefsins og annarra fastra li\u00f0a \u00ed starfseminni.<\/p>\n<p>2. Leita eftir h\u00e6kku\u00f0um framl\u00f6gum \u00far opinberum sj\u00f3\u00f0um og fr\u00e1 einkaa\u00f0ilum til starfsemi \u00e1hugaleikf\u00e9laganna og sameiginlegra verkefna.<\/p>\n<p>3. Halda \u00e1fram samstarfi vi\u00f0 \u00dej\u00f3\u00f0leikh\u00fasi\u00f0 me\u00f0 Athyglisver\u00f0ustu \u00e1hugaleiks\u00fdningu \u00e1rsins.<\/p>\n<p><em>S\u00e9rverkefni \u00e1rsins<\/em><\/p>\n<p>1. Halda n\u00e1mskei\u00f0 \u00ed marka\u00f0ssetningu og stj\u00f3rnun leikf\u00e9laga hausti\u00f0 2012.<\/p>\n<p>2. Halda ein\u00fe\u00e1ttungah\u00e1t\u00ed\u00f0 \u00ed tengslum vi\u00f0 a\u00f0alfund 2013.<\/p>\n<p><em><strong>14. \u00a0\u00a0 \u00a0Kj\u00f6rnefnd tilkynnir ni\u00f0urst\u00f6\u00f0ur s\u00ednar og m\u00e6lir me\u00f0 a.m.k. 1 a\u00f0ila \u00ed hvert s\u00e6ti sem kj\u00f3sa skal \u00ed.<\/strong><\/em><\/p>\n<p>Kj\u00f6rnefnd ger\u00f0i grein fyrir st\u00f6\u00f0u frambo\u00f0sm\u00e1la.<\/p>\n<p><em><strong>15.\u00a0\u00a0\u00a0\u00a0\u00a0 Stj\u00f3rnarkj\u00f6r<\/strong><\/em><\/p>\n<p>\u00cd frambo\u00f0i til a\u00f0alstj\u00f3rnar voru: Gu\u00f0finna Gunnarsd\u00f3ttir, Halld\u00f3r Sigurgeirsson, \u00c1sa Hildur Gu\u00f0j\u00f3nsd\u00f3ttir, \u00der\u00e1inn Sigvaldason og \u00d6rn Alexandersson. <em>Kosningu hlutu Gu\u00f0finna Gunnarsd\u00f3ttir, Halld\u00f3r Sigurgeirsson og \u00der\u00e1inn Sigvaldason.<\/em><\/p>\n<p>\u00cd frambo\u00f0i til varastj\u00f3rnar voru Bernhar\u00f0 Arnarson, Ylfa Mist Helgad\u00f3ttir og \u00c1sa Hildur Gu\u00f0j\u00f3nsd\u00f3ttir. <em>Kosningu hlutu Bernhar\u00f0 Arnarson og Ylfa Mist Helgad\u00f3ttir<\/em><\/p>\n<p><em><strong>16. \u00a0\u00a0 \u00a0a. Kosning 3ja manna kj\u00f6rnefndar og eins varamanns til eins \u00e1rs.<\/strong><\/em><\/p>\n<p>Stj\u00f3rn lag\u00f0i til a\u00f0 kj\u00f6rnefnd yr\u00f0i \u00f3breytt, D\u00fdrleif J\u00f3nsd\u00f3ttir, Sigr\u00ed\u00f0ur L\u00e1ra Sigurj\u00f3nsd\u00f3ttir og Ger\u00f0ur Halld\u00f3ra Sigur\u00f0ard\u00f3ttir, Gunnhildur Sigur\u00f0ard\u00f3ttir til vara.<\/p>\n<p><em>Sam\u00feykkt einr\u00f3ma.<\/em><\/p>\n<p><em><strong>16.\u00a0\u00a0 \u00a0b. Kosning 2ja sko\u00f0unarmanna reikninga og eins til vara til eins \u00e1rs.<\/strong><\/em><\/p>\n<p>Sko\u00f0anamenn reikinga g\u00e1fu allir kost \u00e1 s\u00e9r til \u00e1framhaldandi starfa, \u00fe\u00e6r Anna J\u00f3runn Stef\u00e1nsd\u00f3ttir og Hrefna Fri\u00f0riksd\u00f3ttir sem a\u00f0almenn og J\u00fal\u00eda Hannam til vara.<\/p>\n<p><em>Sam\u00feykkt einr\u00f3ma.<\/em><\/p>\n<p><em><strong>17. \u00a0\u00a0 \u00a0\u00c1kve\u00f0i\u00f0 \u00e1rgjald til Bandalagsins.<\/strong><\/em><\/p>\n<p><span style=\"text-decoration: underline;\">Halld\u00f3r Sigurgeirsson kynnti till\u00f6gu stj\u00f3rnar:<\/span><\/p>\n<p style=\"text-align: center;\"><strong>Tillaga stj\u00f3rnar a\u00f0 \u00e1rgjaldi 2012-2013:<\/strong><\/p>\n<p><em>Stj\u00f3rn Bandalags \u00edslenskra leikf\u00e9laga leggur til a\u00f0 \u00e1rgj\u00f6ld a\u00f0ildarf\u00e9laga fyrir leik\u00e1ri\u00f0 2012-2013 ver\u00f0i kr. 60.000.<\/em><\/p>\n<p><em>F\u00e9l\u00f6g sem setja upp tv\u00e6r styrkh\u00e6far s\u00fdningar \u00e1 leik\u00e1rinu borgi eitt og h\u00e1lft gjald e\u00f0a 90.000 og f\u00e9l\u00f6g sem setja upp \u00ferj\u00e1r s\u00fdningar e\u00f0a fleiri borgi tv\u00f6falt gjald e\u00f0a kr. 120.000.<\/em><\/p>\n<p><em>F\u00e9l\u00f6g sem setja ekki upp styrkh\u00e6fa s\u00fdningu \u00e1 leik\u00e1rinu borgi h\u00e1lft \u00e1rgjald e\u00f0a kr. 30.000.<\/em><\/p>\n<p>D\u00fdrleif J\u00f3nsd\u00f3ttir spur\u00f0i af hverju bo\u00f0i\u00f0 s\u00e9 upp \u00e1 a\u00f0 vera a\u00f0 h\u00e1lfu leyti \u00ed Bandalaginu. S\u00e9r findist a\u00f0 \u00f6ll f\u00e9l\u00f6g \u00e6ttu a\u00f0 grei\u00f0a fullt gjald \u00ed grunninn.<\/p>\n<p>F. Elli Hafli\u00f0ason sag\u00f0i \u00fea\u00f0 g\u00e6ti fari\u00f0 illa me\u00f0 \u00feau f\u00e9l\u00f6g fj\u00e1rhagslega sem setja \u00f3reglulega upp s\u00fdningar a\u00f0 \u00feurfa alltaf a\u00f0 grei\u00f0a fullt \u00e1rgjald.<\/p>\n<p>Ing\u00f3lfur \u00de\u00f3rsson sag\u00f0ist telja a\u00f0 Bandalagi\u00f0 v\u00e6ri \u00e1 rangri braut me\u00f0 h\u00e6kkun \u00e1rgjalds og l\u00fdsti sig andv\u00edgan h\u00e6kkunninni. Hann sag\u00f0i stutt s\u00ed\u00f0an \u00e1rgjaldi\u00f0 var s\u00ed\u00f0ast h\u00e6kka\u00f0 og spur\u00f0i hvar \u00fea\u00f0 mundi enda ef \u00e1l\u00f6gur \u00e1 leikf\u00e9l\u00f6gin v\u00e6ru h\u00e6kku\u00f0 \u00ed hvert skipti sem illa \u00e1ra\u00f0i.<\/p>\n<p>Gu\u00f0finna Gunnarsd\u00f3ttir sag\u00f0i a\u00f0 stj\u00f3rn liti \u00e1 \u00fea\u00f0 sem skyldu s\u00edna a\u00f0 koma me\u00f0 till\u00f6gur til a\u00f0 stoppa \u00ed fj\u00e1rlagagati\u00f0 og hef\u00f0i ekki m\u00f6rg \u00farr\u00e6\u00f0i en \u00feetta v\u00e6ri eitt \u00feeirra.<\/p>\n<p>\u00d6rn Alexandersson spur\u00f0i hva\u00f0 \u00feessi h\u00e6kkun mundi \u00fe\u00fd\u00f0a \u00ed kr\u00f3num tali\u00f0.<\/p>\n<p>Fundarmenn reiknu\u00f0u \u00fat a\u00f0 \u00fea\u00f0 v\u00e6ri gr\u00f3flega \u00e1\u00e6tla\u00f0 \u00ed kringum 800.000 kr.<\/p>\n<p>Ylfa Mist Helgad\u00f3ttir fullyrti a\u00f0 \u00feetta v\u00e6ri ekki mikil h\u00e6kkun mi\u00f0a vi\u00f0 ver\u00f0lags\u00fer\u00f3un \u00ed landinu. H\u00fan l\u00fdsti yfir stu\u00f0ningi vi\u00f0 till\u00f6gu stj\u00f3rnar.<\/p>\n<p>Halld\u00f3r Sigurgeirsson sag\u00f0i a\u00f0 Bandalagi\u00f0 v\u00e6ri eign leikf\u00e9laganna og \u00feau hlytu a\u00f0 \u00feurfa bera \u00feann kostna\u00f0 sem hlytist af rekstri \u00feess.<\/p>\n<p>F. Elli Hafli\u00f0ason sag\u00f0i a\u00f0 hann teldi a\u00f0 eins og sta\u00f0an v\u00e6ri \u00ed dag v\u00e6ri \u00f3umfl\u00fdjanlegt a\u00f0 h\u00e6kka \u00e1rgjaldi\u00f0.<\/p>\n<p>\u00deorgeir Tryggvason sag\u00f0i a\u00f0 s\u00fa sta\u00f0a g\u00e6ti alveg komi\u00f0 upp a\u00f0 ekki v\u00e6ri h\u00e6gt a\u00f0 halda uppi \u00f3breyttu \u00fej\u00f3nustustigi. Hann lagi\u00f0 til a\u00f0 menn sam\u00feykktu \u00feessar till\u00f6gur og s\u00ed\u00f0an yr\u00f0i fari\u00f0 \u00ed leita annarra lei\u00f0a til a\u00f0 fj\u00e1rmagna rekstur Bandalagsins. Hann sag\u00f0i a\u00f0 \u00fe\u00f3tt vissulega eigi leikf\u00e9l\u00f6gin Bandalagi\u00f0, s\u00e9 rekstur \u00feeirra sj\u00e1lfara mikilv\u00e6gari en rekstur Bandalagsins.<\/p>\n<p><em>Tillaga stj\u00f3rnar borin og sam\u00feykkt.<\/em><\/p>\n<p><em><strong>18. \u00a0\u00a0 \u00a0\u00d6nnur m\u00e1l<\/strong><\/em><\/p>\n<p>Vilborg Valgar\u00f0sd\u00f3ttir greindi fr\u00e1 \u00fev\u00ed a\u00f0 fr\u00e1 1. j\u00fan\u00ed h\u00e6kki h\u00f6fundagrei\u00f0slur skv. samningi vi\u00f0 F\u00e9lag leiksk\u00e1lda og handritsh\u00f6funda upp \u00ed 10.094 kr. fyrir verk sem tekur 90 m\u00edn\u00fatur e\u00f0a meira \u00ed s\u00fdningu. Sem fyrr ver\u00f0ur l\u00e1gmarksgrei\u00f0sla mi\u00f0u\u00f0 vi\u00f0 8 s\u00fdningar og l\u00e1gmarksgrei\u00f0sla \u00fev\u00ed 80.752 kr. per uppsetningu. Grei\u00f0slur fyrir styttri verk og \u00fe\u00fd\u00f0ingar h\u00e6kka \u00ed samr\u00e6mi vi\u00f0 \u00feetta. H\u00e6kkun \u00feessi tekur gildi 1. j\u00fan\u00ed nk.<\/p>\n<p><span style=\"text-decoration: underline;\">\u00deorgeir Tryggvason lag\u00f0i tv\u00e6r \u00e1lyktanir fyrir fundinn. S\u00fa fyrri er \u00e6tlu\u00f0 fj\u00f6lmi\u00f0lum og er henni beint til yfirvalda:<\/span><\/p>\n<p style=\"text-align: center;\"><strong>A\u00f0alfundur Bandalags \u00edslenskra leikf\u00e9laga, <\/strong><br \/>\n<strong>haldinn \u00ed Edinborgarh\u00fasinu \u00e1 \u00cdsafir\u00f0i 5.-6. ma\u00ed 2012 \u00e1lyktar:<\/strong><\/p>\n<p style=\"text-align: justify;\">Starf \u00e1hugaf\u00f3lks a\u00f0 listsk\u00f6pun er mikilv\u00e6gur \u00fe\u00e1ttur \u00ed \u00f6llum heilbrig\u00f0um samf\u00e9l\u00f6gum. \u00dea\u00f0 \u00e1 ekki s\u00edst vi\u00f0 um listgreinar \u00fear sem h\u00f3par f\u00f3lks vinna a\u00f0 sameiginlegri ranns\u00f3kn og tj\u00e1ningu \u00e1 mannl\u00edfinu, listgreinar \u00e1 bor\u00f0 vi\u00f0 leikh\u00fasi\u00f0.<\/p>\n<p>\u00dea\u00f0 er almennt vi\u00f0urkennt a\u00f0 \u00edslenskt \u00e1hugaleikh\u00fas er mi\u00f0l\u00e6gt \u00ed \u00edslenskri leiklist og \u00edslenskri menningu. St\u00f3r hluti \u00cdslendinga \u00e1 s\u00edna fyrstu snertingu vi\u00f0 t\u00f6fra leikh\u00fassins me\u00f0al \u00e1hugamanna, hvort heldur er sem \u00e1horfendur e\u00f0a \u00fe\u00e1tttakendur.<\/p>\n<p>Me\u00f0 \u00fe\u00e1ttt\u00f6ku \u00ed starfi \u00e1hugaleikf\u00e9laga eflist f\u00f3lk \u00ed skilningi \u00e1 samf\u00e9lagi s\u00ednu. Samskiptah\u00e6fni skerpist, h\u00e6fileikinn til a\u00f0 setja sig \u00ed spor annarra \u00feroskast. \u00cd leikh\u00fasi \u00e1hugamanna starfar f\u00f3lk hli\u00f0 vi\u00f0 hli\u00f0 a\u00f0 sameiginlegu marki, einstaklingar me\u00f0 \u00f3l\u00edkan bakgrunn, \u00ed mismunandi a\u00f0st\u00e6\u00f0um og \u00far \u00f6llum starfsst\u00e9ttum. Sl\u00edk samvinna er \u00f3endanlega d\u00fdrm\u00e6t, ekki s\u00edst vi\u00f0 a\u00f0st\u00e6\u00f0ur eins og r\u00edkja n\u00fana \u00e1 \u00cdslandi.<\/p>\n<p>A\u00f0alfundur Bandalags \u00edslenskra leikf\u00e9laga, haldinn \u00e1 \u00cdsafir\u00f0i 5.-6. ma\u00ed 2012, hvetur stj\u00f3rnv\u00f6ld til a\u00f0 standa v\u00f6r\u00f0 um listsk\u00f6pun \u00e1hugamanna og \u00e1hugaleikh\u00fasi\u00f0 s\u00e9rstaklega. Sker\u00f0ingar \u00e1 fj\u00e1rstu\u00f0ningi undanfarin \u00e1r draga m\u00e1tt \u00far hreyfingunni og r\u00fdra m\u00f6guleika \u00e1hugaleikh\u00fassins til a\u00f0 eflast og \u00feroskast.<\/p>\n<p>Fj\u00e1rveitingar til starfseminnar vega ekki \u00feungt fyrir r\u00edkissj\u00f3\u00f0 en skipta sk\u00f6pum fyrir \u00feetta mikilv\u00e6ga grasr\u00f3tarstarf sem hefur svo margt d\u00fdrm\u00e6tt til m\u00e1lanna a\u00f0 leggja.<\/p>\n<p><span style=\"text-decoration: underline;\">S\u00fa seinni er \u00e6tlu\u00f0 a\u00f0ildarf\u00e9l\u00f6gum Bandalagsins:<\/span><\/p>\n<p>A\u00f0alfundur Bandalags \u00cdslenskra leikf\u00e9laga haldinn \u00ed Edinborgarh\u00fasinu \u00e1 \u00cdsafir\u00f0i 5.-6. ma\u00ed 2012 beinir \u00feeim skilabo\u00f0um til \u00feeirra a\u00f0ildarf\u00e9laga Bandalagsins sem ekki senda fulltr\u00faa \u00e1 Bandalags\u00feing a\u00f0 sko\u00f0a sinn hug og b\u00e6ta \u00far \u00fe\u00e1ttt\u00f6kuleysinu \u00e1 n\u00e6sta \u00feingi.<\/p>\n<p>Bandalags\u00feing og a\u00f0alfundir \u00e1hugaleikh\u00fashreyfingarinnar eru l\u00edflegar og skemmtilegar samkomur \u00fear sem \u00e1hugaleikh\u00fasf\u00f3lk allssta\u00f0ar a\u00f0 af landinu hittist og fjallar um s\u00edn hug\u00f0arefni og hagsmunam\u00e1l. \u00dear gefst t\u00e6kif\u00e6ri til a\u00f0 hafa \u00e1hrif \u00e1 stefnu og verkefni samtakanna, n\u00fdta sinn l\u00fd\u00f0r\u00e6\u00f0islega r\u00e9tt og axla s\u00ednar l\u00fd\u00f0r\u00e6\u00f0islegu skyldur.<\/p>\n<p>A\u00f0alfundarfulltr\u00faar 2012 hlakka til a\u00f0 sj\u00e1 fulltr\u00faa mun fleiri leikf\u00e9laga \u00e1 n\u00e6sta Bandalags\u00feingi, \u00fear sem auk fundar og samveru ver\u00f0ur bo\u00f0i\u00f0 upp \u00e1 gl\u00e6silega ein\u00fe\u00e1ttungah\u00e1t\u00ed\u00f0. Sj\u00e1umst \u00fear.<\/p>\n<p><em>B\u00e1\u00f0ar \u00e1lyktanir sam\u00feykktar einr\u00f3ma.<\/em><\/p>\n<p>Ger\u00f0ur Sigur\u00f0ard\u00f3ttir spur\u00f0i hvort Vilborg hef\u00f0i einhverjar uppl\u00fdsingar um hva\u00f0a leikf\u00e9l\u00f6g hef\u00f0u aldrei samband vi\u00f0 \u00fej\u00f3nustumi\u00f0st\u00f6ina.<\/p>\n<p>Vilborg Valgar\u00f0sd\u00f3ttir sag\u00f0ist ekki hafa neinar n\u00e1kv\u00e6mar t\u00f6lur um \u00fea\u00f0 en hennar tilfinning v\u00e6ri a\u00f0 n\u00e1nast \u00f6ll a\u00f0ildarf\u00e9l\u00f6g hef\u00f0u samskipti vi\u00f0 \u00fej\u00f3nustumi\u00f0st\u00f6\u00f0ina. \u00dea\u00f0 v\u00e6ri misjafnt hva\u00f0 erindi \u00feau \u00e6ttu en meira a\u00f0 segja leikf\u00e9l\u00f6g sem hef\u00f0u ekki sett upp s\u00fdningar \u00e1rum saman hef\u00f0u anna\u00f0 slagi\u00f0 samband.<\/p>\n<p>Anna Helga Gu\u00f0mundsd\u00f3ttir spur\u00f0i hvort \u00e1st\u00e6\u00f0a v\u00e6ri til a\u00f0 h\u00e6kka \u00e1lag \u00e1 f\u00f6r\u00f0unarv\u00f6rur.<\/p>\n<p>Embla Gu\u00f0mundsd\u00f3ttir kom me\u00f0 samantekt \u00e1 leikh\u00fasa\u00f0s\u00f3kn \u00ed Borgarbygg\u00f0. U.\u00fe.b. 3\/4 hlutar \u00edb\u00faa Borgarbygg\u00f0ar s\u00f3ttu s\u00fdningar Bandalags-leikf\u00e9laganna fj\u00f6gurra \u00ed sveitarf\u00e9laginu. \u00deess utan v\u00e6ru leiks\u00fdningar \u00ed \u00f6llum grunnsk\u00f3lum og \u00ed menntask\u00f3la sveitarf\u00e9lagsins.<\/p>\n<p>Gu\u00f0finna Gunnarsd\u00f3ttir benti \u00e1 a\u00f0 leiklist dafna\u00f0i \u00ed landinu \u00fer\u00e1tt fyrir peningaleysi og barl\u00f3m.<\/p>\n<p>\u00d6rn Alexandersson l\u00fdsti yfir \u00e1n\u00e6gju me\u00f0 uppl\u00fdsingarnar fr\u00e1 Emblu og velti fyrr s\u00e9r hvort \u00e1st\u00e6\u00f0a v\u00e6ri til a\u00f0 taka samb\u00e6rilegar uppl\u00fdsingar saman yfir allt landi\u00f0.<\/p>\n<p>Sigr\u00ed\u00f0ur L\u00e1ra Sigurj\u00f3nsd\u00f3ttir sag\u00f0ist telja a\u00f0 h\u00e6gt v\u00e6ri a\u00f0 n\u00e1gast \u00feessar uppl\u00fdsingar hj\u00e1 Hagstofunni.<\/p>\n<p>\u00der\u00f6stur \u00d3lafsson \u00feakka\u00f0i fyrir h\u00f6nd Litla leikkl\u00fabbsins fyrir g\u00f3\u00f0an fund.<\/p>\n<p><em><strong>19. \u00a0\u00a0 \u00a0N\u00e6sti a\u00f0alfundur, hugmyndir reifa\u00f0ar um sta\u00f0 og stund.<\/strong><\/em><\/p>\n<p>Embla Gu\u00f0mundsd\u00f3ttir bau\u00f0 fyrir h\u00f6nd Umf. Reykd\u00e6la a\u00f0 \u00fea\u00f0 h\u00e9ldi a\u00f0alfund a\u00f0 \u00e1ri \u00ed Reykholtsdalnum og stuttverkah\u00e1t\u00ed\u00f0 \u00ed Logalandi.<\/p>\n<p>\u00deorgeir \u00feakka\u00f0 fundargestum fyrir hugmyndar\u00edkan, skeleggan og gagnlegan fund, \u00cdsfir\u00f0ingum fyrir g\u00f3\u00f0an a\u00f0b\u00fana\u00f0 og sleit \u00fev\u00ed n\u00e6st fundinum.<\/p>\n<p style=\"text-align: right;\"><em>Fundarger\u00f0 rita\u00f0i \u00c1rmann Gu\u00f0mundsson<\/em><\/p>","protected":false},"excerpt":{"rendered":"<p>A\u00f0alfundur Bandalags \u00edslenskra leikf\u00e9laga haldinn \u00ed Edinborgarh\u00fasinu \u00e1 \u00cdsafir\u00f0i 5.\u20136. ma\u00ed 2012 &nbsp; 1. \u00a0\u00a0 \u00a0Fundarsetning. Kosning 2ja og 2ja fundarritara, sem taka \u00feegar til starfa. L\u00f6gm\u00e6ti fundarins kanna\u00f0. \u00deorgeir Tryggvason, forma\u00f0ur Bandalagsins, setti fundinn og stakk upp \u00e1 Sveinbirni Bj\u00f6rnssyni og Sturlu P\u00e1li Sturlusyni fr\u00e1 Litla leikkl\u00fabbnum sem fundarstj\u00f3rum og \u00c1rmanni Gu\u00f0mundssyni, ritara skrifstofu, [&hellip;]<\/p>\n","protected":false},"author":3,"featured_media":0,"comment_status":"open","ping_status":"open","sticky":false,"template":"","format":"standard","meta":{"_et_pb_use_builder":"","_et_pb_old_content":"","_et_gb_content_width":"","footnotes":""},"categories":[206,202],"tags":[],"class_list":["post-3804","post","type-post","status-publish","format-standard","hentry","category-adalfundargerdir","category-bandalagi","et-doesnt-have-format-content","et_post_format-et-post-format-standard"],"_links":{"self":[{"href":"https:\/\/leiklist.is\/en\/wp-json\/wp\/v2\/posts\/3804","targetHints":{"allow":["GET"]}}],"collection":[{"href":"https:\/\/leiklist.is\/en\/wp-json\/wp\/v2\/posts"}],"about":[{"href":"https:\/\/leiklist.is\/en\/wp-json\/wp\/v2\/types\/post"}],"author":[{"embeddable":true,"href":"https:\/\/leiklist.is\/en\/wp-json\/wp\/v2\/users\/3"}],"replies":[{"embeddable":true,"href":"https:\/\/leiklist.is\/en\/wp-json\/wp\/v2\/comments?post=3804"}],"version-history":[{"count":0,"href":"https:\/\/leiklist.is\/en\/wp-json\/wp\/v2\/posts\/3804\/revisions"}],"wp:attachment":[{"href":"https:\/\/leiklist.is\/en\/wp-json\/wp\/v2\/media?parent=3804"}],"wp:term":[{"taxonomy":"category","embeddable":true,"href":"https:\/\/leiklist.is\/en\/wp-json\/wp\/v2\/categories?post=3804"},{"taxonomy":"post_tag","embeddable":true,"href":"https:\/\/leiklist.is\/en\/wp-json\/wp\/v2\/tags?post=3804"}],"curies":[{"name":"wp","href":"https:\/\/api.w.org\/{rel}","templated":true}]}}